{"id":714345,"date":"2026-08-16T12:21:17","date_gmt":"2026-08-16T12:21:17","guid":{"rendered":"https:\/\/www.europesays.com\/es\/714345\/"},"modified":"2026-08-16T12:21:17","modified_gmt":"2026-08-16T12:21:17","slug":"el-incendio-de-penas-de-riglos-afronta-las-horas-de-mayor-calor-con-un-cambio-de-viento-que-puede-complicar-su-evolucion","status":"publish","type":"post","link":"https:\/\/www.europesays.com\/es\/714345\/","title":{"rendered":"El incendio de Pe\u00f1as de Riglos afronta las horas de mayor calor con un cambio de viento que puede complicar su evoluci\u00f3n"},"content":{"rendered":"<p class=\"article-text\">\n        El incendio de Pe\u00f1as de Riglos sigue activo y afronta este domingo las horas centrales del d\u00eda, las m\u00e1s delicadas por el aumento de las temperaturas, la bajada de la humedad y la previsi\u00f3n de cambios de viento que pueden complicar su evoluci\u00f3n. El director de extinci\u00f3n, Francho Aso, ha advertido de que en el frente noroeste \u201cno descartamos ning\u00fan escenario\u201d y ha se\u00f1alado que todos los medios disponibles se est\u00e1n concentrando en ese sector.\n    <\/p>\n<p class=\"article-text\">\n        Una parte importante del per\u00edmetro presenta una buena evoluci\u00f3n y los equipos han podido trabajar adecuadamente durante las \u00faltimas horas. Sin embargo, la zona correspondiente a la cabeza del flanco derecho, que avanza hacia el noreste, es la que m\u00e1s preocupa al operativo. Aso ha explicado que precisamente ahora se entra en las horas de mayor complejidad, cuando se espera m\u00e1s calor, menor humedad y posibles cambios de viento.\n    <\/p>\n<p class=\"article-text\">\n        Las previsiones meteorol\u00f3gicas han empeorado respecto a lo esperado inicialmente. La lluvia est\u00e1 descartada y se prev\u00e9 la entrada de un viento desfavorable para la evoluci\u00f3n del incendio. El operativo est\u00e1 adaptando las maniobras a distintos escenarios para las pr\u00f3ximas 24, 48 y 72 horas ante las posibles variaciones meteorol\u00f3gicas.\n    <\/p>\n<p class=\"article-text\">\n        La evoluci\u00f3n de buena parte del per\u00edmetro contrasta con la situaci\u00f3n de la zona m\u00e1s complicada. El consejero de Interior, Roberto Berm\u00fadez de Castro, ha explicado que la noche ha sido m\u00e1s tranquila, con mayor humedad y menos viento, lo que ha permitido trabajar mejor y ha hecho que el per\u00edmetro apenas aumentara. En la parte izquierda del incendio, la que presenta una mejor evoluci\u00f3n, hay zonas que ya est\u00e1n enfriadas. En el entorno de Anz\u00e1nigo, adem\u00e1s, los equipos de extinci\u00f3n consiguieron evitar que el fuego saltara una masa forestal que amenazaba con alcanzar la carretera.\n    <\/p>\n<p class=\"article-text\">\n        La superficie provisional afectada se mantiene en 16.600 hect\u00e1reas. El Gobierno de Arag\u00f3n mantiene el operativo desplegado ante una jornada que puede volver a complicar la evoluci\u00f3n del incendio. La temperatura rondar\u00e1 los 29 o 30 grados, la humedad bajar\u00e1 por debajo del 30% y soplar\u00e1 viento de componente oeste.\n    <\/p>\n<p class=\"article-text\">\n        Por primera vez en varios d\u00edas no se ha producido inversi\u00f3n t\u00e9rmica, una circunstancia que ha permitido que los medios a\u00e9reos puedan comenzar a actuar antes de lo habitual. El Gobierno de Arag\u00f3n considera que esto puede contribuir a evitar que el incendio gane fuerza a primera hora y favorecer la efectividad de las maniobras previstas.\n    <\/p>\n<p>    42 medios a\u00e9reos y alrededor de 1.000 efectivos<\/p>\n<p class=\"article-text\">\n        El dispositivo alcanza este domingo cifras hist\u00f3ricas. En estos momentos trabajan en el incendio 42 medios a\u00e9reos y en torno a 1.000 efectivos, con recursos del Gobierno de Arag\u00f3n, la Administraci\u00f3n General del Estado, otras comunidades aut\u00f3nomas y Francia.\n    <\/p>\n<p class=\"article-text\">\n        El operativo INFOAR cuenta con dos brigadas helitransportadas con sus helic\u00f3pteros de carga media y otras cuatro brigadas helitransportadas con helic\u00f3pteros de carga ligera, adem\u00e1s del helic\u00f3ptero de coordinaci\u00f3n H0, 12 brigadas terrestres, 12 autobombas y tres bulldozer. Tambi\u00e9n forman parte del dispositivo el Puesto de Mando Avanzado, el director t\u00e9cnico de extinci\u00f3n y el personal de apoyo.\n    <\/p>\n<p class=\"article-text\">\n        El Ministerio para la Transici\u00f3n Ecol\u00f3gica aporta tres BRIF con seis helic\u00f3pteros medios, tres aviones anfibios FOCA, un avi\u00f3n de coordinaci\u00f3n, un avi\u00f3n bombardero de Plasencia, cuatro helic\u00f3pteros bombarderos ligeros, tres aviones anfibios ligeros, cuatro aviones de carga en tierra, un helic\u00f3ptero bombardero medio y un avi\u00f3n ligero.\n    <\/p>\n<p class=\"article-text\">\n        La Unidad Militar de Emergencias mantiene cuatro secciones trabajando de forma simult\u00e1nea, con 120 efectivos en primera l\u00ednea, 12 autobombas, dos nodrizas y dos bulldozer. A estos medios se suman un helic\u00f3ptero bombardero Cougar y tres bulldozer del Ej\u00e9rcito de Tierra.\n    <\/p>\n<p class=\"article-text\">\n        Francia incorpora este domingo un helic\u00f3ptero Super Puma y un centenar de efectivos, de los que los primeros 60 est\u00e1n previstos en torno a las 16:00, adem\u00e1s de seis autobombas. Tambi\u00e9n participan medios de Catalu\u00f1a, Navarra, Castilla y Le\u00f3n, Comunidad Valenciana, La Rioja, Murcia, Castilla-La Mancha y Madrid.\n    <\/p>\n<p class=\"article-text\">\n        El dispositivo se completa con los bomberos de los ayuntamientos de Huesca y Zaragoza y de las diputaciones de Huesca y Zaragoza. La DGA ha contratado adem\u00e1s cinco bulldozer y dos helic\u00f3pteros bombarderos ligeros.\n    <\/p>\n<p class=\"article-text\">\n        Aso ha destacado que el operativo es \u201cmuy contundente\u201d, pero ha advertido de que una posible evoluci\u00f3n desfavorable del incendio no depende \u00fanicamente de los medios disponibles, sino tambi\u00e9n de la meteorolog\u00eda y la orograf\u00eda. \u201cNosotros tenemos que hacer la parte humana\u201d, ha se\u00f1alado, mientras el dispositivo se prepara para los diferentes escenarios.\n    <\/p>\n<p>    19 municipios desalojados y 1.046 personas fuera de sus casas<\/p>\n<p class=\"article-text\">\n        La situaci\u00f3n de la poblaci\u00f3n evacuada no ha cambiado. Contin\u00faan desalojados 19 municipios, con 1.046 personas fuera de sus casas. Ra\u00fal Gil, t\u00e9cnico de Protecci\u00f3n Civil en el Puesto de Mando Avanzado, ha explicado que 81 personas han sido realojadas: 46 en Ayerbe y 35 en la Escuela Militar de Monta\u00f1a de Jaca.\n    <\/p>\n<p class=\"article-text\">\n        Durante este domingo se han organizado convoyes para facilitar que los vecinos de las localidades evacuadas puedan regresar de forma puntual para atender a sus animales y recoger sus necesidades b\u00e1sicas. Cada persona dispone de una ventana de una hora y los accesos se realizan acompa\u00f1ados por voluntarios de Protecci\u00f3n Civil y Guardia Civil, que controlan que todas las personas que entran vuelvan a salir de la zona.\n    <\/p>\n<p class=\"article-text\">\n        Por el momento, no hay previsi\u00f3n de retorno a sus viviendas para ninguno de los municipios evacuados. Protecci\u00f3n Civil prev\u00e9 valorar ma\u00f1ana la situaci\u00f3n de Anz\u00e1nigo y de otros municipios en funci\u00f3n de la evoluci\u00f3n del incendio.\n    <\/p>\n<p class=\"article-text\">\n        El operativo mantiene adem\u00e1s la vigilancia sobre la zona de Pe\u00f1a Oroel y pide prudencia a vecinos y voluntarios. Berm\u00fadez de Castro ha insistido en que la evoluci\u00f3n puede obligar a adoptar nuevas medidas si las condiciones cambian y ha advertido: \u201cAqu\u00ed no se puede dar por cerrado nada\u201d.\n    <\/p>\n<p>    <a href=\"https:\/\/www.eldiario.es\/aragon\/sociedad\/bomberos-forestales-aragon-dicen-combaten-fuego-limite-mantienen-huelga-18-agosto_1_13449171.html\" data-mrf-recirculation=\"saber-mas-abajo\" data-dl-event=\"saber-mas-abajo\" rel=\"nofollow noopener\" target=\"_blank\"><\/p>\n<p class=\"know-more__title\">Los bomberos forestales de Arag\u00f3n dicen que combaten el fuego \u201cal l\u00edmite\u201d y mantienen la huelga desde el 18 de agosto\n<\/p>\n<p>            <img decoding=\"async\" class=\"lazy\" loading=\"lazy\" data-src=\"https:\/\/static.eldiario.es\/clip\/ddd4ea44-bf09-42e0-9059-0ba7b93a42c3_16-9-aspect-ratio_default_0.jpg\" src=\"data:image\/svg+xml,%3Csvg xmlns=\" http:=\"\" viewbox=\"0 0 880 495\" alt=\"Los bomberos forestales de Arag\u00f3n dicen que combaten el fuego &quot;al l\u00edmite&quot; y mantienen la huelga desde el 18 de agosto\"\/><\/p>\n<p>                        <\/a><\/p>\n<p class=\"article-text\">\n        Contin\u00faan cortadas la A-132 entre Murillo de G\u00e1llego y Puente la Reina, la A-1205 entre Bernu\u00e9s y Santa Mar\u00eda de la Pe\u00f1a, la N-240 entre Santa Cilia de Jaca y Puente la Reina de Jaca, la pista asfaltada entre la N-240 y Alastuey, la A-1603 y la HUV-3001. Tambi\u00e9n permanece suspendida la circulaci\u00f3n ferroviaria convencional entre Sabi\u00f1\u00e1nigo y Ayerbe.\n    <\/p>\n","protected":false},"excerpt":{"rendered":"El incendio de Pe\u00f1as de Riglos sigue activo y afronta este domingo las horas centrales del d\u00eda, las&hellip;\n","protected":false},"author":2,"featured_media":714346,"comment_status":"","ping_status":"","sticky":false,"template":"","format":"standard","meta":{"footnotes":""},"categories":[5],"tags":[517,4499,17,18,13616,13612,13613,25,24,13,14,13617,11,1265,19,20,13615,9,10,15,16,13614,952,492,23,12731,12,21,22,491],"class_list":["post-714345","post","type-post","status-publish","format-standard","has-post-thumbnail","category-titulares","tag-actualidad","tag-aragon","tag-breaking-news","tag-breakingnews","tag-celia-soria","tag-eldiario","tag-elprismatico","tag-es","tag-espana","tag-featured-news","tag-featurednews","tag-fernando-garcia-mongay","tag-headlines","tag-huesca","tag-latest-news","tag-latestnews","tag-marimar-cabrera","tag-news","tag-noticias","tag-noticias-destacadas","tag-noticiasdestacadas","tag-oscar-f-civieta","tag-politica","tag-sociedad","tag-spain","tag-teruel","tag-titulares","tag-ultimas-noticias","tag-ultimasnoticias","tag-zaragoza"],"share_on_mastodon":{"url":"","error":"Validation failed: Text character limit of 500 exceeded"},"_links":{"self":[{"href":"https:\/\/www.europesays.com\/es\/wp-json\/wp\/v2\/posts\/714345","targetHints":{"allow":["GET"]}}],"collection":[{"href":"https:\/\/www.europesays.com\/es\/wp-json\/wp\/v2\/posts"}],"about":[{"href":"https:\/\/www.europesays.com\/es\/wp-json\/wp\/v2\/types\/post"}],"author":[{"embeddable":true,"href":"https:\/\/www.europesays.com\/es\/wp-json\/wp\/v2\/users\/2"}],"replies":[{"embeddable":true,"href":"https:\/\/www.europesays.com\/es\/wp-json\/wp\/v2\/comments?post=714345"}],"version-history":[{"count":0,"href":"https:\/\/www.europesays.com\/es\/wp-json\/wp\/v2\/posts\/714345\/revisions"}],"wp:featuredmedia":[{"embeddable":true,"href":"https:\/\/www.europesays.com\/es\/wp-json\/wp\/v2\/media\/714346"}],"wp:attachment":[{"href":"https:\/\/www.europesays.com\/es\/wp-json\/wp\/v2\/media?parent=714345"}],"wp:term":[{"taxonomy":"category","embeddable":true,"href":"https:\/\/www.europesays.com\/es\/wp-json\/wp\/v2\/categories?post=714345"},{"taxonomy":"post_tag","embeddable":true,"href":"https:\/\/www.europesays.com\/es\/wp-json\/wp\/v2\/tags?post=714345"}],"curies":[{"name":"wp","href":"https:\/\/api.w.org\/{rel}","templated":true}]}}