{"id":714473,"date":"2026-08-16T14:13:10","date_gmt":"2026-08-16T14:13:10","guid":{"rendered":"https:\/\/www.europesays.com\/es\/714473\/"},"modified":"2026-08-16T14:13:10","modified_gmt":"2026-08-16T14:13:10","slug":"una-actuacion-recuerda-manana-a-garcia-lorca-por-las-calles-de-madrid-en-el-90-aniversario-de-su-asesinato-servimedia","status":"publish","type":"post","link":"https:\/\/www.europesays.com\/es\/714473\/","title":{"rendered":"Una actuaci\u00f3n recuerda ma\u00f1ana a Garc\u00eda Lorca por las calles de Madrid en el 90 aniversario de su asesinato &#8211; Servimedia"},"content":{"rendered":"<ol>\n<li><a href=\"https:\/\/news.google.com\/rss\/articles\/CBMixgFBVV95cUxQdlBBVVI2UTZRZW1IZEpuSmVnbW91UUUyWlE4WnAtQVFCSHZkNFVoSTBTd1pQQ25VTGM1cVhwSzk2b2JGN1lmVWhOVGNXMC1USm43dFB6QjEyZFdyeUxabXdyOWRpYkQzdFBqTXozVHE5cmpvMl82NkI2NHNockp6bUp5VS1ab29jZ1hJRW5Lal9sbjFCOGp1UG1fSDgxbFdWNG92dUNTYzdEbG43VW53RFFObGxHWXh3NDZ3TFpOQ2dPX0E5a3c?oc=5\" target=\"_blank\" rel=\"nofollow noopener\">Una actuaci\u00f3n recuerda ma\u00f1ana a Garc\u00eda Lorca por las calles de Madrid en el 90 aniversario de su asesinato<\/a>&nbsp;&nbsp;Servimedia<\/li>\n<li><a href=\"https:\/\/news.google.com\/rss\/articles\/CBMiW0FVX3lxTE5UZk9ZTGlOUnhPel9ZU19PcmNhUU4wWHlwR3ZNLXV2R1pwUFl2Wmg1YzdSNUk5NXROeDFielVCMy0ta3pkVGZVd2NnSnVERURWMlA5VlJXRHNGWms?oc=5\" target=\"_blank\" rel=\"nofollow noopener\">Por qu\u00e9 no se han podido encontrar los restos de Garc\u00eda Lorca 90 a\u00f1os despu\u00e9s de su ejecuci\u00f3n en la Guerra Civil espa\u00f1ola<\/a>&nbsp;&nbsp;BBC<\/li>\n<li><a href=\"https:\/\/news.google.com\/rss\/articles\/CBMizwFBVV95cUxPT21ZYWE5OHJYZlhBVnBLR2ZfUjYtS25oWUdfNGNmQkdRUC1ZVm9ZM2xwLU9nc2IyRXRqNDJYZjNGS0J5Nmt0ak5BMGJydXppVnZpWUJRNm9qcjM4RUZwaE5FZGxpeTRiMElzbldCY1F2VXMtdFp5enR2MExINGxJNkdzcWpEWlNJMnZzeE1CSjAtUV9CdHplbDlrVzd4bHBNSTd4Q3NJYnNJQ2FNX01OQXhQMDR3R202S1ZiRV9xTUVBckdpVTRoVm1ocjVBR1XSAdQBQVVfeXFMT3NVVkNMLVl3RDU2cTRDaTJHQ2RudmR0aEt3OFJCLWF6N3NDQ0xXX3A0d1lMWS0tY09TQ2FGNUZZT08yQ1R3WXM1NnR5aHMxUk5FM3VOckw5UlFlRGM3WU9pajQ1TWNmbmZ1djZiREc2TjdrX3RQb05WcU15bllDNEFDeDQ0Q1p2WUtEU0FFbEMzOXZBQjdzQXlvT1lvUFFDaTl1R0N0NGtYMWZBNUhhVDA2bGdZZDlqYWRncnBqWGU2MjA3SmhVd3JRN1owVHNMYmFBclY?oc=5\" target=\"_blank\" rel=\"nofollow noopener\">El asesinato de Lorca vivido por Luis Rosales, el poeta falangista que se jug\u00f3 la vida para salvarlo<\/a>&nbsp;&nbsp;elespanol.com<\/li>\n<li><a href=\"https:\/\/news.google.com\/rss\/articles\/CBMi4gFBVV95cUxOeERCaXVBVlMycjM5dXFITHFVdi1nY2pYQS1PdHA2Rl9CVG1zQmtnR2dfZGF1bVd5SUxKeThuRVR1aUU1dnljVlFkSnZYci0wdmYyNThKbk80ZDltR3Nqb0gtMW1SdTBvbGNaSklTMFpQXzdHT1FsZlVDYW5KRXNyYm96RDJHNlRzdk92TkhBVGJFQWQxYld0S1JDMFdwZEtjNlF3ZmtuNXpIdjlGc2JDVlI2bG5oWXNWRDF5RmFrVWR5Y0NSQ3NmRGFjd2V6VjFJU29DS183NDhLdmpoZVhvTGVR0gHiAUFVX3lxTE1GX1JZMHp3bEpHSWtTU1BZS2pDRDNmY2RUc29ybTVVX1BmdjF2UVZpNjJlak5nVUgwVS1vQXhtazBmMjFHWTVZcjAtcFVPV2NUQlh3NlZPdVUyb1hrMWxSVjlZYjJLZmpDS3lzMExRM1QwQ1ZWaEc4R2pxekkyMzl2Wnc4MEtkUUxNSXJRUVZZLVMyZjFkeTRaUmJYVlAxYkRuRmZ3MFl3VTFFRmhsWVFISTJnTVZiNE96czJTTW5BR1lYWU9qOEpMa05mVGpaNmNGcWpNeG5zQ2p0S1JxMDZqRUE?oc=5\" target=\"_blank\" rel=\"nofollow noopener\">De los diarios in\u00e9ditos de su \u00faltimo amante a &#8216;La bola negra&#8217; de los Javis: la memoria de Lorca resurge en el 90 aniversario de su asesinato<\/a>&nbsp;&nbsp;El Peri\u00f3dico<\/li>\n<li><a href=\"https:\/\/news.google.com\/rss\/articles\/CBMiigFBVV95cUxNekF2aUNpMkNxelpKMVNkcHhzSUtPYW05NDhmZ0dFTUNIUlNnR2JlU1pPM2s0VGRYXzZNNTNwdkZzUjNaUy1zYW1RdElqby1JQkNJZkZjSll1WWxjdHJ5YlRfVWNFa09halpKNlI1aGlOaHFLZ0owaGxMaEFlWExtU0hWM3hvdjlzWUE?oc=5\" target=\"_blank\" rel=\"nofollow noopener\">16 de agosto de 1936: Detienen a Federico Garc\u00eda Lorca<\/a>&nbsp;&nbsp;Zenda<\/li>\n<\/ol>\n","protected":false},"excerpt":{"rendered":"Una actuaci\u00f3n recuerda ma\u00f1ana a Garc\u00eda Lorca por las calles de Madrid en el 90 aniversario de su&hellip;\n","protected":false},"author":2,"featured_media":714474,"comment_status":"","ping_status":"","sticky":false,"template":"","format":"standard","meta":{"footnotes":""},"categories":[91],"tags":[6848,209,146,147,25,24,3616,3618,2178,35119,205,492,23],"class_list":["post-714473","post","type-post","status-publish","format-standard","has-post-thumbnail","category-entretenimiento","tag-autonomias","tag-cultura","tag-entertainment","tag-entretenimiento","tag-es","tag-espana","tag-federico-garcia-lorca","tag-guerra-civil","tag-igualdad","tag-lgtbi","tag-madrid","tag-sociedad","tag-spain"],"share_on_mastodon":{"url":"https:\/\/pubeurope.com\/@es\/117105603849651768","error":""},"_links":{"self":[{"href":"https:\/\/www.europesays.com\/es\/wp-json\/wp\/v2\/posts\/714473","targetHints":{"allow":["GET"]}}],"collection":[{"href":"https:\/\/www.europesays.com\/es\/wp-json\/wp\/v2\/posts"}],"about":[{"href":"https:\/\/www.europesays.com\/es\/wp-json\/wp\/v2\/types\/post"}],"author":[{"embeddable":true,"href":"https:\/\/www.europesays.com\/es\/wp-json\/wp\/v2\/users\/2"}],"replies":[{"embeddable":true,"href":"https:\/\/www.europesays.com\/es\/wp-json\/wp\/v2\/comments?post=714473"}],"version-history":[{"count":0,"href":"https:\/\/www.europesays.com\/es\/wp-json\/wp\/v2\/posts\/714473\/revisions"}],"wp:featuredmedia":[{"embeddable":true,"href":"https:\/\/www.europesays.com\/es\/wp-json\/wp\/v2\/media\/714474"}],"wp:attachment":[{"href":"https:\/\/www.europesays.com\/es\/wp-json\/wp\/v2\/media?parent=714473"}],"wp:term":[{"taxonomy":"category","embeddable":true,"href":"https:\/\/www.europesays.com\/es\/wp-json\/wp\/v2\/categories?post=714473"},{"taxonomy":"post_tag","embeddable":true,"href":"https:\/\/www.europesays.com\/es\/wp-json\/wp\/v2\/tags?post=714473"}],"curies":[{"name":"wp","href":"https:\/\/api.w.org\/{rel}","templated":true}]}}