{"id":714507,"date":"2026-08-16T14:44:12","date_gmt":"2026-08-16T14:44:12","guid":{"rendered":"https:\/\/www.europesays.com\/es\/714507\/"},"modified":"2026-08-16T14:44:12","modified_gmt":"2026-08-16T14:44:12","slug":"defensa-confirma-que-cazas-f18-espanoles-han-derribado-un-dron-en-el-espacio-aereo-rumano-la-voz-de-galicia","status":"publish","type":"post","link":"https:\/\/www.europesays.com\/es\/714507\/","title":{"rendered":"Defensa confirma que cazas F18 espa\u00f1oles han derribado un dron en el espacio a\u00e9reo rumano &#8211; La Voz de Galicia"},"content":{"rendered":"<ol>\n<li><a href=\"https:\/\/news.google.com\/rss\/articles\/CBMi7gFBVV95cUxNcDc4bHFmd1Zac2x0WEJrZlNTNVBGcnBIWm1lVlRJSUg4UHI0STY2VmhJT0tQSXRxME5PZ2Y2a095TzZlRnhUNkNleTVINmwzZW95TklCbW1OamZ1WTR0WVlSYi1uSlpVNkpMc05oZi02QUxNMGI3bUE4Rnp0ZUc4aGs0eERxZjRRV282cnBSRXB0d2J2bE4wczNrR1hkM2k0OE9wdVdfbTRpTzUzYmZOS0s5QnZ5RDJ5M2xWcE51dG5PRk5nN2R4bEkzSlc5YUduVXdseGNRdjA5c3A4SDh1Nlg3UWMwYVZuelk0R1BR0gGKAkFVX3lxTE04MzlZUTZVcGVvMk5FZWlxTGxlVEdWbllaRHA4U2RzbUptVzQwdTNic3JuZWxGZ1VNeU53WEJFZDl1VnAzYnE4Y2ZCQVRIX0xUaDhEZUl5M0FDcU53VkR2cDNyQlNGZUpXQXc3MHZXNlVncU1rSXBRR1lpcVZ6bVlWN0hLdHRnWnBiYVlKdXMybmlYWVpMQ0RlMTFJeERVcVl1M2NOX1VfUkRVaWxjZFBVZlNZWnlHekozekdpdmVrSnpwWVBjUmRPVDROYS1EUmMwV2EzSVFST09WWFZBY2lYdlpQc29KZWU3SkNXWnlHSVp3X0pJbmJkTXdTQ3BHZEtuZ0NuWGRQTzln?oc=5\" target=\"_blank\" rel=\"nofollow noopener\">Defensa confirma que cazas F18 espa\u00f1oles han derribado un dron en el espacio a\u00e9reo rumano<\/a>&nbsp;&nbsp;La Voz de Galicia<\/li>\n<li><a href=\"https:\/\/news.google.com\/rss\/articles\/CBMigwFBVV95cUxNRUgtcHk0WTM0TlFhRkFDQXBwQzAyUHFKNU9kWGNPU2x6VEoxOFpXR01lTkY5bkRLTjZaQkgzNDE1emRkeWlfQWlKU2stbExqUGdxcWJCbzJZVUx1ME1HWlhHX0VMeldKd01MdzhTOVdKSm1oZklkanRYZzFYeHI1ZFdNMNIBgwFBVV95cUxOcHo2eWFPaTIwM3dSRTBFdXJVT3loV2syWDQwcTZ4MFFJZEQxNV84eXN3UlI3TXVNSkdzWkJZY3ktZTJsdE5lSnZ2cE51Z1MyQU8ybTV1TnpMc0pJZ0hHZkZtZjBKYTc5YngxdmJXeERLOG82VFFiSk5PZzR6RUVPUHg3Yw?oc=5\" target=\"_blank\" rel=\"nofollow noopener\">Dos cazas F-18 espa\u00f1oles de la OTAN derriban un dron sobre el espacio a\u00e9reo de Ruman\u00eda<\/a>&nbsp;&nbsp;El Mundo<\/li>\n<li><a href=\"https:\/\/news.google.com\/rss\/articles\/CBMivwFBVV95cUxNeXpES3FIcE9jaGJaWmdTek9OaEFwM0w5QWxqeWtTdXN1WU83ZndjVnhxLVBNUUNOUE02eDdjS0JHNHhZS1FFRU95TGNOa2xMZ0drSnhrSk9QSDJnemN0T3g3M0haN2kxQTk0NUpvS2pLZzFXX0tHQW5BY0h4bmdrOVlQaDJucU8teHFJVE04blBpaVZqaUZZa251TVBPUTEzTzNCX01UWERaUkNDSjNrSlFUSU16QmFscmk4RXA0VQ?oc=5\" target=\"_blank\" rel=\"nofollow noopener\">Un caza espa\u00f1ol de la OTAN derriba un supuesto dron ruso en el espacio a\u00e9reo de Ruman\u00eda<\/a>&nbsp;&nbsp;RTVE.es<\/li>\n<li><a href=\"https:\/\/news.google.com\/rss\/articles\/CBMioAFBVV95cUxPVDdfQ0hDREVRRnV2WHNWd0dLSjR0eUZnNXZiNHpQV3U0THJlN2RPaGUxQzhFME5UMEZGRngyVHRyLXlwSXBqemlJR2doZ0ZVWk5QUlVUcVBMb2V3dXpHRi1oaVpKbm0yS2xTbmR3UEQta3RvT2pHMmFvdGpxMHZwSmd2YXMtd25wcDlycEhqRHk2NXNMaDVBeHdyUkRiTF9k?oc=5\" target=\"_blank\" rel=\"nofollow noopener\">Un avi\u00f3n de combate espa\u00f1ol de la OTAN derriba un dron que violaba el espacio a\u00e9reo de Ruman\u00eda<\/a>&nbsp;&nbsp;El Confidencial<\/li>\n<li><a href=\"https:\/\/news.google.com\/rss\/articles\/CBMi_AFBVV95cUxOdExBVm9qZlZhZnZuZzRrMDNWSTBwdS1zazEyMTRBN3V2eXhwR1A4bFItWU9xZkZrc3NvckxkanpoRHdJR0RTU0pza01DVlo5bkw3LXBXMXFrR3ZZSDQwT3ZkRWZnMTlqNjZ3REJod3B5bzk0SG8yTHo2QUV6R01QVmV5T3RpaFF5azRWSXdoTlBiMGRWT2Rydm9tT2JnWlgtaDY5dlZ0RFB5Y2NMVEZQckZPa29BRGF1TEUzWWJkbUdlbDNoX3Y5V2lYY2Rkd3F1X3dCRnhGT3lTdFB3ZGZTMlhqSThudGlmYnMtclpGQlJfUmdCR1J5WjNLQWLSAfwBQVVfeXFMTndMbUt1Sm9GRVVxWUtsTVl5RTNpci1RUTFlUEctT0VRNTNWalV2bEZZVEFEOW02SHZ0TDYzX0N3Q2w2TE05OUJwcTdYYVdrODBxLVF1cUI5MUlFTmJBRGFlMUY1aUhGOUFZVTNNTUNpYmljOHZmRmVabE9GTnZCUDA2bWxOMkxPaGVCNjc4LVV4T0w4dzMzZFhpbU1xRC1Ob0c4cGloUlNBeWhxVDRzMndNLU56NlB1OW1sTEN1ZXpJbldkeEhIdzJKcDJjQlJUSVNJalFfaHBUYXNBRlNNOHdXVGlzVTJ3V0dPalRodlRDMjZHQlVEZUExVDNF?oc=5\" target=\"_blank\" rel=\"nofollow noopener\">Dos aviones de combate espa\u00f1oles de la OTAN derriban un dron presuntamente ruso en el espacio a\u00e9reo de Ruman\u00eda<\/a>&nbsp;&nbsp;LaSexta<\/li>\n<\/ol>\n","protected":false},"excerpt":{"rendered":"Defensa confirma que cazas F18 espa\u00f1oles han derribado un dron en el espacio a\u00e9reo rumano&nbsp;&nbsp;La Voz de Galicia&hellip;\n","protected":false},"author":2,"featured_media":714508,"comment_status":"","ping_status":"","sticky":false,"template":"","format":"standard","meta":{"footnotes":""},"categories":[42],"tags":[17,18,13,14,11,61,62,63,64,19,20,9,10,15,16,1613,12,7081,21,22,65,66,67],"class_list":["post-714507","post","type-post","status-publish","format-standard","has-post-thumbnail","category-internacional","tag-breaking-news","tag-breakingnews","tag-featured-news","tag-featurednews","tag-headlines","tag-internacional","tag-international","tag-international-news","tag-internationalnews","tag-latest-news","tag-latestnews","tag-news","tag-noticias","tag-noticias-destacadas","tag-noticiasdestacadas","tag-otan","tag-titulares","tag-ucrania","tag-ultimas-noticias","tag-ultimasnoticias","tag-world","tag-world-news","tag-worldnews"],"share_on_mastodon":{"url":"","error":""},"_links":{"self":[{"href":"https:\/\/www.europesays.com\/es\/wp-json\/wp\/v2\/posts\/714507","targetHints":{"allow":["GET"]}}],"collection":[{"href":"https:\/\/www.europesays.com\/es\/wp-json\/wp\/v2\/posts"}],"about":[{"href":"https:\/\/www.europesays.com\/es\/wp-json\/wp\/v2\/types\/post"}],"author":[{"embeddable":true,"href":"https:\/\/www.europesays.com\/es\/wp-json\/wp\/v2\/users\/2"}],"replies":[{"embeddable":true,"href":"https:\/\/www.europesays.com\/es\/wp-json\/wp\/v2\/comments?post=714507"}],"version-history":[{"count":0,"href":"https:\/\/www.europesays.com\/es\/wp-json\/wp\/v2\/posts\/714507\/revisions"}],"wp:featuredmedia":[{"embeddable":true,"href":"https:\/\/www.europesays.com\/es\/wp-json\/wp\/v2\/media\/714508"}],"wp:attachment":[{"href":"https:\/\/www.europesays.com\/es\/wp-json\/wp\/v2\/media?parent=714507"}],"wp:term":[{"taxonomy":"category","embeddable":true,"href":"https:\/\/www.europesays.com\/es\/wp-json\/wp\/v2\/categories?post=714507"},{"taxonomy":"post_tag","embeddable":true,"href":"https:\/\/www.europesays.com\/es\/wp-json\/wp\/v2\/tags?post=714507"}],"curies":[{"name":"wp","href":"https:\/\/api.w.org\/{rel}","templated":true}]}}