{"id":71451,"date":"2025-08-25T15:50:09","date_gmt":"2025-08-25T15:50:09","guid":{"rendered":"https:\/\/www.europesays.com\/es\/71451\/"},"modified":"2025-08-25T15:50:09","modified_gmt":"2025-08-25T15:50:09","slug":"entrada-solidaria-para-el-caserio-bolanos","status":"publish","type":"post","link":"https:\/\/www.europesays.com\/es\/71451\/","title":{"rendered":"Entrada solidaria para el Caser\u00edo-Bola\u00f1os"},"content":{"rendered":"<p>Caser\u00edo y Bola\u00f1os disputar\u00e1n este mi\u00e9rcoles en el Quijote Arena (20.30 horas) la final de la Copa Diputaci\u00f3n de balonmano masculino.<\/p>\n<p>Un partido que tendr\u00e1, adem\u00e1s, car\u00e1cter solidario, pues habr\u00e1 una entrada voluntaria que costar\u00e1 3 euros y toda la recaudaci\u00f3n se destinar\u00e1 \u00edntegramente a la Asociaci\u00f3n de Familias de Ni\u00f1os con C\u00e1ncer de Castilla-La Mancha (Afanion).<\/p>\n<p>Para el Caser\u00edo, ser\u00e1 su tercer partido tras ganar en dos amistosos a equipos de Liga Asobal como Puente Genil (32-30) y Guadalajara(36-26). Por su parte, el Bola\u00f1os se proclam\u00f3 campe\u00f3n del cuadrangular de Primera Nacional, tras ganar en semifinales al Herencia (25-19) y en la final al Pozuelo (20-21).<\/p>\n<p><img decoding=\"async\" loading=\"lazy\" src=\"https:\/\/www.europesays.com\/es\/wp-content\/uploads\/2025\/08\/6D8CBC88-5C0E-42A0-B7B8042473F6C94D.JPG\" alt=\"La plantilla del Bola\u00f1os, tras ganar en Pozuelo.\" border=\"0\"\/>La plantilla del Bola\u00f1os, tras ganar en Pozuelo. &#8211; Foto: BM Bola\u00f1os<\/p>\n<p><strong>TROFEO JUNTA.<\/strong> Por otro lado, ya se conocen los horarios del triangular del Trofeo Junta de Comunidades de Castilla-La Mancha que se celebra este viernes en el Quijote Arena con la participaci\u00f3n de los tres equipos de la regi\u00f3n que militar\u00e1n en Liga Asobal: Caser\u00edo, Cuenca y Guadalajara. Ser\u00e1n partidos de dos partes de 20 minutos cada uno y el primer duelo, a las 19 horas, ser\u00e1 el Cuenca-Guadalajara. A las 20.15 horas jugar\u00e1n Caser\u00edo y Guadalajara y a las 21.15 horas Caser\u00edo y Cuenca.<\/p>\n","protected":false},"excerpt":{"rendered":"Caser\u00edo y Bola\u00f1os disputar\u00e1n este mi\u00e9rcoles en el Quijote Arena (20.30 horas) la final de la Copa Diputaci\u00f3n&hellip;\n","protected":false},"author":2,"featured_media":71452,"comment_status":"","ping_status":"","sticky":false,"template":"","format":"standard","meta":{"footnotes":""},"categories":[278],"tags":[28316,376,1944,4091,168,25,24,375,1675,1950,19423,4092,14100,23,167],"class_list":{"0":"post-71451","1":"post","2":"type-post","3":"status-publish","4":"format-standard","5":"has-post-thumbnail","7":"category-balonmano","8":"tag-afanion","9":"tag-balonmano","10":"tag-balonmano-caserio","11":"tag-castilla-la-mancha","12":"tag-deportes","13":"tag-es","14":"tag-espana","15":"tag-handball","16":"tag-liga-asobal","17":"tag-municipio-de-herencia","18":"tag-pozuelo","19":"tag-quijote-arena","20":"tag-solidaridad","21":"tag-spain","22":"tag-sports"},"share_on_mastodon":{"url":"","error":""},"_links":{"self":[{"href":"https:\/\/www.europesays.com\/es\/wp-json\/wp\/v2\/posts\/71451","targetHints":{"allow":["GET"]}}],"collection":[{"href":"https:\/\/www.europesays.com\/es\/wp-json\/wp\/v2\/posts"}],"about":[{"href":"https:\/\/www.europesays.com\/es\/wp-json\/wp\/v2\/types\/post"}],"author":[{"embeddable":true,"href":"https:\/\/www.europesays.com\/es\/wp-json\/wp\/v2\/users\/2"}],"replies":[{"embeddable":true,"href":"https:\/\/www.europesays.com\/es\/wp-json\/wp\/v2\/comments?post=71451"}],"version-history":[{"count":0,"href":"https:\/\/www.europesays.com\/es\/wp-json\/wp\/v2\/posts\/71451\/revisions"}],"wp:featuredmedia":[{"embeddable":true,"href":"https:\/\/www.europesays.com\/es\/wp-json\/wp\/v2\/media\/71452"}],"wp:attachment":[{"href":"https:\/\/www.europesays.com\/es\/wp-json\/wp\/v2\/media?parent=71451"}],"wp:term":[{"taxonomy":"category","embeddable":true,"href":"https:\/\/www.europesays.com\/es\/wp-json\/wp\/v2\/categories?post=71451"},{"taxonomy":"post_tag","embeddable":true,"href":"https:\/\/www.europesays.com\/es\/wp-json\/wp\/v2\/tags?post=71451"}],"curies":[{"name":"wp","href":"https:\/\/api.w.org\/{rel}","templated":true}]}}