{"id":714691,"date":"2026-08-16T17:08:12","date_gmt":"2026-08-16T17:08:12","guid":{"rendered":"https:\/\/www.europesays.com\/es\/714691\/"},"modified":"2026-08-16T17:08:12","modified_gmt":"2026-08-16T17:08:12","slug":"dos-muertos-y-cuatro-heridos-en-un-incendio-en-la-isla-griega-de-salamina-internacional","status":"publish","type":"post","link":"https:\/\/www.europesays.com\/es\/714691\/","title":{"rendered":"Dos muertos y cuatro heridos en un incendio en la isla griega de Salamina | Internacional"},"content":{"rendered":"<p class=\"\">Un incendio declarado este domingo en la isla de Salamina (Grecia) <a href=\"https:\/\/elpais.com\/noticias\/grecia\/\" target=\"_blank\" rel=\"noreferrer nofollow noopener\" title=\"https:\/\/elpais.com\/noticias\/grecia\/\">ha causado al menos dos muertos y cuatro heridos<\/a>. Dos fuegos se expanden en paralelo y con rapidez por la isla, a escasa distancia de Atenas, seg\u00fan informa la prensa local.<\/p>\n<p class=\"\">El primer fuego se declar\u00f3 sobre las 14.45 en la zona de Peristeria, en la punta meridional de la isla, que tiene unos 15 kil\u00f3metros de di\u00e1metro y se halla separada de Atenas apenas por un brazo de mar de pocos cientos de metros de ancho. <\/p>\n<p class=\"\">Un cuarto de hora m\u00e1s tarde, otro fuego se expandi\u00f3 en la zona de Selinia, en la parte oriental de la isla, a unos ocho kil\u00f3metros de distancia de Peristeria, informa el diario Kathimerini. <\/p>\n<p class=\"\">Durante la labor de extinci\u00f3n en Peristeria, los bomberos encontraron dos cuerpos sin vida en la zona, de uso residencial y forestal mixto, donde se origin\u00f3 el fuego, acorde a un comunicado de los servicios antiincendio, citado por el diario. <\/p>\n<p class=\"\">Adem\u00e1s, los bomberos <a href=\"https:\/\/elpais.com\/internacional\/2026-08-03\/los-incendios-de-grecia-siguen-sin-control-y-se-situan-a-unos-30-kilometros-de-atenas.html\" target=\"_blank\" rel=\"noreferrer nofollow noopener\" title=\"https:\/\/elpais.com\/internacional\/2026-08-03\/los-incendios-de-grecia-siguen-sin-control-y-se-situan-a-unos-30-kilometros-de-atenas.html\">trasladaron a centros de atenci\u00f3n primaria a cuatro heridos<\/a>, cuyo estado no reviste gravedad, y se ha iniciado la evacuaci\u00f3n de los ba\u00f1istas de esta popular zona de playas. <\/p>\n<p class=\"\">Varias embarcaciones est\u00e1n disponibles para una posible evacuaci\u00f3n de los residentes por mar. <a href=\"https:\/\/elpais.com\/noticias\/bomberos\/\" target=\"_blank\" rel=\"noreferrer nofollow noopener\" title=\"https:\/\/elpais.com\/noticias\/bomberos\/\">Unos 260 bomberos trabajan<\/a> en los dos frentes con medio centenar de veh\u00edculos, asistidos por 10 aviones y ocho helic\u00f3pteros, seg\u00fan informaron las autoridades griegas. <\/p>\n<p class=\"\">Los fuertes vientos racheados dificultan la labor de extinci\u00f3n en la isla, con un terreno de boscosas colinas que superan los 300 metros de altura. <\/p>\n","protected":false},"excerpt":{"rendered":"Un incendio declarado este domingo en la isla de Salamina (Grecia) ha causado al menos dos muertos y&hellip;\n","protected":false},"author":2,"featured_media":714692,"comment_status":"","ping_status":"","sticky":false,"template":"","format":"standard","meta":{"footnotes":""},"categories":[42],"tags":[4343,17,18,13,14,2023,11,4342,8877,61,62,63,64,19,20,9,10,15,16,79425,12,21,22,65,66,67],"class_list":["post-714691","post","type-post","status-publish","format-standard","has-post-thumbnail","category-internacional","tag-bomberos","tag-breaking-news","tag-breakingnews","tag-featured-news","tag-featurednews","tag-grecia","tag-headlines","tag-incendios","tag-incendios-forestales","tag-internacional","tag-international","tag-international-news","tag-internationalnews","tag-latest-news","tag-latestnews","tag-news","tag-noticias","tag-noticias-destacadas","tag-noticiasdestacadas","tag-servicios-emergencia","tag-titulares","tag-ultimas-noticias","tag-ultimasnoticias","tag-world","tag-world-news","tag-worldnews"],"share_on_mastodon":{"url":"","error":""},"_links":{"self":[{"href":"https:\/\/www.europesays.com\/es\/wp-json\/wp\/v2\/posts\/714691","targetHints":{"allow":["GET"]}}],"collection":[{"href":"https:\/\/www.europesays.com\/es\/wp-json\/wp\/v2\/posts"}],"about":[{"href":"https:\/\/www.europesays.com\/es\/wp-json\/wp\/v2\/types\/post"}],"author":[{"embeddable":true,"href":"https:\/\/www.europesays.com\/es\/wp-json\/wp\/v2\/users\/2"}],"replies":[{"embeddable":true,"href":"https:\/\/www.europesays.com\/es\/wp-json\/wp\/v2\/comments?post=714691"}],"version-history":[{"count":0,"href":"https:\/\/www.europesays.com\/es\/wp-json\/wp\/v2\/posts\/714691\/revisions"}],"wp:featuredmedia":[{"embeddable":true,"href":"https:\/\/www.europesays.com\/es\/wp-json\/wp\/v2\/media\/714692"}],"wp:attachment":[{"href":"https:\/\/www.europesays.com\/es\/wp-json\/wp\/v2\/media?parent=714691"}],"wp:term":[{"taxonomy":"category","embeddable":true,"href":"https:\/\/www.europesays.com\/es\/wp-json\/wp\/v2\/categories?post=714691"},{"taxonomy":"post_tag","embeddable":true,"href":"https:\/\/www.europesays.com\/es\/wp-json\/wp\/v2\/tags?post=714691"}],"curies":[{"name":"wp","href":"https:\/\/api.w.org\/{rel}","templated":true}]}}