{"id":714697,"date":"2026-08-16T17:14:12","date_gmt":"2026-08-16T17:14:12","guid":{"rendered":"https:\/\/www.europesays.com\/es\/714697\/"},"modified":"2026-08-16T17:14:12","modified_gmt":"2026-08-16T17:14:12","slug":"susto-en-el-real-club-de-golf-de-la-toja-por-un-incendio-forestal","status":"publish","type":"post","link":"https:\/\/www.europesays.com\/es\/714697\/","title":{"rendered":"Susto en el Real Club de Golf de La Toja por un incendio forestal"},"content":{"rendered":"<p class=\"paragraph\" id=\"paragraph_1\"><strong>Un incendio forestal ha afectado al Real Club de Golf de La Toja<\/strong> durante la tarde de este s\u00e1bado, asustando a los usuarios que se encontraban utilizando las instalaciones en ese momento. El fuego se pudo ver en toda la isla de A Toxa y en buena parte de la r\u00eda de Arousa.<\/p>\n<p><img loading=\"lazy\" decoding=\"async\" alt=\"Comprobaci\u00f3n de medios de la Axega,\" height=\"240\" src=\"https:\/\/www.europesays.com\/es\/wp-content\/uploads\/2026\/08\/h:240&#038;h=l6b7hRpD.jpeg\" width=\"320\" data-lazy-status=\"processed\" data-lazy-info=\"remove loading item 1\"\/><\/p>\n<p class=\"paragraph\" id=\"paragraph_2\">Con todo, a pesar del susto inicial,<strong> los usuarios siguieron haciendo uso de las instalaciones<\/strong> para jugar al golf a pesar de la proximidad del fuego y la densa columna de humo que se levant\u00f3.<\/p>\n<p class=\"paragraph\" id=\"paragraph_3\">En el lugar trabajaron dos helic\u00f3pteros de extinci\u00f3n de incendios y dos aviones, adem\u00e1s de bomberos y el servicio de emergencias, <strong>que finalmente pudieron controlar el fuego.<\/strong> A \u00faltima hora de la tarde, el fuego ya se daba por controlado y <strong>no se han sufrido da\u00f1os personales ni materiales.<\/strong><\/p>\n","protected":false},"excerpt":{"rendered":"Un incendio forestal ha afectado al Real Club de Golf de La Toja durante la tarde de este&hellip;\n","protected":false},"author":2,"featured_media":714698,"comment_status":"","ping_status":"","sticky":false,"template":"","format":"standard","meta":{"footnotes":""},"categories":[275],"tags":[128056,168,25,24,816,329,4342,23517,23,167],"class_list":["post-714697","post","type-post","status-publish","format-standard","has-post-thumbnail","category-golf","tag-comarca-do-salnes","tag-deportes","tag-es","tag-espana","tag-galicia","tag-golf","tag-incendios","tag-o-salnes","tag-spain","tag-sports"],"share_on_mastodon":{"url":"https:\/\/pubeurope.com\/@es\/117106316473782441","error":""},"_links":{"self":[{"href":"https:\/\/www.europesays.com\/es\/wp-json\/wp\/v2\/posts\/714697","targetHints":{"allow":["GET"]}}],"collection":[{"href":"https:\/\/www.europesays.com\/es\/wp-json\/wp\/v2\/posts"}],"about":[{"href":"https:\/\/www.europesays.com\/es\/wp-json\/wp\/v2\/types\/post"}],"author":[{"embeddable":true,"href":"https:\/\/www.europesays.com\/es\/wp-json\/wp\/v2\/users\/2"}],"replies":[{"embeddable":true,"href":"https:\/\/www.europesays.com\/es\/wp-json\/wp\/v2\/comments?post=714697"}],"version-history":[{"count":0,"href":"https:\/\/www.europesays.com\/es\/wp-json\/wp\/v2\/posts\/714697\/revisions"}],"wp:featuredmedia":[{"embeddable":true,"href":"https:\/\/www.europesays.com\/es\/wp-json\/wp\/v2\/media\/714698"}],"wp:attachment":[{"href":"https:\/\/www.europesays.com\/es\/wp-json\/wp\/v2\/media?parent=714697"}],"wp:term":[{"taxonomy":"category","embeddable":true,"href":"https:\/\/www.europesays.com\/es\/wp-json\/wp\/v2\/categories?post=714697"},{"taxonomy":"post_tag","embeddable":true,"href":"https:\/\/www.europesays.com\/es\/wp-json\/wp\/v2\/tags?post=714697"}],"curies":[{"name":"wp","href":"https:\/\/api.w.org\/{rel}","templated":true}]}}