{"id":714861,"date":"2026-08-16T19:27:16","date_gmt":"2026-08-16T19:27:16","guid":{"rendered":"https:\/\/www.europesays.com\/es\/714861\/"},"modified":"2026-08-16T19:27:16","modified_gmt":"2026-08-16T19:27:16","slug":"lula-y-flavio-bolsonaro-se-lanzan-a-la-conquista-del-voto-femenino-en-brasil","status":"publish","type":"post","link":"https:\/\/www.europesays.com\/es\/714861\/","title":{"rendered":"Lula y Fl\u00e1vio Bolsonaro se lanzan a la conquista del voto femenino en Brasil"},"content":{"rendered":"<p>        Este contenido fue publicado en    <\/p>\n<p>        16 agosto 2026 &#8211; 19:19\n<\/p>\n<p>El presidente izquierdista de Brasil, Luiz In\u00e1cio Lula da Silva, y su rival derechista Fl\u00e1vio Bolsonaro\u00a0lanzaron este domingo sus campa\u00f1as con la vista puesta en el electorado que puede decidir unos comicios que se anuncian ajustados: las mujeres.<\/p>\n<p>Los brasile\u00f1os acudir\u00e1n a las urnas el 4 de octubre de nuevo muy polarizados y bajo la sombra del presidente estadounidense Donald Trump, que ha respaldado abiertamente a candidatos conservadores en elecciones en Latinoam\u00e9rica.<\/p>\n<p>Lula, de 80 a\u00f1os, que busca un cuarto mandato no consecutivo, se enfrenta al hijo del expresidente de extrema derecha Jair Bolsonaro, preso por golpismo.<\/p>\n<p>El izquierdista inici\u00f3 su campa\u00f1a con un mitin en la cuna de su carrera pol\u00edtica, Sao Bernardo do Campo, donde como sindicalista se dirigi\u00f3 a multitudes durante una huelga general en plena dictadura en los a\u00f1os 1970.\u00a0<\/p>\n<p>el domingo lleg\u00f3 en helic\u00f3ptero al estadio 1\u00ba de Mayo, con las gradas cubiertas por el rojo caracter\u00edstico del Partido de los Trabajadores. Unos 20.000 militantes ocupaban el recinto, dijeron los organizadores a la AFP.<\/p>\n<p>\u00abEstuve aqu\u00ed en el 79. Lula se proyect\u00f3 como l\u00edder con un discurso para el que no ten\u00eda ni micr\u00f3fono, \u00edbamos pasando lo que dec\u00eda de boca en boca hasta el \u00faltimo compa\u00f1ero\u00bb, dijo a la AFP Luiz Turco, dirigente del partido en el estado de Sao Paulo y excompa\u00f1ero de Lula en el sindicato metal\u00fargico.<\/p>\n<p>Turco llevaba un sombrero panam\u00e1 igual que el izquierdista, operado de un carcinoma en la cabeza hace unos meses.<\/p>\n<p>\u2013 \u00abSomos mayor\u00eda\u00bb \u2013<\/p>\n<p>El mandatario regres\u00f3 al poder en 2023 tras haber sido encarcelado por condenas por corrupci\u00f3n, que luego fueron anuladas.\u00a0<\/p>\n<p>En su tercer mandato, presume de un crecimiento de los programas sociales y de la ca\u00edda de la deforestaci\u00f3n en la Amazon\u00eda.\u00a0<\/p>\n<p>Pero las tensiones con Estados Unidos y los aranceles impuestos a Brasil dominan el debate.<\/p>\n<p>Lula dijo el viernes que quer\u00eda decirle a Trump, aliado de Bolsonaro padre: \u00abNo se meta en los asuntos de Brasil, especialmente en lo que respecta a las elecciones. Si se mete, va a perder\u00bb.<\/p>\n<p>Pero en Sao Bernardo do Campo, Lula se dedic\u00f3 sobre todo a conquistar a las mujeres.<\/p>\n<p>Los hombres deben \u00abaprender desde ni\u00f1o que un hombre no es mejor que una mujer. Tienen que aprender que somos iguales\u00bb, dijo.<\/p>\n<p>Dirigi\u00e9ndose a su esposo como \u00abamor\u00bb, la primera dama Ros\u00e1ngela \u00abJanja\u00bb da Silva le cant\u00f3 y abraz\u00f3 tras un discurso feminista.<\/p>\n<p>\u00abSomos mayor\u00eda y vamos a elegirte nuevamente\u00bb, prometi\u00f3 Janja.<\/p>\n<p>Las mujeres constituyen el 53% de los 158 millones de votantes de Brasil, votan m\u00e1s que los hombres y contribuyeron a lograr la estrecha victoria de Lula en 2022.<\/p>\n<p>Un sondeo de la encuestadora Quaest mostr\u00f3 el viernes que, en una probable segunda vuelta, Lula obtendr\u00eda el 43% de los votos frente al 40% de Bolsonaro.\u00a0<\/p>\n<p>\u2013 \u00abEl hijo de Pel\u00e9\u00bb \u2013<\/p>\n<p>El senador Fl\u00e1vio Bolsonaro, de 45 a\u00f1os, fue designado candidato de la derecha despu\u00e9s de que su padre fuera encarcelado por intentar un golpe de Estado contra Lula cuando perdi\u00f3 la reelecci\u00f3n en 2022.\u00a0<\/p>\n<p>Se presenta como una versi\u00f3n \u00abm\u00e1s moderada\u00bb del ultraderechista, a la vez que reivindica el legado de su padre, todav\u00eda l\u00edder indiscutible del conservadurismo brasile\u00f1o.<\/p>\n<p>\u00abMe est\u00e1n mirando y est\u00e1n recordando a alguien. S\u00e9 que me parezco a \u00e9l. Pero es dif\u00edcil comparar al hijo de Pel\u00e9 con Pel\u00e9\u00bb, dijo Fl\u00e1vio con una camiseta de la selecci\u00f3n de Brasil, como vest\u00eda a menudo su padre, en la playa de Copacabana de Rio de Janeiro.<\/p>\n<p>Unas 9.000 personas acudieron a su llamamiento, seg\u00fan la estimaci\u00f3n del Monitor do Debate Pol\u00edtico de la Universidad de Sao Paulo, una cifra menor respecto a los multitudinarios actos que sol\u00eda protagonizar Jair Bolsonaro.<\/p>\n<p>\u00abBrasil va a vencer porque yo voy a proteger a las mujeres de este Brasil. Porque abusadores, violadores de mujeres y de ni\u00f1os\u00bb, van a ir a la c\u00e1rcel y \u00absolo van a salir despu\u00e9s de hacerse la castraci\u00f3n qu\u00edmica\u00bb, prometi\u00f3.<\/p>\n<p>Fl\u00e1vio promete mano dura contra el crimen y ha elogiado el modelo del presidente Nayib Bukele en El Salvador.\u00a0<\/p>\n<p>La violencia es la principal preocupaci\u00f3n de los votantes, seg\u00fan Quaest, muy por delante de la econom\u00eda, en segundo lugar.\u00a0<\/p>\n<p>\u00abA m\u00ed me gustar\u00eda tener a Jair en las urnas. No est\u00e1 Jair, voy con Fl\u00e1vio. Tambi\u00e9n es contra Lula, es un voto de protesta\u00bb, dijo Marco Antonio da Rosa, un estudiante de derecho de 21 a\u00f1os quien echa en cara al actual mandatario la inseguridad y los altos precios.\u00a0<\/p>\n<p>fb-ffb-app\/lb<\/p>\n","protected":false},"excerpt":{"rendered":"Este contenido fue publicado en 16 agosto 2026 &#8211; 19:19 El presidente izquierdista de Brasil, Luiz In\u00e1cio Lula&hellip;\n","protected":false},"author":2,"featured_media":714862,"comment_status":"","ping_status":"","sticky":false,"template":"","format":"standard","meta":{"footnotes":""},"categories":[42],"tags":[17,18,6654,13,14,11,61,62,63,64,19,20,9,10,15,16,43356,88,90,12,21,22,65,66,67],"class_list":["post-714861","post","type-post","status-publish","format-standard","has-post-thumbnail","category-internacional","tag-breaking-news","tag-breakingnews","tag-election","tag-featured-news","tag-featurednews","tag-headlines","tag-internacional","tag-international","tag-international-news","tag-internationalnews","tag-latest-news","tag-latestnews","tag-news","tag-noticias","tag-noticias-destacadas","tag-noticiasdestacadas","tag-political-campaigns","tag-politics","tag-ticker","tag-titulares","tag-ultimas-noticias","tag-ultimasnoticias","tag-world","tag-world-news","tag-worldnews"],"share_on_mastodon":{"url":"https:\/\/pubeurope.com\/@es\/117106838844021496","error":""},"_links":{"self":[{"href":"https:\/\/www.europesays.com\/es\/wp-json\/wp\/v2\/posts\/714861","targetHints":{"allow":["GET"]}}],"collection":[{"href":"https:\/\/www.europesays.com\/es\/wp-json\/wp\/v2\/posts"}],"about":[{"href":"https:\/\/www.europesays.com\/es\/wp-json\/wp\/v2\/types\/post"}],"author":[{"embeddable":true,"href":"https:\/\/www.europesays.com\/es\/wp-json\/wp\/v2\/users\/2"}],"replies":[{"embeddable":true,"href":"https:\/\/www.europesays.com\/es\/wp-json\/wp\/v2\/comments?post=714861"}],"version-history":[{"count":0,"href":"https:\/\/www.europesays.com\/es\/wp-json\/wp\/v2\/posts\/714861\/revisions"}],"wp:featuredmedia":[{"embeddable":true,"href":"https:\/\/www.europesays.com\/es\/wp-json\/wp\/v2\/media\/714862"}],"wp:attachment":[{"href":"https:\/\/www.europesays.com\/es\/wp-json\/wp\/v2\/media?parent=714861"}],"wp:term":[{"taxonomy":"category","embeddable":true,"href":"https:\/\/www.europesays.com\/es\/wp-json\/wp\/v2\/categories?post=714861"},{"taxonomy":"post_tag","embeddable":true,"href":"https:\/\/www.europesays.com\/es\/wp-json\/wp\/v2\/tags?post=714861"}],"curies":[{"name":"wp","href":"https:\/\/api.w.org\/{rel}","templated":true}]}}