{"id":714911,"date":"2026-08-16T20:06:14","date_gmt":"2026-08-16T20:06:14","guid":{"rendered":"https:\/\/www.europesays.com\/es\/714911\/"},"modified":"2026-08-16T20:06:14","modified_gmt":"2026-08-16T20:06:14","slug":"cadena-3-acompana-a-las-infancias-con-grandes-fiestas-y-una-megatransmision-en-cordoba-y-rosario-notas-fiesta-del-dia-del-nino-2026","status":"publish","type":"post","link":"https:\/\/www.europesays.com\/es\/714911\/","title":{"rendered":"Cadena 3 acompa\u00f1a a las infancias con grandes fiestas y una megatransmisi\u00f3n en C\u00f3rdoba y Rosario &#8211; Notas &#8211; Fiesta del D\u00eda del Ni\u00f1o 2026"},"content":{"rendered":"<p>Dos ciudades, una misma celebraci\u00f3n. <b>Cadena 3<\/b> acompa\u00f1a este domingo 16 de agosto a las familias con dos grandes propuestas por el\u00a0<a href=\"https:\/\/www.cadena3.com\/pagina\/tag\/dia-del-nino\" target=\"_blank\" rel=\"nofollow noopener\">D\u00eda del Ni\u00f1o<\/a>: la tradicional fiesta en el estadio Mario Alberto Kempes, en <b>C\u00f3rdoba,<\/b> y una nueva edici\u00f3n del Festival ReDi para las Infancias, en <b>Rosario.<\/b><\/p>\n<p>M\u00fasica, juegos, regalos, espect\u00e1culos y actividades recreativas son parte de una jornada federal que re\u00fane a miles de ni\u00f1as y ni\u00f1os. En ambos encuentros hay\u00a0<b>entrada gratuita<\/b> y una destacada presencia de <b>Cadena 3.<\/b><\/p>\n<p>\u2022\tUna gran ma\u00f1ana familiar en el Kempes<\/p>\n<p>En C\u00f3rdoba, la celebraci\u00f3n <b>comenz\u00f3 a las 8<\/b> en el estadio Mario Alberto Kempes. Las familias son recibidas con el tradicional chocolate caliente y criollos, mientras que tambi\u00e9n se entregan regalos a los ni\u00f1os y ni\u00f1as presentes.<\/p>\n<p>La previa est\u00e1 a cargo de Luis Mu\u00f1oz y cuenta con m\u00fasica, DJs, payasos y un gran espect\u00e1culo con m\u00e1s de 200 bailarines.<\/p>\n<p>El <b>escenario principal <\/b>reunir\u00e1 a Band\u00edn, Pim Pau, Sim\u00f3n Aguirre, Roze, Los Caligaris, Jean Carlos, La Granja de Zen\u00f3n, K4os y \u00c1ngela Leiva. La conducci\u00f3n est\u00e1 en manos de Geo Monteagudo y \u00abColorete\u00bb Gianola.<\/p>\n<p>La fiesta es organizada conjuntamente por el Gobierno de C\u00f3rdoba y la Municipalidad de C\u00f3rdoba, con el impulso de <b>Cadena 3, La Popu, Cadena Heat y Cosqu\u00edn Rock Radio.<\/b> La entrada es libre y gratuita para toda la familia.<\/p>\n<p>La radio acompa\u00f1a el evento con una transmisi\u00f3n especial de <b>\u00abAmamos Argentina\u00bb<\/b> con Chema Forte desde el estadio.<\/p>\n<p>\/Inicio C\u00f3digo Embebido\/<\/p>\n<p>\/Fin C\u00f3digo Embebido\/<\/p>\n<p>\u2022\tCadena 3, tambi\u00e9n parte de ReDi en Rosario<\/p>\n<p>La celebraci\u00f3n contin\u00faa en Rosario, donde el Parque Urquiza recibe por primera vez al Festival ReDi para las Infancias. La propuesta se desarrolla\u00a0<b>de 10 a 18,<\/b> con una amplia agenda de juegos, talleres, deportes, experiencias vinculadas con la ciencia, la tecnolog\u00eda y la sustentabilidad, espacios para las primeras infancias y numerosas sorpresas.<\/p>\n<p>Sobre el escenario se presentan <b>Pau Pau, Sofi Gazzaniga, Marcela Morelo y Los Lirios, <\/b>con alternativas musicales pensadas para compartir entre distintas generaciones. Adem\u00e1s, vuelve a realizarse el tradicional sorteo de bicicletas.<\/p>\n<p><b>Cadena 3<\/b> acompa\u00f1a el encuentro con artistas, un m\u00f3vil de exteriores y la transmisi\u00f3n en vivo de <b>\u00abTarde y Media\u00bb,<\/b> junto a Mati Arrieta y Agos Meneghetti.<\/p>\n<p>El ingreso a ReDi tambi\u00e9n es\u00a0<b>gratuito,<\/b> aunque las personas mayores de 12 a\u00f1os deben obtener previamente una entrada sin cargo con c\u00f3digo QR a trav\u00e9s del sitio oficial de la Municipalidad de Rosario. Los menores de esa edad no necesitar\u00e1n c\u00f3digo para acceder.<\/p>\n<p>De C\u00f3rdoba a Rosario, <b>Cadena 3<\/b> vuelve a encontrarse con su audiencia fuera del estudio y cerca de las familias, en una jornada atravesada por la m\u00fasica, el juego y la alegr\u00eda de celebrar juntos a las infancias.<\/p>\n<p>\/Inicio C\u00f3digo Embebido\/<\/p>\n<p>\/Fin C\u00f3digo Embebido\/<\/p>\n<p>&#8211;<\/p>\n<p>Lectura r\u00e1pida<\/p>\n<p><strong>\u00bfQu\u00e9 celebran Cadena 3 y las familias?<\/strong> <br \/>Celebran el D\u00eda del Ni\u00f1o con eventos en C\u00f3rdoba y Rosario.<\/p>\n<p><strong>\u00bfQui\u00e9nes participan en los eventos?<\/strong> <br \/>Participan Cadena 3, artistas como Band\u00edn, Marcela Morelo, y organizaciones como el Gobierno de C\u00f3rdoba.<\/p>\n<p><strong>\u00bfCu\u00e1ndo se llevar\u00e1n a cabo las celebraciones?<\/strong> <br \/>Las celebraciones se realizar\u00e1n el domingo 16 de agosto.<\/p>\n<p><strong>\u00bfD\u00f3nde se realizar\u00e1n los eventos?<\/strong> <br \/>En el estadio Mario Alberto Kempes en C\u00f3rdoba y en el Parque Urquiza en Rosario.<\/p>\n<p><strong>\u00bfC\u00f3mo se accede a los eventos?<\/strong> <br \/>La entrada es gratuita en ambos casos, pero los mayores de 12 a\u00f1os en Rosario deben obtener una entrada sin cargo con c\u00f3digo QR.<\/p>\n","protected":false},"excerpt":{"rendered":"Dos ciudades, una misma celebraci\u00f3n. Cadena 3 acompa\u00f1a este domingo 16 de agosto a las familias con dos&hellip;\n","protected":false},"author":2,"featured_media":714912,"comment_status":"","ping_status":"","sticky":false,"template":"","format":"standard","meta":{"footnotes":""},"categories":[170],"tags":[2760,101899,146,147,25,24,2328,76036,184,185,128081,3847,23],"class_list":["post-714911","post","type-post","status-publish","format-standard","has-post-thumbnail","category-musica","tag-cordoba","tag-dia-del-nino","tag-entertainment","tag-entretenimiento","tag-es","tag-espana","tag-fiesta","tag-kempes","tag-music","tag-musica","tag-redi","tag-rosario","tag-spain"],"share_on_mastodon":{"url":"https:\/\/pubeurope.com\/@es\/117106991850570443","error":""},"_links":{"self":[{"href":"https:\/\/www.europesays.com\/es\/wp-json\/wp\/v2\/posts\/714911","targetHints":{"allow":["GET"]}}],"collection":[{"href":"https:\/\/www.europesays.com\/es\/wp-json\/wp\/v2\/posts"}],"about":[{"href":"https:\/\/www.europesays.com\/es\/wp-json\/wp\/v2\/types\/post"}],"author":[{"embeddable":true,"href":"https:\/\/www.europesays.com\/es\/wp-json\/wp\/v2\/users\/2"}],"replies":[{"embeddable":true,"href":"https:\/\/www.europesays.com\/es\/wp-json\/wp\/v2\/comments?post=714911"}],"version-history":[{"count":0,"href":"https:\/\/www.europesays.com\/es\/wp-json\/wp\/v2\/posts\/714911\/revisions"}],"wp:featuredmedia":[{"embeddable":true,"href":"https:\/\/www.europesays.com\/es\/wp-json\/wp\/v2\/media\/714912"}],"wp:attachment":[{"href":"https:\/\/www.europesays.com\/es\/wp-json\/wp\/v2\/media?parent=714911"}],"wp:term":[{"taxonomy":"category","embeddable":true,"href":"https:\/\/www.europesays.com\/es\/wp-json\/wp\/v2\/categories?post=714911"},{"taxonomy":"post_tag","embeddable":true,"href":"https:\/\/www.europesays.com\/es\/wp-json\/wp\/v2\/tags?post=714911"}],"curies":[{"name":"wp","href":"https:\/\/api.w.org\/{rel}","templated":true}]}}