{"id":714937,"date":"2026-08-16T20:23:26","date_gmt":"2026-08-16T20:23:26","guid":{"rendered":"https:\/\/www.europesays.com\/es\/714937\/"},"modified":"2026-08-16T20:23:26","modified_gmt":"2026-08-16T20:23:26","slug":"el-baile-de-nombres-no-cesa-en-la-euroliga-a-la-caza-de-las-ultimas-perlas-del-mercado","status":"publish","type":"post","link":"https:\/\/www.europesays.com\/es\/714937\/","title":{"rendered":"El baile de nombres no cesa en la Euroliga a la caza de las \u00faltimas perlas del mercado"},"content":{"rendered":"<p>\n        <a href=\"https:\/\/www.noticiasdealava.eus\/baskonia\/2026\/08\/15\/euroliga-despide-11440256.html\" title=\"Los clubes de la Euroliga\" target=\"_blank\" class=\"link copy\" rel=\"nofollow noopener\"><strong>Los clubes de la Euroliga <\/strong><\/a><strong>no cesan en su empe\u00f1o de seguir reforzando sus plantillas<\/strong> cuando el mercado estival ya ha entrado en unas fechas donde los grandes jugadores libres se cuentan pr\u00e1cticamente con los dedos de una mano y otros conservan intacto el objetivo de encontrar acomodo en la NBA .\n<\/p>\n<p>            <a href=\"https:\/\/www.noticiasdealava.eus\/baskonia\/2026\/08\/14\/simmons-baugh-tendran-pasaportes-cotonou-11436708.html\" title=\"Simmons y Baugh tendr\u00e1n pasaportes cotonou\" class=\"new__media\" rel=\"nofollow noopener\" target=\"_blank\"><\/p>\n<p>                <img alt=\"Simmons y Baugh tendr\u00e1n pasaportes cotonou\" data-src=\"https:\/\/www.europesays.com\/es\/wp-content\/uploads\/2026\/08\/1786911802_779_688d6b8f-efdc-4549-b93f-9a159cc952d7_16-9-aspect-ratio_default_0_x717y178.jpg\" class=\"lozad\"\/><\/p>\n<p>        <\/a><\/p>\n<p>        <a href=\"https:\/\/www.noticiasdealava.eus\/baskonia\/2026\/08\/14\/simmons-baugh-tendran-pasaportes-cotonou-11436708.html\" title=\"Simmons y Baugh tendr\u00e1n pasaportes cotonou\" class=\"new__headline\" rel=\"nofollow noopener\" target=\"_blank\"><br \/>\n            Simmons y Baugh tendr\u00e1n pasaportes cotonou<br \/>\n        <\/a><\/p>\n<p class=\"article-body__text \">\n        Mientras clubes como el<strong> <\/strong><a href=\"https:\/\/www.noticiasdealava.eus\/baskonia\/2026\/08\/14\/simmons-baugh-tendran-pasaportes-cotonou-11436708.html\" title=\"Kosner Baskonia\" target=\"_blank\" class=\"link copy\" rel=\"nofollow noopener\"><strong>Kosner Baskonia<\/strong><\/a><strong>, el Barcelona o el Real Madrid a\u00fan siguen peinando el mercado<\/strong> para cubrir algunas carencias visibles a ojos de todo el mundo, la mayor\u00eda de sus rivales en la m\u00e1xima competici\u00f3n continental ya han hecho los deberes.\n<\/p>\n<p>            <a href=\"https:\/\/www.noticiasdealava.eus\/baskonia\/2026\/08\/15\/euroliga-despide-11440256.html\" title=\"La Euroliga se despide del todos contra todos\" class=\"new__media\" rel=\"nofollow noopener\" target=\"_blank\"><\/p>\n<p>                <img alt=\"La Euroliga se despide del todos contra todos\" data-src=\"https:\/\/www.europesays.com\/es\/wp-content\/uploads\/2026\/08\/1bb6b332-5239-4438-9f4a-c6d9a7b2bfc8_16-9-aspect-ratio_default_0_x885y742.jpg\" class=\"lozad\"\/><\/p>\n<p>        <\/a><\/p>\n<p>        <a href=\"https:\/\/www.noticiasdealava.eus\/baskonia\/2026\/08\/15\/euroliga-despide-11440256.html\" title=\"La Euroliga se despide del todos contra todos\" class=\"new__headline\" rel=\"nofollow noopener\" target=\"_blank\"><br \/>\n            La Euroliga se despide del todos contra todos<br \/>\n        <\/a><\/p>\n<p class=\"article-body__text \">\n        Es el caso del vigente <strong>campe\u00f3n Olympiacos<\/strong>, que necesitaba un <strong>complemente para Sasha Vezenkov<\/strong> en el puesto de cuatro y lo ha encontrado en la figura de <strong> Mbaye Ndiaye<\/strong>, quien ha firmado un contrato de dos a\u00f1os con el club griego procedente del <strong>Asvel Villeurbanne.<\/strong>\n<\/p>\n<p>            <a href=\"https:\/\/www.noticiasdealava.eus\/baskonia\/2026\/08\/02\/fiebre-reconfigura-tablero-euroliga-11397747.html\" title=\"La fiebre del \u2018uno\u2019 reconfigura el tablero de la Euroliga\" class=\"new__media\" rel=\"nofollow noopener\" target=\"_blank\"><\/p>\n<p>                <img alt=\"La fiebre del \u2018uno\u2019 reconfigura el tablero de la Euroliga\" data-src=\"https:\/\/www.europesays.com\/es\/wp-content\/uploads\/2026\/08\/1786911804_943_eee03b34-6e79-4de8-8754-e5751273401d_16-9-aspect-ratio_default_0_x864y602.jpg\" class=\"lozad\"\/><\/p>\n<p>        <\/a><\/p>\n<p>        <a href=\"https:\/\/www.noticiasdealava.eus\/baskonia\/2026\/08\/02\/fiebre-reconfigura-tablero-euroliga-11397747.html\" title=\"La fiebre del \u2018uno\u2019 reconfigura el tablero de la Euroliga\" class=\"new__headline\" rel=\"nofollow noopener\" target=\"_blank\"><br \/>\n            La fiebre del \u2018uno\u2019 reconfigura el tablero de la Euroliga<br \/>\n        <\/a><\/p>\n<p class=\"article-body__text \">\n        El <strong>exbaskonista Joan Pe\u00f1arroya, al frente del Partizan<\/strong>, ha incorporado otra pieza a su poblado per\u00edmetro. Se trata de <strong>Ethan Thompson, <\/strong>un escolta puertorrique\u00f1o nacido en Estados Unidos hace 27 a\u00f1os y que vivir\u00e1 su primera aventura en el baloncesto europeo.\n<\/p>\n<p class=\"article-body__text \">\n        El <strong>Anadolu Efes del vitoriano Pablo Laso<\/strong>, por su parte, <strong>sigue amontonando bases<\/strong> en la direcci\u00f3n. El equipo turco ha anunciado la incorporaci\u00f3n de <strong>Fatts Russell<\/strong> por una temporada, un movimiento con el que cierra l<strong>a remodelaci\u00f3n m\u00e1s ambiciosa de su cuerda exterior en a\u00f1os. <\/strong>\n<\/p>\n<p>            <a href=\"https:\/\/www.noticiasdealava.eus\/baskonia\/2026\/08\/05\/expertos-euroliga-dudan-baskonia-clasificacion-temporada-2026-27-11409839.html\" title=\"Los expertos de la Euroliga dudan del nuevo Baskonia\" class=\"new__media\" rel=\"nofollow noopener\" target=\"_blank\"><\/p>\n<p>                <img alt=\"Los expertos de la Euroliga dudan del nuevo Baskonia\" data-src=\"https:\/\/www.europesays.com\/es\/wp-content\/uploads\/2026\/08\/1786911806_923_d2096b49-21c2-4b3f-a2ea-b10049cebbce_16-9-aspect-ratio_default_0_x1790y483.jpg\" class=\"lozad\"\/><\/p>\n<p>        <\/a><\/p>\n<p>        <a href=\"https:\/\/www.noticiasdealava.eus\/baskonia\/2026\/08\/05\/expertos-euroliga-dudan-baskonia-clasificacion-temporada-2026-27-11409839.html\" title=\"Los expertos de la Euroliga dudan del nuevo Baskonia\" class=\"new__headline\" rel=\"nofollow noopener\" target=\"_blank\"><br \/>\n            Los expertos de la Euroliga dudan del nuevo Baskonia<br \/>\n        <\/a><\/p>\n<p class=\"article-body__text \">\n        El <strong>el\u00e9ctrico timonel norteamericano, de 1,80 metros y 28 a\u00f1os,<\/strong> llega <strong>procedente del U-BT Cluj-Napoca,<\/strong> donde ha completado una campa\u00f1a de ensue\u00f1o que le ha abierto las puertas de la \u00e9lite continental: 19,8 puntos, 6,2 asistencias, 3,6 rebotes y 1,4 robos en 19 partidos de Eurocup con el equipo rumano alcanzando los cuartos de final.\n<\/p>\n<p class=\"article-body__text \">\n        <strong>Olivier Sarr y Max Shulga, por su parte, se han convertido en las dos \u00faltimas contrataciones que ha hecho oficial el Real Madrid,<\/strong> que adem\u00e1s espera el final de la Liga de Puerto Rico para anunciar el <strong>siguiente p\u00edvot: Damian Jones<\/strong>.\n<\/p>\n<p class=\"article-body__text \">\n        Los blancos todav\u00eda persiguen el aterrizaje de un escolta anotador y en los \u00faltimos d\u00edas se baraja l<strong>a posibilidad de que Lester Qui\u00f1ones pase a disposici\u00f3n de Pedro Mart\u00ednez. <\/strong><\/p>\n","protected":false},"excerpt":{"rendered":"Los clubes de la Euroliga no cesan en su empe\u00f1o de seguir reforzando sus plantillas cuando el mercado&hellip;\n","protected":false},"author":2,"featured_media":714938,"comment_status":"","ping_status":"","sticky":false,"template":"","format":"standard","meta":{"footnotes":""},"categories":[269],"tags":[299,298,168,25,24,833,20359,7768,23,167,63494],"class_list":["post-714937","post","type-post","status-publish","format-standard","has-post-thumbnail","category-baloncesto","tag-baloncesto","tag-basketball","tag-deportes","tag-es","tag-espana","tag-euroliga","tag-movimientos","tag-siguen","tag-spain","tag-sports","tag-sucediendo"],"share_on_mastodon":{"url":"https:\/\/pubeurope.com\/@es\/117107058526051737","error":""},"_links":{"self":[{"href":"https:\/\/www.europesays.com\/es\/wp-json\/wp\/v2\/posts\/714937","targetHints":{"allow":["GET"]}}],"collection":[{"href":"https:\/\/www.europesays.com\/es\/wp-json\/wp\/v2\/posts"}],"about":[{"href":"https:\/\/www.europesays.com\/es\/wp-json\/wp\/v2\/types\/post"}],"author":[{"embeddable":true,"href":"https:\/\/www.europesays.com\/es\/wp-json\/wp\/v2\/users\/2"}],"replies":[{"embeddable":true,"href":"https:\/\/www.europesays.com\/es\/wp-json\/wp\/v2\/comments?post=714937"}],"version-history":[{"count":0,"href":"https:\/\/www.europesays.com\/es\/wp-json\/wp\/v2\/posts\/714937\/revisions"}],"wp:featuredmedia":[{"embeddable":true,"href":"https:\/\/www.europesays.com\/es\/wp-json\/wp\/v2\/media\/714938"}],"wp:attachment":[{"href":"https:\/\/www.europesays.com\/es\/wp-json\/wp\/v2\/media?parent=714937"}],"wp:term":[{"taxonomy":"category","embeddable":true,"href":"https:\/\/www.europesays.com\/es\/wp-json\/wp\/v2\/categories?post=714937"},{"taxonomy":"post_tag","embeddable":true,"href":"https:\/\/www.europesays.com\/es\/wp-json\/wp\/v2\/tags?post=714937"}],"curies":[{"name":"wp","href":"https:\/\/api.w.org\/{rel}","templated":true}]}}