{"id":714961,"date":"2026-08-16T20:36:14","date_gmt":"2026-08-16T20:36:14","guid":{"rendered":"https:\/\/www.europesays.com\/es\/714961\/"},"modified":"2026-08-16T20:36:14","modified_gmt":"2026-08-16T20:36:14","slug":"ultima-hora-incendio-en-las-landas-el-fuego-quema-1-700-hectareas","status":"publish","type":"post","link":"https:\/\/www.europesays.com\/es\/714961\/","title":{"rendered":"\u00faltima hora Incendio en Las Landas: el fuego quema 1.700 hect\u00e1reas"},"content":{"rendered":"<p>La situaci\u00f3n del incendio declarado el pasado jueves en los bosques de <b>Las Landas<\/b>, en el suroeste de Francia, ha evolucionado favorablemente este domingo gracias a unas condiciones meteorol\u00f3gicas m\u00e1s propicias para las labores de extinci\u00f3n. No obstante, <b>el fuego contin\u00faa sin estar controlado en muchos puntos y ha afectado ya a 1700 hect\u00e1reas<\/b>.<\/p>\n<p>El prefecto de Las Landas, Gilles Clavreul, ha se\u00f1alado a primera hora de este domingo que la situaci\u00f3n hab\u00eda evolucionado \u00abfavorablemente\u00bb, despu\u00e9s de que durante la noche <b>no se produjera ninguna reactivaci\u00f3n significativa de las llamas<\/b>.<\/p>\n<p>Los drones desplegados durante la noche han permitido comprobar, adem\u00e1s, que los dos focos que se hab\u00edan identificado inicialmente <b>se han unido en un \u00fanico incendio<\/b>. Las autoridades han actualizado tambi\u00e9n la superficie afectada, que pasa de las 1600 hect\u00e1reas contabilizadas el s\u00e1bado por la tarde a 1700.<\/p>\n<p>El prefecto ha aclarado que este aumento <b>no implica que el fuego haya avanzado durante la noche<\/b>, sino que responde a una nueva evaluaci\u00f3n del per\u00edmetro afectado.<\/p>\n<p>550 bomberos y medios a\u00e9reos<\/p>\n<p>En el operativo participan alrededor de <b>550 bomberos<\/b>, apoyados desde el aire por <b>cuatro hidroaviones Canadair, dos aviones bombarderos de agua Dash y un helic\u00f3ptero Chinook cedido por Australia<\/b>.<\/p>\n<p>A pesar de la evoluci\u00f3n positiva del incendio, las autoridades mantienen la prudencia y no prev\u00e9n autorizar por el momento el regreso de las aproximadamente <b>650 personas evacuadas<\/b>.<\/p>\n<p>Evacuaciones de vecinos y turistas<\/p>\n<p>El incendio se declar\u00f3 el jueves en el municipio de <b>Luglon<\/b> y oblig\u00f3 a evacuar tanto a habitantes de la zona como a turistas alojados en campings pr\u00f3ximos al \u00e1rea afectada.<\/p>\n<p>En total, fueron desalojadas unas 650 personas, pero 50 vecinos han recibido hoy el permiso para volver a sus casas.<\/p>\n<p>Si los rescoldos no se vuelven a encender por la noche y el fuego no avanza, ma\u00f1ana dar\u00e1n permiso a m\u00e1s vecinos.<\/p>\n","protected":false},"excerpt":{"rendered":"La situaci\u00f3n del incendio declarado el pasado jueves en los bosques de Las Landas, en el suroeste de&hellip;\n","protected":false},"author":2,"featured_media":714962,"comment_status":"","ping_status":"","sticky":false,"template":"","format":"standard","meta":{"footnotes":""},"categories":[42],"tags":[17,18,13,14,317,11,4342,61,62,63,64,19,20,9,10,15,93331,16,12,21,22,65,66,67],"class_list":["post-714961","post","type-post","status-publish","format-standard","has-post-thumbnail","category-internacional","tag-breaking-news","tag-breakingnews","tag-featured-news","tag-featurednews","tag-francia","tag-headlines","tag-incendios","tag-internacional","tag-international","tag-international-news","tag-internationalnews","tag-latest-news","tag-latestnews","tag-news","tag-noticias","tag-noticias-destacadas","tag-noticias-internacionales","tag-noticiasdestacadas","tag-titulares","tag-ultimas-noticias","tag-ultimasnoticias","tag-world","tag-world-news","tag-worldnews"],"share_on_mastodon":{"url":"","error":""},"_links":{"self":[{"href":"https:\/\/www.europesays.com\/es\/wp-json\/wp\/v2\/posts\/714961","targetHints":{"allow":["GET"]}}],"collection":[{"href":"https:\/\/www.europesays.com\/es\/wp-json\/wp\/v2\/posts"}],"about":[{"href":"https:\/\/www.europesays.com\/es\/wp-json\/wp\/v2\/types\/post"}],"author":[{"embeddable":true,"href":"https:\/\/www.europesays.com\/es\/wp-json\/wp\/v2\/users\/2"}],"replies":[{"embeddable":true,"href":"https:\/\/www.europesays.com\/es\/wp-json\/wp\/v2\/comments?post=714961"}],"version-history":[{"count":0,"href":"https:\/\/www.europesays.com\/es\/wp-json\/wp\/v2\/posts\/714961\/revisions"}],"wp:featuredmedia":[{"embeddable":true,"href":"https:\/\/www.europesays.com\/es\/wp-json\/wp\/v2\/media\/714962"}],"wp:attachment":[{"href":"https:\/\/www.europesays.com\/es\/wp-json\/wp\/v2\/media?parent=714961"}],"wp:term":[{"taxonomy":"category","embeddable":true,"href":"https:\/\/www.europesays.com\/es\/wp-json\/wp\/v2\/categories?post=714961"},{"taxonomy":"post_tag","embeddable":true,"href":"https:\/\/www.europesays.com\/es\/wp-json\/wp\/v2\/tags?post=714961"}],"curies":[{"name":"wp","href":"https:\/\/api.w.org\/{rel}","templated":true}]}}