{"id":71516,"date":"2025-08-25T16:24:10","date_gmt":"2025-08-25T16:24:10","guid":{"rendered":"https:\/\/www.europesays.com\/es\/71516\/"},"modified":"2025-08-25T16:24:10","modified_gmt":"2025-08-25T16:24:10","slug":"presentacion-libro-rocio-jurado-chipiona-recibe-un-nuevo-homenaje-a-rocio-jurado-marina-bernal-presenta-esta-semana-rocio-20-anos-contigo","status":"publish","type":"post","link":"https:\/\/www.europesays.com\/es\/71516\/","title":{"rendered":"PRESENTACI\u00d3N LIBRO ROC\u00cdO JURADO | Chipiona recibe un nuevo homenaje a Roc\u00edo Jurado: Marina Bernal presenta esta semana &#8216;Roc\u00edo, 20 a\u00f1os contigo&#8217;"},"content":{"rendered":"<p class=\"ft-text\">Han pasado 20 a\u00f1os desde que<a class=\"ft-link ft-link--decoration\" href=\"https:\/\/www.elcorreoweb.es\/tags\/auditorio-rocio-jurado\/\" rel=\"nofollow noopener\" target=\"_blank\"> Roc\u00edo Jurado<\/a> se marchara pero su obra y el cari\u00f1o que todo su pueblo le profesaba sigue latente en <a class=\"ft-link ft-link--decoration\" href=\"https:\/\/www.elcorreoweb.es\/tags\/chipiona\/\" rel=\"nofollow noopener\" target=\"_blank\">Chipiona<\/a>. La presencia de Roc\u00edo sigue siendo un habitual en el d\u00eda a d\u00eda, hay <a class=\"ft-link ft-link--decoration\" href=\"https:\/\/www.elcorreoweb.es\/tags\/fotografias\/\" rel=\"nofollow noopener\" target=\"_blank\">fotograf\u00edas<\/a> suyas en todos los comercios de distintas etapas de su vida, de ella <strong>con su madre, con su abuela, con parte de su familia,<\/strong> cuenta con su propio <strong>museo<\/strong> e incluso una<strong> avenida<\/strong> lleva su nombre. Todos los <a class=\"ft-link ft-link--decoration\" href=\"https:\/\/www.elcorreoweb.es\/tags\/chiringuitos\/\" rel=\"nofollow noopener\" target=\"_blank\">chiringuitos<\/a> de Chipiona, despiden el sol cada tarde de verano en voz de la gran Roc\u00edo. Por ejemplo, en la playa del Camar\u00f3n, el chiringuito Pepe, que siempre pone a Roc\u00edo cantando Que no dar\u00eda yo. Incluso, <a class=\"ft-link ft-link--decoration\" href=\"https:\/\/www.elcorreoweb.es\/tags\/andalucia\/\" rel=\"nofollow noopener\" target=\"_blank\">el himno de Andaluc\u00eda<\/a> suena en voz de \u00abLa m\u00e1s grande\u00bb.<\/p>\n<p class=\"ft-text\">Es por ello, que tiene todo el sentido que la reconocida periodista <strong>Marina Bernal,<\/strong> realice el 26 de agosto su homenaje a la gran Roc\u00edo Jurado: Roc\u00edo, 20 a\u00f1os contigo. El lugar exacto para esta cita, tampoco ha sido elegido por casualidad, el <strong>Santuario de Nuestra Se\u00f1ora de Regla,<\/strong> era el primer y el \u00faltimo lugar que Roc\u00edo visitaba cuando aterrizaba en Chipiona. Con motivo de esta presentaci\u00f3n el claustro estar\u00e1 abierto a aquel que quiera asistir hasta completar aforo.<\/p>\n<p class=\"ft-text\">En 2019, Bernal, public\u00f3 un primer libro sobre La Jurado; Canta, Roc\u00edo, canta. Documentos in\u00e9ditos de la vida de Roc\u00edo Jurado, que tuvo un <strong>\u00e9xito <\/strong>rotundo. \u00abEl a\u00f1o que viene, en el 2026,\u00a0se cumplen 20 a\u00f1os de su fallecimiento,\u00a0y como hab\u00edan pasado ya bastantes a\u00f1os desde que se public\u00f3 este primer libro, digo, bueno, pues voy a seguir recogiendo testimonios de m\u00e1s personas que conocieron a Roc\u00edo y que la otra vez, pues por falta de tiempo, no pudimos hacerlo. Y entonces, he seguido <strong>ampliando entrevistas, testimonios, y ha salido otro libro<\/strong>. Y, sobre todo, fotos que son maravillosas, in\u00e9ditas\u00bb. Describe Marina al otro lado del tel\u00e9fono.<\/p>\n<p class=\"ft-text\">La portada del libro y la contraportada son fotos de <strong>Antonio Cuenca<\/strong>, fotoperiodista referente en la prensa del coraz\u00f3n de este pa\u00eds, adem\u00e1s de compadre de Roc\u00edo que es madrina de la hija menor del fot\u00f3grafo. Por ejemplo, la contraportada es ella vestida de Cleopatra para un reportaje hecho en chipiona por expreso deseo de Roc\u00edo. \u00abEste libro es como una peque\u00f1a joya donde se recogen testimonios de personas que la conocieron mucho y muy bien\u00bb.<\/p>\n<p><img decoding=\"async\" src=\"https:\/\/www.europesays.com\/es\/wp-content\/uploads\/2025\/08\/3cbf7f77-20d2-4c7d-98ee-d271e1897cb5_alta-libre-aspect-ratio_default_0.jpg\" width=\"1200\" height=\"1865\" alt=\"Reportaje en Chipiona a Roc\u00edo Jurado y contraportada del libro 'Roc\u00edo, 20 a\u00f1os contigo'\" class=\"ft-helper-img-rd\" loading=\"lazy\" hasdataaida=\"true\"\/><\/p>\n<p class=\"ft-helper-fontColor-quaternary ft-helper-fontSize-body-S ft-helper-spacer-t-xxs\">Reportaje en Chipiona a Roc\u00edo Jurado y contraportada del libro &#8216;Roc\u00edo, 20 a\u00f1os contigo&#8217;  \/ Antonio Cuenca<\/p>\n<p class=\"ft-text\">En esta ocasi\u00f3n ha recogido testimonios del m\u00fasico y referente del carnaval gaditano,<strong> Antonio Mart\u00edn<\/strong>, tambi\u00e9n su compadre y uno de sus grandes amigos, del d\u00fao<a class=\"ft-link ft-link--decoration\" href=\"https:\/\/www.elcorreoweb.es\/tags\/los-del-rio\/\" rel=\"nofollow noopener\" target=\"_blank\"> Los del R\u00edo, Antonio y Rafael,<\/a> con los que comparti\u00f3 numerosas vivencias, de <strong>Mar\u00eda Vidal<\/strong>, la \u00fanica artista en activo del m\u00edtico<strong> espect\u00e1culo Azabache<\/strong> que se estren\u00f3 en la <a class=\"ft-link ft-link--decoration\" href=\"https:\/\/www.elcorreoweb.es\/tags\/expo-92\/\" rel=\"nofollow noopener\" target=\"_blank\">Expo 92<\/a> en al auditorio que hoy lleva su nombre, de <strong>Maika Verdugo,<\/strong> promotora art\u00edstica y amiga de juventud, de la due\u00f1a del gaditano<strong> \u201cCaf\u00e9 de Levante\u201d, Teresa Torres,<\/strong> del Rector del Santuario de Regla <strong>Fray Juan Jos\u00e9 Rodr\u00edguez Mej\u00edas<\/strong>, de su primo <strong>Manuel Jurado <\/strong>o de sus fieles admiradoras <strong>las hermanas Carmeli y Paqui Barroso<\/strong>. Tal y como cuenta la periodista sevillana, la respuesta de los entrevistados fue inmediata: \u00abLos del R\u00edo, que se encuentran de gira por toda <a class=\"ft-link ft-link--decoration\" href=\"https:\/\/www.elcorreoweb.es\/tags\/europa\/\" rel=\"nofollow noopener\" target=\"_blank\">Europa,<\/a> estaban en <strong>Maastricht <\/strong>cuando habl\u00e9 con ellos,\u00a0pero inmediatamente se pusieron a mi disposici\u00f3n,\u00a0hicieron un hueco en la agenda. Ellos fueron muy amigos en los a\u00f1os 80,\u00a0porque adem\u00e1s compart\u00edan devoci\u00f3n por la <a class=\"ft-link ft-link--decoration\" href=\"https:\/\/www.elcorreoweb.es\/tags\/virgen-del-rocio\/\" rel=\"nofollow noopener\" target=\"_blank\">Virgen del Roc\u00edo<\/a>, coincid\u00edan much\u00edsimo en casa del <strong>doctor Garc\u00eda Otero<\/strong>, que era amigo com\u00fan de todos, sol\u00edan coincidir durante la \u00e9poca del Roc\u00edo, y en la \u00e9poca de los inicios de ellos, en <a class=\"ft-link ft-link--decoration\" href=\"https:\/\/www.elcorreoweb.es\/tags\/madrid\/\" rel=\"nofollow noopener\" target=\"_blank\">Madrid<\/a>\u00ab.<\/p>\n<p class=\"ft-text\">Adem\u00e1s este libro est\u00e1 tambi\u00e9n dedicado a t\u00edtulo p\u00f3stumo a<strong> Jes\u00fas Quintero, Antonio Burgos y Tico Medina,<\/strong> que ya no est\u00e1n tampoco. Marina Bernal ha querido encontrar un hueco para ellos y rescatar aquellas palabras tan bonitas que dedicaron a la chipionera en esta segunda entrega.<\/p>\n<p class=\"ft-text\">Se trata de una <strong>recopilaci\u00f3n de an\u00e9cdotas<\/strong> que retratan a La ni\u00f1a de los premios como la mujer que fue. Dulce, sensible, su calidad humana y la bondad infinita que tuvo siempre.\u00bbHay una chica que era la m\u00e1s joven del cuerpo de baile, de Azabache, que entonces ten\u00eda 15 a\u00f1os, que se llama <strong>Eli Serrano<\/strong>, que me cuenta como an\u00e9cdota,\u00a0que en los ensayos de Azabache,\u00a0que se hac\u00edan en unas naves que hab\u00eda alas afuera de Sevilla,\u00a0se pasaba much\u00edsimo calor,\u00a0y un d\u00eda a ella le dio una bajada de tensi\u00f3n\u00a0y perdi\u00f3 el conocimiento. Dice que al d\u00eda siguiente Roc\u00edo se present\u00f3\u00a0con varios sacos de naranja y varias personas, con exprimidores para hacerle el zumo de naranja a todo el mundo. Porque era la forma de decir que ten\u00edan que cuidarse, ten\u00edan que tener vitaminas. Son peque\u00f1as an\u00e9cdotas que te hacen hasta sonre\u00edr\u00bb. Relata la autora al recordar una de las muchas an\u00e9cdotas que recoge su obra.<\/p>\n<p class=\"ft-text\">El libro estar\u00e1 disponible en todas las librer\u00edas y otros puntos de venta a partir del <strong>1 de septiembre de 2025 <\/strong>y estar <strong>presentaci\u00f3n a nivel nacional<\/strong>, programada para ma\u00f1ana 26 de agosto contar\u00e1 con la presencia de Antonio Mart\u00edn, figura clave dentro del <a class=\"ft-link ft-link--decoration\" href=\"https:\/\/www.elcorreoweb.es\/tags\/carnaval-de-cadiz\/\" rel=\"nofollow noopener\" target=\"_blank\">Carnaval de C\u00e1diz<\/a>, <strong>La comparsa de Chipiona de Antonio Pedrosi de Marcos Garc\u00eda<\/strong>, habitual en el Falla, la cantadora de flamenco <strong>Laura Vital<\/strong>, el guitarrista chipionero <strong>Manuel Cerpa <\/strong>o el pianista<strong> Daniel Matas<\/strong>,\u00a0entre otras sorpresas<\/p>\n","protected":false},"excerpt":{"rendered":"Han pasado 20 a\u00f1os desde que Roc\u00edo Jurado se marchara pero su obra y el cari\u00f1o que todo&hellip;\n","protected":false},"author":2,"featured_media":71517,"comment_status":"","ping_status":"","sticky":false,"template":"","format":"standard","meta":{"footnotes":""},"categories":[172],"tags":[224,28336,146,147,25,24,1496,225,28337,2436,24507,23,28338],"class_list":{"0":"post-71516","1":"post","2":"type-post","3":"status-publish","4":"format-standard","5":"has-post-thumbnail","7":"category-libros","8":"tag-books","9":"tag-chipiona","10":"tag-entertainment","11":"tag-entretenimiento","12":"tag-es","13":"tag-espana","14":"tag-libro","15":"tag-libros","16":"tag-marina-bernal","17":"tag-presentacion","18":"tag-rocio-jurado","19":"tag-spain","20":"tag-virgen-de-regla"},"share_on_mastodon":{"url":"","error":""},"_links":{"self":[{"href":"https:\/\/www.europesays.com\/es\/wp-json\/wp\/v2\/posts\/71516","targetHints":{"allow":["GET"]}}],"collection":[{"href":"https:\/\/www.europesays.com\/es\/wp-json\/wp\/v2\/posts"}],"about":[{"href":"https:\/\/www.europesays.com\/es\/wp-json\/wp\/v2\/types\/post"}],"author":[{"embeddable":true,"href":"https:\/\/www.europesays.com\/es\/wp-json\/wp\/v2\/users\/2"}],"replies":[{"embeddable":true,"href":"https:\/\/www.europesays.com\/es\/wp-json\/wp\/v2\/comments?post=71516"}],"version-history":[{"count":0,"href":"https:\/\/www.europesays.com\/es\/wp-json\/wp\/v2\/posts\/71516\/revisions"}],"wp:featuredmedia":[{"embeddable":true,"href":"https:\/\/www.europesays.com\/es\/wp-json\/wp\/v2\/media\/71517"}],"wp:attachment":[{"href":"https:\/\/www.europesays.com\/es\/wp-json\/wp\/v2\/media?parent=71516"}],"wp:term":[{"taxonomy":"category","embeddable":true,"href":"https:\/\/www.europesays.com\/es\/wp-json\/wp\/v2\/categories?post=71516"},{"taxonomy":"post_tag","embeddable":true,"href":"https:\/\/www.europesays.com\/es\/wp-json\/wp\/v2\/tags?post=71516"}],"curies":[{"name":"wp","href":"https:\/\/api.w.org\/{rel}","templated":true}]}}