{"id":715179,"date":"2026-08-16T23:22:09","date_gmt":"2026-08-16T23:22:09","guid":{"rendered":"https:\/\/www.europesays.com\/es\/715179\/"},"modified":"2026-08-16T23:22:09","modified_gmt":"2026-08-16T23:22:09","slug":"encuentran-en-cadaver-de-una-mujer-en-el-rio-carrion-en-palencia","status":"publish","type":"post","link":"https:\/\/www.europesays.com\/es\/715179\/","title":{"rendered":"Encuentran en cad\u00e1ver de una mujer en el r\u00edo Carri\u00f3n, en Palencia"},"content":{"rendered":"<p>Este domingo, el cad\u00e1ver de una mujer de unos 50 a\u00f1os fue encontrado en el r\u00edo Carri\u00f3n, cerca del embarcadero en Palencia capital, seg\u00fan inform\u00f3 el 112 Castilla y Le\u00f3n a Europa Press. El hallazgo ocurri\u00f3 poco antes de las 17:08 horas, cuando se notific\u00f3 a la sala de operaciones sobre un cuerpo en el agua. La Agencia de Protecci\u00f3n Civil coordin\u00f3 la operaci\u00f3n, informando a la Polic\u00eda Local, al Cuerpo Nacional de Polic\u00eda, a los Bomberos de Palencia y a Emergencias Sanitarias &#8211; Sacyl, que envi\u00f3 una unidad medicalizada. Los bomberos recuperaron el cuerpo y Sacyl confirm\u00f3 el fallecimiento.<\/p>\n","protected":false},"excerpt":{"rendered":"Este domingo, el cad\u00e1ver de una mujer de unos 50 a\u00f1os fue encontrado en el r\u00edo Carri\u00f3n, cerca&hellip;\n","protected":false},"author":2,"featured_media":715180,"comment_status":"","ping_status":"","sticky":false,"template":"","format":"standard","meta":{"footnotes":""},"categories":[8],"tags":[17,18,2125,25,24,13,14,11,19,20,9,10,15,110362,16,6442,23,12,21,22],"class_list":["post-715179","post","type-post","status-publish","format-standard","has-post-thumbnail","category-espana","tag-breaking-news","tag-breakingnews","tag-directo","tag-es","tag-espana","tag-featured-news","tag-featurednews","tag-headlines","tag-latest-news","tag-latestnews","tag-news","tag-noticias","tag-noticias-destacadas","tag-noticias-ultima-hora","tag-noticiasdestacadas","tag-palencia","tag-spain","tag-titulares","tag-ultimas-noticias","tag-ultimasnoticias"],"share_on_mastodon":{"url":"https:\/\/pubeurope.com\/@es\/117107762604709347","error":""},"_links":{"self":[{"href":"https:\/\/www.europesays.com\/es\/wp-json\/wp\/v2\/posts\/715179","targetHints":{"allow":["GET"]}}],"collection":[{"href":"https:\/\/www.europesays.com\/es\/wp-json\/wp\/v2\/posts"}],"about":[{"href":"https:\/\/www.europesays.com\/es\/wp-json\/wp\/v2\/types\/post"}],"author":[{"embeddable":true,"href":"https:\/\/www.europesays.com\/es\/wp-json\/wp\/v2\/users\/2"}],"replies":[{"embeddable":true,"href":"https:\/\/www.europesays.com\/es\/wp-json\/wp\/v2\/comments?post=715179"}],"version-history":[{"count":0,"href":"https:\/\/www.europesays.com\/es\/wp-json\/wp\/v2\/posts\/715179\/revisions"}],"wp:featuredmedia":[{"embeddable":true,"href":"https:\/\/www.europesays.com\/es\/wp-json\/wp\/v2\/media\/715180"}],"wp:attachment":[{"href":"https:\/\/www.europesays.com\/es\/wp-json\/wp\/v2\/media?parent=715179"}],"wp:term":[{"taxonomy":"category","embeddable":true,"href":"https:\/\/www.europesays.com\/es\/wp-json\/wp\/v2\/categories?post=715179"},{"taxonomy":"post_tag","embeddable":true,"href":"https:\/\/www.europesays.com\/es\/wp-json\/wp\/v2\/tags?post=715179"}],"curies":[{"name":"wp","href":"https:\/\/api.w.org\/{rel}","templated":true}]}}