{"id":71518,"date":"2025-08-25T16:25:08","date_gmt":"2025-08-25T16:25:08","guid":{"rendered":"https:\/\/www.europesays.com\/es\/71518\/"},"modified":"2025-08-25T16:25:08","modified_gmt":"2025-08-25T16:25:08","slug":"telecinco-prepara-el-precio-de-un-nuevo-hormigas-blancas-que-duplicara-a-santi-acosta","status":"publish","type":"post","link":"https:\/\/www.europesays.com\/es\/71518\/","title":{"rendered":"Telecinco prepara &#8216;El precio de&#8230;&#8217;, un nuevo &#8216;Hormigas blancas&#8217; que duplicar\u00e1 a Santi Acosta"},"content":{"rendered":"<p class=\"article-text\">\n        <strong>Telecinco <\/strong>sigue intentando salir de la profunda crisis de audiencias que atraviesa desde hace ya tres a\u00f1os, que le acaba de llevar a marcar la <a href=\"https:\/\/www.eldiario.es\/vertele\/audiencias-tv\/domingo-24-agosto-2025-telecinco-firma-peor-semana-historia-audiencias-tras-un-para-olvidar_1_12554063.html\" data-mrf-recirculation=\"links-noticia\" class=\"link\" rel=\"nofollow noopener\" target=\"_blank\">peor semana de su historia en audiencias<\/a> mientras se acerca a anotar su peor mes hist\u00f3rico. Pese a todo, <strong>Mediaset <\/strong>no se rinde y prepara el estreno de  formatos, en esta ocasi\u00f3n volviendo a echar la vista atr\u00e1s a su \u00e9poca dorada.\n    <\/p>\n<p>    <a href=\"https:\/\/www.eldiario.es\/series\/muertos-sl-15-series-buscaron-nueva-casa-seguir-vida-plataformas_1_12548753.html\" data-mrf-recirculation=\"saber-mas\" data-dl-event=\"saber-mas\" rel=\"nofollow noopener\" target=\"_blank\"><\/p>\n<p class=\"know-more__title\">&#8216;Muertos SL&#8217; y otras 15 series que buscaron nueva casa para seguir con vida<\/p>\n<p>            <img decoding=\"async\" class=\"lazy\" loading=\"lazy\" data-src=\"https:\/\/static.eldiario.es\/clip\/ea6a2c32-1eeb-42c5-afba-edcf1590cb26_16-9-aspect-ratio_default_0.jpg\" src=\"data:image\/svg+xml,%3Csvg xmlns=\" http:=\"\" viewbox=\"0 0 880 495\" alt=\"'Muertos SL' y otras 15 series que buscaron nueva casa para seguir con vida\"\/><\/p>\n<p>                        <\/a><\/p>\n<p class=\"article-text\">\n        Seg\u00fan desvela <a href=\"https:\/\/x.com\/Pocopasatv\/status\/1959971469926027767\" target=\"_blank\" data-mrf-recirculation=\"links-noticia\" class=\"link\" rel=\"nofollow\">Poco Pasa TV<\/a>, Telecinco ha encargado a la productora <strong>Mandarina <\/strong>un nuevo programa para su prime time llamado <strong>El precio de&#8230;<\/strong>, que estar\u00e1 dirigido y presentado por <strong>Santi Acosta<\/strong>. No supondr\u00e1 el adi\u00f3s del periodista a De Viernes, sino que se duplicar\u00e1 en las noches de la cadena para ponerse al frente de los dos espacios.\n    <\/p>\n<p class=\"article-text\">\n        Como explica la citada cuenta, en esta ocasi\u00f3n el espejo del pasado en el que se mirar\u00e1 Telecinco ser\u00e1 <strong>Hormigas Blancas<\/strong>, el formato de La F\u00e1brica de la tele presentado durante cinco temporadas por Jorge Javier V\u00e1zquez, Jordi Gonz\u00e1lez y Carlota Corredera del a\u00f1o 2007 al 2011, y que luego regres\u00f3 en el 2020. Su mec\u00e1nica era sencilla, similar a otros tantos como Lazos de sangre: un reportaje sobre la persona protagonista, y luego un debate en plat\u00f3.\n    <\/p>\n<p class=\"article-text\">\n        En esta ocasi\u00f3n habr\u00e1 un giro en su contenido, combin\u00e1ndolo con el formato de <strong>Paparazzi<\/strong>, la docuserie que Santi Acosta realiz\u00f3 para Movistar Plus+. El precio de&#8230; buscar\u00e1 ense\u00f1ar cu\u00e1nto tiempo y dinero cost\u00f3 publicar algunos de los temas del coraz\u00f3n m\u00e1s importantes y recordados de Espa\u00f1a, analizando tambi\u00e9n su repercusi\u00f3n.\n    <\/p>\n<p class=\"article-text\">\n        El nuevo programa, pese a ello, s\u00ed mantendr\u00e1 esa estructura principal de primero la parte documental (con testimonios de periodistas, paparazzis y alg\u00fan personaje relevante) y segundo la parte de debate en plat\u00f3 con colaboradores.\n    <\/p>\n<p>    <a href=\"https:\/\/www.eldiario.es\/vertele\/noticias\/rtve-empieza-decidir-vuelta-malas-lenguas-primer-dia-cintora-sobremesa_1_12555218.html\" data-mrf-recirculation=\"saber-mas-abajo\" data-dl-event=\"saber-mas-abajo\" rel=\"nofollow noopener\" target=\"_blank\"><\/p>\n<p class=\"know-more__title\">RTVE empieza a \u201cdecidir\u201d entre La Vuelta y &#8216;Malas Lenguas&#8217;, con primer d\u00eda sin Cintora en la sobremesa<\/p>\n<p>            <img decoding=\"async\" class=\"lazy\" loading=\"lazy\" data-src=\"https:\/\/static.eldiario.es\/clip\/c8e42db4-f894-489b-a1ec-e0eda238d563_16-9-aspect-ratio_default_0.jpg\" src=\"data:image\/svg+xml,%3Csvg xmlns=\" http:=\"\" viewbox=\"0 0 880 495\" alt=\"RTVE empieza a &quot;decidir&quot; entre La Vuelta y 'Malas Lenguas', con primer d\u00eda sin Cintora en la sobremesa\"\/><\/p>\n<p>                        <\/a><\/p>\n<p class=\"article-text\">\n        Seg\u00fan Poco Pasa TV, la idea inicial es que ocupe <strong>la noche de los mi\u00e9rcoles<\/strong>, teniendo sentido ya que Supervivientes All Stars 2 ocupar\u00e1 las noches de martes, jueves y domingo; y la del viernes est\u00e1 ya De viernes. Quedar\u00edan libres lunes, esa del mi\u00e9rcoles, y los fines de semana. Adem\u00e1s, la misma cuenta adelanta que tendr\u00e1 \u201cun presupuesto m\u00e1s ajustado\u201d que su precursor Hormigas blancas.\n    <\/p>\n","protected":false},"excerpt":{"rendered":"Telecinco sigue intentando salir de la profunda crisis de audiencias que atraviesa desde hace ya tres a\u00f1os, que&hellip;\n","protected":false},"author":2,"featured_media":71519,"comment_status":"","ping_status":"","sticky":false,"template":"","format":"standard","meta":{"footnotes":""},"categories":[171],"tags":[28341,28340,8742,146,147,25,24,28339,524,3282,5936,15777,23,692,214],"class_list":{"0":"post-71518","1":"post","2":"type-post","3":"status-publish","4":"format-standard","5":"has-post-thumbnail","7":"category-tv","8":"tag-acosta","9":"tag-blancas","10":"tag-duplicara","11":"tag-entertainment","12":"tag-entretenimiento","13":"tag-es","14":"tag-espana","15":"tag-hormigas","16":"tag-nuevo","17":"tag-precio","18":"tag-prepara","19":"tag-santi","20":"tag-spain","21":"tag-telecinco","22":"tag-tv"},"share_on_mastodon":{"url":"","error":""},"_links":{"self":[{"href":"https:\/\/www.europesays.com\/es\/wp-json\/wp\/v2\/posts\/71518","targetHints":{"allow":["GET"]}}],"collection":[{"href":"https:\/\/www.europesays.com\/es\/wp-json\/wp\/v2\/posts"}],"about":[{"href":"https:\/\/www.europesays.com\/es\/wp-json\/wp\/v2\/types\/post"}],"author":[{"embeddable":true,"href":"https:\/\/www.europesays.com\/es\/wp-json\/wp\/v2\/users\/2"}],"replies":[{"embeddable":true,"href":"https:\/\/www.europesays.com\/es\/wp-json\/wp\/v2\/comments?post=71518"}],"version-history":[{"count":0,"href":"https:\/\/www.europesays.com\/es\/wp-json\/wp\/v2\/posts\/71518\/revisions"}],"wp:featuredmedia":[{"embeddable":true,"href":"https:\/\/www.europesays.com\/es\/wp-json\/wp\/v2\/media\/71519"}],"wp:attachment":[{"href":"https:\/\/www.europesays.com\/es\/wp-json\/wp\/v2\/media?parent=71518"}],"wp:term":[{"taxonomy":"category","embeddable":true,"href":"https:\/\/www.europesays.com\/es\/wp-json\/wp\/v2\/categories?post=71518"},{"taxonomy":"post_tag","embeddable":true,"href":"https:\/\/www.europesays.com\/es\/wp-json\/wp\/v2\/tags?post=71518"}],"curies":[{"name":"wp","href":"https:\/\/api.w.org\/{rel}","templated":true}]}}