{"id":715219,"date":"2026-08-16T23:56:13","date_gmt":"2026-08-16T23:56:13","guid":{"rendered":"https:\/\/www.europesays.com\/es\/715219\/"},"modified":"2026-08-16T23:56:13","modified_gmt":"2026-08-16T23:56:13","slug":"rodri-el-lider-que-pedia-flick","status":"publish","type":"post","link":"https:\/\/www.europesays.com\/es\/715219\/","title":{"rendered":"Rodri, el l\u00edder que ped\u00eda Flick"},"content":{"rendered":"<p class=\"ft-text\"><strong>Hansi Flick<\/strong> no es un entrenador al que le guste ofrecer muchos titulares en sus ruedas de prensa, pero s\u00ed que tiene muy claro qu\u00e9 debe decir y c\u00f3mo debe hacerlo para que su mensaje llegue a quien tenga que llegar. La temporada pasada escogi\u00f3 dos frases que todo seguidor del Bar\u00e7a  recordar\u00e1 a la perfecci\u00f3n.<\/p>\n<p class=\"ft-text\"><a class=\"ft-link ft-link--decoration\" href=\"https:\/\/www.sport.es\/es\/videos\/barca\/20250901\/hansi-flick-egos-matan-exito\/121140669.shtml\" rel=\"nofollow noopener\" target=\"_blank\">\u201cLos egos matan al \u00e9xito\u201d, dijo tras ver demasiadas cosas que no le gustaban en las primeras semanas de competici\u00f3n<\/a>. El toque a la plantilla surti\u00f3 efecto. Los jugadores reaccionaron a tiempo y el equipo blaugrana revalid\u00f3 la Liga. Despu\u00e9s de la eliminaci\u00f3n de la Copa del Rey y de la Champions League a manos del Atl\u00e9tico de Madrid, Flick asegur\u00f3 p\u00fablicamente que su proyecto necesitaba \u201cl\u00edderes\u201d.<\/p>\n<p class=\"ft-text\">\u201cEn este deporte todo se decide por peque\u00f1os detalles. En este tramo final de temporada es importante tener a todos los jugadores disponibles. <strong>De Jong o Raphinha no estaban; no es una excusa, pero es importante. El a\u00f1o pasado ten\u00edamos a I\u00f1igo, que estuvo fant\u00e1stico\u2026 necesitamos liderazgo<\/strong>. En los entrenamientos estoy muy contento porque se ve, pero en unos cuartos de Champions necesitas jugadores maduros que asuman ese rol\u201d, argument\u00f3.<\/p>\n<p>Salidas de piezas clave<\/p>\n<p class=\"ft-text\">Si Deco ya afrontaba la presente ventana del mercado de fichajes con esta premisa entre ceja y ceja, las salidas de <strong>Robert Lewandowski<\/strong> y <strong>Ronald Araujo<\/strong>, dos l\u00edderes del vestuario en los dos primeros a\u00f1os de Hansi en el banquillo cul\u00e9, a\u00fan convirtieron en m\u00e1s imperiosa esta necesidad. La llegada de Rodri, que tiene todo el sentido del mundo a nivel deportivo y, adem\u00e1s, es una buena oportunidad de mercado a nivel econ\u00f3mico, tambi\u00e9n debe entenderse en esta l\u00ednea.<\/p>\n<p class=\"ft-text\">Ya explicamos hace unos d\u00edas en SPORT que <a class=\"ft-link ft-link--decoration\" href=\"https:\/\/www.sport.es\/es\/noticias\/barca\/flick-pide-liderazgo-experiencia-barca-133306946\" rel=\"nofollow noopener\" target=\"_blank\">el entrenador alem\u00e1n pidi\u00f3 a la direcci\u00f3n deportiva a jugadores con experiencia y galones tras quedarse sin \u2018Lewy\u2019 y Araujo<\/a>. La plantilla del Bar\u00e7a atesora una calidad enorme, pero es muy joven y necesita de jugadores que aporten madurez y saber estar en los momentos de m\u00e1s presi\u00f3n.<\/p>\n<p class=\"ft-text\">La Champions League es el gran objetivo para la pr\u00f3xima temporada y, <strong>sin l\u00edderes, es posible que el conjunto catal\u00e1n repita los errores que lo han condenado en el pasado reciente<\/strong>. Ya son m\u00e1s de diez a\u00f1os sin levantar la \u2018orejona\u2019 y los seguidores azulgranas tienen muchas ganas de volver a ganarla.<\/p>\n","protected":false},"excerpt":{"rendered":"Hansi Flick no es un entrenador al que le guste ofrecer muchos titulares en sus ruedas de prensa,&hellip;\n","protected":false},"author":2,"featured_media":715220,"comment_status":"","ping_status":"","sticky":false,"template":"","format":"standard","meta":{"footnotes":""},"categories":[268],"tags":[168,25,24,881,4970,280,282,13342,5564,59260,35098,281,23,167],"class_list":["post-715219","post","type-post","status-publish","format-standard","has-post-thumbnail","category-futbol","tag-deportes","tag-es","tag-espana","tag-fc-barcelona","tag-flick","tag-football","tag-futbol","tag-hansi-flick","tag-lider","tag-pedia","tag-rodri","tag-soccer","tag-spain","tag-sports"],"share_on_mastodon":{"url":"https:\/\/pubeurope.com\/@es\/117107896256812725","error":""},"_links":{"self":[{"href":"https:\/\/www.europesays.com\/es\/wp-json\/wp\/v2\/posts\/715219","targetHints":{"allow":["GET"]}}],"collection":[{"href":"https:\/\/www.europesays.com\/es\/wp-json\/wp\/v2\/posts"}],"about":[{"href":"https:\/\/www.europesays.com\/es\/wp-json\/wp\/v2\/types\/post"}],"author":[{"embeddable":true,"href":"https:\/\/www.europesays.com\/es\/wp-json\/wp\/v2\/users\/2"}],"replies":[{"embeddable":true,"href":"https:\/\/www.europesays.com\/es\/wp-json\/wp\/v2\/comments?post=715219"}],"version-history":[{"count":0,"href":"https:\/\/www.europesays.com\/es\/wp-json\/wp\/v2\/posts\/715219\/revisions"}],"wp:featuredmedia":[{"embeddable":true,"href":"https:\/\/www.europesays.com\/es\/wp-json\/wp\/v2\/media\/715220"}],"wp:attachment":[{"href":"https:\/\/www.europesays.com\/es\/wp-json\/wp\/v2\/media?parent=715219"}],"wp:term":[{"taxonomy":"category","embeddable":true,"href":"https:\/\/www.europesays.com\/es\/wp-json\/wp\/v2\/categories?post=715219"},{"taxonomy":"post_tag","embeddable":true,"href":"https:\/\/www.europesays.com\/es\/wp-json\/wp\/v2\/tags?post=715219"}],"curies":[{"name":"wp","href":"https:\/\/api.w.org\/{rel}","templated":true}]}}