{"id":715405,"date":"2026-08-17T02:44:19","date_gmt":"2026-08-17T02:44:19","guid":{"rendered":"https:\/\/www.europesays.com\/es\/715405\/"},"modified":"2026-08-17T02:44:19","modified_gmt":"2026-08-17T02:44:19","slug":"taylor-swift-impone-estilo-en-londres-tras-su-boda-vestido-lila-y-accesorios-de-lujo","status":"publish","type":"post","link":"https:\/\/www.europesays.com\/es\/715405\/","title":{"rendered":"Taylor Swift impone estilo en Londres tras su boda: vestido lila y accesorios de lujo"},"content":{"rendered":"<p><img alt=\"Mujer con vestido floral lila y sandalias de tac\u00f3n saliendo de una puerta roja. Visible cartel de 'Fire exit' y uno que dice 'Please keep this door close'\" class=\"global-image\" decoding=\"async\" fetchpriority=\"high\" height=\"2767\" loading=\"eager\" src=\"https:\/\/www.europesays.com\/es\/wp-content\/uploads\/2026\/08\/ZRPHE3KSQNBVLCW6RIHLGYHTOQ.JPG\" width=\"1920\"\/>Taylor Swift reaparece en Londres y reactiva el inter\u00e9s por su vida social tras semanas de discreci\u00f3n (Grosby)<\/p>\n<p>16 Ago, 2026 02:28 p. m. EST<\/p>\n<p class=\"paragraph\" data-paragraph-number=\"1\"><a href=\"https:\/\/www.infobae.com\/tag\/taylor-swift\/\" target=\"_blank\" rel=\"noreferrer nofollow noopener\" title=\"https:\/\/www.infobae.com\/tag\/taylor-swift\/\"><b>Taylor Swift <\/b><\/a>volvi\u00f3 a marcar el pulso de la moda con una aparici\u00f3n en <b>Londres<\/b> que r\u00e1pidamente se convirti\u00f3 en tema de conversaci\u00f3n. Luego de semanas alejadas de los flashes tras su <b>boda con Travis Kelce en Nueva York<\/b>, la cantante se reencontr\u00f3 con el centro de la escena y dej\u00f3 en claro que su afinidad con el <b>estilo<\/b> sigue intacta.<\/p>\n<p class=\"paragraph\" data-paragraph-number=\"2\">Durante la <b>noche londinense<\/b>, Swift despleg\u00f3 una vez m\u00e1s su sello inconfundible. Cada detalle de su look revel\u00f3 una curadur\u00eda minuciosa, fiel a la est\u00e9tica que ha consolidado a lo largo de los \u00faltimos a\u00f1os. <\/p>\n<p class=\"paragraph\" data-paragraph-number=\"3\">La artista, que mantiene bajo estricto hermetismo las im\u00e1genes oficiales de su <b>vestido nupcial dise\u00f1ado por Jonathan Anderson para Dior<\/b>, sum\u00f3 a\u00fan m\u00e1s expectativa a su reciente salida.<\/p>\n<p><img alt=\"El anillo de compromiso Kindred Lubeck funciona como pieza simb\u00f3lica central del estilismo (REUTERS\/Andrew Kelly\/File Photo)\" class=\"global-image\" decoding=\"async\" fetchpriority=\"low\" height=\"2669\" loading=\"lazy\" src=\"https:\/\/www.europesays.com\/es\/wp-content\/uploads\/2026\/08\/367HEWWHYRBXJB5F4ZGNWHM6R4.JPG\" width=\"2036\"\/>El anillo de compromiso Kindred Lubeck funciona como pieza simb\u00f3lica central del estilismo (REUTERS\/Andrew Kelly\/File Photo)<\/p>\n<p class=\"paragraph\" data-paragraph-number=\"4\">La reaparici\u00f3n en <b>Londres<\/b> no solo reaviv\u00f3 la fascinaci\u00f3n por su vida personal, sino que tambi\u00e9n reafirm\u00f3 su estatus como <b>referente indiscutido de estilo contempor\u00e1neo<\/b>. Las c\u00e1maras la captaron ya entrada la madrugada, al salir de <b>Annabel\u2019s<\/b>, confirmando que, donde va, <b>Taylor Swift<\/b> impone tendencia.<\/p>\n<p class=\"paragraph\" data-paragraph-number=\"5\">La elecci\u00f3n del minivestido color jacaranda de la firma Delphine marc\u00f3 el tono de la velada: una prenda corta, de tirantes finos y silueta entallada, adornada con un estampado floral brillante en tonos rosados y rojizos.<\/p>\n<p class=\"paragraph\" data-paragraph-number=\"6\"> El color lila, tendencia indiscutible de la temporada, potenci\u00f3 la luminosidad de su piel y realz\u00f3 su presencia en un entorno dominado por la iluminaci\u00f3n nocturna.<\/p>\n<p class=\"paragraph\" data-paragraph-number=\"7\"><b>Sandalias italianas<\/b> de tiras firmadas por Aquazzura completaron el conjunto. Este modelo, que se ha convertido en uno de los favoritos de la cantante, aport\u00f3 un toque de ligereza y modernidad, fusionando elegancia cl\u00e1sica con detalles met\u00e1licos contempor\u00e1neos. <\/p>\n<p><img alt=\"El clavi-cut con flequillo recto redefine la imagen de Taylor Swift con una apuesta m\u00e1s estructurada (REUTERS\/File Photo)\" class=\"global-image\" decoding=\"async\" fetchpriority=\"low\" height=\"3399\" loading=\"lazy\" src=\"https:\/\/www.europesays.com\/es\/wp-content\/uploads\/2026\/08\/5PH66BWQEVC25OYDNP74ZREGTI.JPG\" width=\"5099\"\/>El clavi-cut con flequillo recto redefine la imagen de Taylor Swift con una apuesta m\u00e1s estructurada (REUTERS\/File Photo)<\/p>\n<p class=\"paragraph\" data-paragraph-number=\"8\">El bolso de hombro de <b>Christian Louboutin<\/b>, en tonos plateado, verde chartreuse y morado, sum\u00f3 un gui\u00f1o de lujo y originalidad.<\/p>\n<p class=\"paragraph\" data-paragraph-number=\"9\">El estilismo de Taylor Swift se consolid\u00f3 como uno de los m\u00e1s influyentes y vers\u00e1tiles de la industria del entretenimiento. <\/p>\n<p class=\"paragraph\" data-paragraph-number=\"10\">A lo largo de su carrera, la cantante demostr\u00f3 una habilidad \u00fanica para reinterpretar los c\u00f3digos de la moda, adapt\u00e1ndose con naturalidad a distintos contextos y tendencias sin perder su sello personal. <\/p>\n<p><img alt=\"Taylor Swift usa la moda como una extensi\u00f3n coherente de su identidad p\u00fablica (REUTERS\/Kylie Cooper)\" class=\"global-image\" decoding=\"async\" fetchpriority=\"low\" height=\"5686\" loading=\"lazy\" src=\"https:\/\/www.europesays.com\/es\/wp-content\/uploads\/2026\/08\/ITXFQAHHAVB2ROQ7PU5XQ4JXGA.JPG\" width=\"3791\"\/>Taylor Swift usa la moda como una extensi\u00f3n coherente de su identidad p\u00fablica (REUTERS\/Kylie Cooper)<\/p>\n<p class=\"paragraph\" data-paragraph-number=\"11\">En los eventos formales y <b>alfombras rojas<\/b>, Swift se reconoce por su preferencia por vestidos largos o de c\u00f3ctel con cortes definidos y detalles que capturan la atenci\u00f3n, como bordados florales, aplicaciones de brillo o vol\u00famenes arquitect\u00f3nicos. <\/p>\n<p class=\"paragraph\" data-paragraph-number=\"12\">Suele optar por <b>tejidos nobles y paletas crom\u00e1ticas <\/b>que resaltan tanto su complexi\u00f3n como su personalidad. Los accesorios en estos contextos se mantienen discretos, predominando piezas met\u00e1licas peque\u00f1as, pendientes, pulseras finas, anillos, que aportan sofisticaci\u00f3n sin sobrecargar el conjunto. <\/p>\n<p class=\"paragraph\" data-paragraph-number=\"13\">El maquillaje, casi siempre centrado en labios rojos intensos y delineado negro, se ha convertido en un sello inconfundible de sus apariciones en galas y premiaciones.<\/p>\n<p><img alt=\"La cantante combina sofisticaci\u00f3n y frescura con prendas cortas de silueta entallada (REUTERS\/Mario Anzuoni)\" class=\"global-image\" decoding=\"async\" fetchpriority=\"low\" height=\"3667\" loading=\"lazy\" src=\"https:\/\/www.europesays.com\/es\/wp-content\/uploads\/2026\/08\/5WRUD7PG7VB7HBOU3EYNEGB6HI.JPG\" width=\"5500\"\/>La cantante combina sofisticaci\u00f3n y frescura con prendas cortas de silueta entallada (REUTERS\/Mario Anzuoni)<\/p>\n<p class=\"paragraph\" data-paragraph-number=\"14\">En<b> escenarios y presentaciones<\/b> musicales, Taylor explora una faceta m\u00e1s audaz y moderna de su estilo. No es raro verla con vestidos cortos, prendas con aplicaciones tornasoladas o detalles brillantes, cortes asim\u00e9tricos y sandalias de tiras. <\/p>\n<p class=\"paragraph\" data-paragraph-number=\"15\">Esta imagen de artista pop, segura y contempor\u00e1nea, convive con la elegancia de siluetas cl\u00e1sicas y tejidos satinados. <\/p>\n<p class=\"paragraph\" data-paragraph-number=\"16\">El peinado suele acompa\u00f1ar esta propuesta con ondas suaves o el cabello recogido de manera sencilla, permitiendo que la atenci\u00f3n se concentre en el vestuario.<\/p>\n<p><img alt=\"Taylor Swift construye su estilismo con una coherencia reconocible entre moda, belleza y actitud (AP\/Natacha Pisarenko, archivo)\" class=\"global-image\" decoding=\"async\" fetchpriority=\"low\" height=\"3572\" loading=\"lazy\" src=\"https:\/\/www.europesays.com\/es\/wp-content\/uploads\/2026\/08\/4OYACGKOKZH73DAM5FJVKV2SXM.jpg\" width=\"5357\"\/>Taylor Swift construye su estilismo con una coherencia reconocible entre moda, belleza y actitud (AP\/Natacha Pisarenko, archivo)<\/p>\n<p class=\"paragraph\" data-paragraph-number=\"17\">Para sus momentos cotidianos y apariciones urbanas, Swift elige prendas de l\u00edneas simples que incorpora detalles distintivos: faldas satinadas, tops de tirantes finos, bolsos peque\u00f1os y cadenas doradas. <\/p>\n<p class=\"paragraph\" data-paragraph-number=\"18\">Los colores neutros y las ca\u00eddas suaves definen estos conjuntos, que reflejan una sobriedad adaptable a diferentes situaciones. <\/p>\n<p class=\"paragraph\" data-paragraph-number=\"19\">En salidas nocturnas informales, suele recurrir a vestidos de encaje negro, botines de tac\u00f3n y bolsos compactos, evocando una est\u00e9tica de inspiraci\u00f3n retro con gui\u00f1os a la<b> moda de los a\u00f1os 60 y 70<\/b>.<\/p>\n<p><img alt=\"Taylor Swift\" class=\"global-image\" decoding=\"async\" fetchpriority=\"low\" height=\"5000\" loading=\"lazy\" src=\"https:\/\/www.europesays.com\/es\/wp-content\/uploads\/2026\/08\/WUCUEXKCGVDVZOCKDMC6SCLWMA.JPG\" width=\"4130\"\/>Los cortes entallados y las proporciones cortas aportan una imagen juvenil sin perder elegancia (The Grosby Group)<\/p>\n<p class=\"paragraph\" data-paragraph-number=\"20\">En contextos deportivos o de invierno, la cantante se decanta por prendas c\u00f3modas y abrigadas, como chaquetas oversize con estampados gr\u00e1ficos, gorros de lana y botas con suela gruesa. <\/p>\n<p class=\"paragraph\" data-paragraph-number=\"21\">Las <b>medias en colores intensos <\/b>y los accesorios, como bolsos de cadena o guantes de cuero, aportan un toque chic incluso en los climas fr\u00edos o situaciones informales. <\/p>\n<p class=\"paragraph\" data-paragraph-number=\"22\">Este enfoque denota una preocupaci\u00f3n constante por el equilibrio entre funcionalidad y estilo.<\/p>\n<p><img alt=\"looks de 2025 - Taylor Swift y Travis Kelce\" class=\"global-image\" decoding=\"async\" fetchpriority=\"low\" height=\"2717\" loading=\"lazy\" src=\"https:\/\/www.europesays.com\/es\/wp-content\/uploads\/2026\/08\/1786934658_65_CV3BGBWCIZBYBBJT6B2SZ7IMTE.JPG\" width=\"1920\"\/>Los accesorios de firmas de lujo aparecen como detalles puntuales, no como protagonista absoluto (Grosby)<\/p>\n<p class=\"paragraph\" data-paragraph-number=\"23\">El cabello de Swift ha sido un elemento central en su identidad visual. Suelen predominar los <b>peinados sueltos, con ondas suaves y flequillo recto o lateral<\/b>, que dotan de estructura y juventud a su imagen.<\/p>\n<p class=\"paragraph\" data-paragraph-number=\"24\">El calzado y los accesorios constituyen otro pilar de su estilo. Alterna entre sandalias de tiras en eventos formales, botines de cuero para el d\u00eda a d\u00eda y botas con cordones en contextos urbanos o deportivos. <\/p>\n<p class=\"paragraph\" data-paragraph-number=\"25\">Prefiere bolsos compactos y piezas met\u00e1licas peque\u00f1as, manteniendo la sobriedad en la mayor\u00eda de sus elecciones. <\/p>\n<p><img alt=\"Las joyas se integran por significado y por dise\u00f1o, con un enfoque de sofisticaci\u00f3n discreta (REUTERS)\" class=\"global-image\" decoding=\"async\" fetchpriority=\"low\" height=\"2809\" loading=\"lazy\" src=\"https:\/\/www.europesays.com\/es\/wp-content\/uploads\/2026\/08\/QSLURT4D64H4FMD2BJ7JI5XAKA.jpg\" width=\"1873\"\/>Las joyas se integran por significado y por dise\u00f1o, con un enfoque de sofisticaci\u00f3n discreta (REUTERS)<\/p>\n<p class=\"paragraph\" data-paragraph-number=\"26\">En cuanto a colores y texturas, Swift se mueve con soltura entre tonos vivos, met\u00e1licos, neutros y pasteles, aprovechando tejidos satinados, encajes, bordados y aplicaciones seg\u00fan la ocasi\u00f3n.<\/p>\n<p class=\"paragraph\" data-paragraph-number=\"27\">Una de las claves del \u00e9xito estil\u00edstico de Taylor Swift radica en su capacidad para mantener coherencia sin estancarse. <\/p>\n<p><img alt=\"El peinado y el flequillo act\u00faan como rasgo constante que sostiene su identidad visual (REUTERS)\" class=\"global-image\" decoding=\"async\" fetchpriority=\"low\" height=\"3588\" loading=\"lazy\" src=\"https:\/\/www.europesays.com\/es\/wp-content\/uploads\/2026\/08\/AODKACTPZHNATWGJSEEQ4PM34U.jpg\" width=\"5382\"\/>El peinado y el flequillo act\u00faan como rasgo constante que sostiene su identidad visual (REUTERS)<\/p>\n<p class=\"paragraph\" data-paragraph-number=\"28\">Sabe adaptar los recursos de la moda a cada contexto, diferenciando sus apariciones por el uso inteligente del <b>color, la textura y los accesorios<\/b>, pero siempre respetando una l\u00ednea est\u00e9tica clara y reconocible. <\/p>\n<p class=\"paragraph\" data-paragraph-number=\"29\">Su imagen proyecta <b>sofisticaci\u00f3n, modernidad y autenticidad<\/b>, consolidando su posici\u00f3n como referente de moda tanto sobre el escenario como en la vida cotidiana.<\/p>\n","protected":false},"excerpt":{"rendered":"Taylor Swift reaparece en Londres y reactiva el inter\u00e9s por su vida social tras semanas de discreci\u00f3n (Grosby)&hellip;\n","protected":false},"author":2,"featured_media":715406,"comment_status":"","ping_status":"","sticky":false,"template":"","format":"standard","meta":{"footnotes":""},"categories":[174],"tags":[255,1155,146,147,25,24,256,1965,63398,23,3945,128190],"class_list":["post-715405","post","type-post","status-publish","format-standard","has-post-thumbnail","category-famosos","tag-celebrities","tag-edificio","tag-entertainment","tag-entretenimiento","tag-es","tag-espana","tag-famosos","tag-salida","tag-sandalias","tag-spain","tag-taylor-swift","tag-vestido-floral"],"share_on_mastodon":{"url":"https:\/\/pubeurope.com\/@es\/117108558244637261","error":""},"_links":{"self":[{"href":"https:\/\/www.europesays.com\/es\/wp-json\/wp\/v2\/posts\/715405","targetHints":{"allow":["GET"]}}],"collection":[{"href":"https:\/\/www.europesays.com\/es\/wp-json\/wp\/v2\/posts"}],"about":[{"href":"https:\/\/www.europesays.com\/es\/wp-json\/wp\/v2\/types\/post"}],"author":[{"embeddable":true,"href":"https:\/\/www.europesays.com\/es\/wp-json\/wp\/v2\/users\/2"}],"replies":[{"embeddable":true,"href":"https:\/\/www.europesays.com\/es\/wp-json\/wp\/v2\/comments?post=715405"}],"version-history":[{"count":0,"href":"https:\/\/www.europesays.com\/es\/wp-json\/wp\/v2\/posts\/715405\/revisions"}],"wp:featuredmedia":[{"embeddable":true,"href":"https:\/\/www.europesays.com\/es\/wp-json\/wp\/v2\/media\/715406"}],"wp:attachment":[{"href":"https:\/\/www.europesays.com\/es\/wp-json\/wp\/v2\/media?parent=715405"}],"wp:term":[{"taxonomy":"category","embeddable":true,"href":"https:\/\/www.europesays.com\/es\/wp-json\/wp\/v2\/categories?post=715405"},{"taxonomy":"post_tag","embeddable":true,"href":"https:\/\/www.europesays.com\/es\/wp-json\/wp\/v2\/tags?post=715405"}],"curies":[{"name":"wp","href":"https:\/\/api.w.org\/{rel}","templated":true}]}}