{"id":715534,"date":"2026-08-17T04:42:29","date_gmt":"2026-08-17T04:42:29","guid":{"rendered":"https:\/\/www.europesays.com\/es\/715534\/"},"modified":"2026-08-17T04:42:29","modified_gmt":"2026-08-17T04:42:29","slug":"casa-no-castelo-goncalo-gracio","status":"publish","type":"post","link":"https:\/\/www.europesays.com\/es\/715534\/","title":{"rendered":"Casa no Castelo \/ Gon\u00e7alo Gr\u00e1cio"},"content":{"rendered":"<p><a class=\"js-image-size__link \" href=\"https:\/\/www.archdaily.com\/es\/1183350\/casa-no-castelo-goncalo-gracio\/6a7df1f63cf96c0001782794-castelo-house-goncalo-gracio-photo\" rel=\"attachment nofollow noopener\" style=\"width: 100%;\" target=\"_blank\"><img decoding=\"async\" alt=\"Casa no Castelo \/ Gon\u00e7alo Gr\u00e1cio - Fotograf\u00eda interior, Madera, Iluminaci\u00f3n, Mesas, Sillas, Dormitorio, Camas\" data-nr-picture-id=\"6a7df1f63cf96c0001782794\" fetchpriority=\"high\" height=\"479\" itemprop=\"image\" loading=\"eager\" longdesc=\"https:\/\/www.archdaily.com\/es\/1183350\/casa-no-castelo-goncalo-gracio\/6a7df1f63cf96c0001782794-castelo-house-goncalo-gracio-photo\" src=\"https:\/\/www.europesays.com\/es\/wp-content\/uploads\/2026\/08\/01.jpg\" style=\"min-height: var(--featured-height, auto); aspect-ratio: auto 640 \/ 479\" width=\"640\"\/><\/a>\u00a9 Nuno Noronha Almendra<\/p>\n<p class=\"thumbs afd-desktop-e\"><a class=\"thumbs__link\" data-nr-picture-id=\"6a7df1f73cf96c0001782798\" href=\"https:\/\/www.archdaily.com\/es\/1183350\/casa-no-castelo-goncalo-gracio\/6a7df1f73cf96c0001782798-castelo-house-goncalo-gracio-photo\" rel=\"attachment nofollow noopener\" target=\"_blank\"><img loading=\"lazy\" decoding=\"async\" alt=\"Casa no Castelo \/ Gon\u00e7alo Gr\u00e1cio - Fotograf\u00eda interior, Dormitorio, Madera, Camas, Iluminaci\u00f3n\" class=\"thumbs__img b-lazy\" data-nr-picture-id=\"6a7df1f73cf96c0001782798\" data-pin-nopin=\"true\" src=\"https:\/\/www.europesays.com\/es\/wp-content\/uploads\/2026\/08\/04.jpg\" height=\"125\" longdesc=\"https:\/\/www.archdaily.com\/es\/1183350\/casa-no-castelo-goncalo-gracio\/6a7df1f73cf96c0001782798-castelo-house-goncalo-gracio-photo\" title=\"\u00a9 Nuno Noronha Almendra\" width=\"125\"\/><\/a><a class=\"thumbs__link\" data-nr-picture-id=\"6a7df1f73cf96c0001782799\" href=\"https:\/\/www.archdaily.com\/es\/1183350\/casa-no-castelo-goncalo-gracio\/6a7df1f73cf96c0001782799-castelo-house-goncalo-gracio-photo\" rel=\"attachment nofollow noopener\" target=\"_blank\"><img loading=\"lazy\" decoding=\"async\" alt=\"Casa no Castelo \/ Gon\u00e7alo Gr\u00e1cio - Fotograf\u00eda interior, Comedor, Madera, Sillas, Mesas, Iluminaci\u00f3n\" class=\"thumbs__img b-lazy\" data-nr-picture-id=\"6a7df1f73cf96c0001782799\" data-pin-nopin=\"true\" src=\"https:\/\/www.europesays.com\/es\/wp-content\/uploads\/2026\/08\/05.jpg\" height=\"125\" longdesc=\"https:\/\/www.archdaily.com\/es\/1183350\/casa-no-castelo-goncalo-gracio\/6a7df1f73cf96c0001782799-castelo-house-goncalo-gracio-photo\" title=\"\u00a9 Nuno Noronha Almendra\" width=\"125\"\/><\/a><a class=\"thumbs__link\" data-nr-picture-id=\"6a7df1f83cf96c000178279d\" href=\"https:\/\/www.archdaily.com\/es\/1183350\/casa-no-castelo-goncalo-gracio\/6a7df1f83cf96c000178279d-castelo-house-goncalo-gracio-photo\" rel=\"attachment nofollow noopener\" target=\"_blank\"><img loading=\"lazy\" decoding=\"async\" alt=\"Casa no Castelo \/ Gon\u00e7alo Gr\u00e1cio - Fotograf\u00eda interior, Iluminaci\u00f3n\" class=\"thumbs__img b-lazy\" data-nr-picture-id=\"6a7df1f83cf96c000178279d\" data-pin-nopin=\"true\" src=\"https:\/\/www.europesays.com\/es\/wp-content\/uploads\/2026\/08\/09.jpg\" height=\"125\" longdesc=\"https:\/\/www.archdaily.com\/es\/1183350\/casa-no-castelo-goncalo-gracio\/6a7df1f83cf96c000178279d-castelo-house-goncalo-gracio-photo\" title=\"\u00a9 Nuno Noronha Almendra\" width=\"125\"\/><\/a><a class=\"thumbs__link\" data-nr-picture-id=\"6a7df1f73cf96c000178279a\" href=\"https:\/\/www.archdaily.com\/es\/1183350\/casa-no-castelo-goncalo-gracio\/6a7df1f73cf96c000178279a-castelo-house-goncalo-gracio-photo\" rel=\"attachment nofollow noopener\" target=\"_blank\"><img loading=\"lazy\" decoding=\"async\" alt=\"Casa no Castelo \/ Gon\u00e7alo Gr\u00e1cio - Fotograf\u00eda interior, Madera, Iluminaci\u00f3n, Sillas\" class=\"thumbs__img b-lazy\" data-nr-picture-id=\"6a7df1f73cf96c000178279a\" data-pin-nopin=\"true\" src=\"https:\/\/www.europesays.com\/es\/wp-content\/uploads\/2026\/08\/06.jpg\" height=\"125\" longdesc=\"https:\/\/www.archdaily.com\/es\/1183350\/casa-no-castelo-goncalo-gracio\/6a7df1f73cf96c000178279a-castelo-house-goncalo-gracio-photo\" title=\"\u00a9 Nuno Noronha Almendra\" width=\"125\"\/><\/a><a class=\"thumbs__link afd-desktop-e\" href=\"https:\/\/www.archdaily.com\/es\/1183350\/casa-no-castelo-goncalo-gracio\/6a7df1f63cf96c0001782794-castelo-house-goncalo-gracio-photo\" rel=\"nofollow noopener\" target=\"_blank\"><img decoding=\"async\" alt=\"Casa no Castelo \/ Gon\u00e7alo Gr\u00e1cio - M\u00e1s Im\u00e1genes\" class=\"thumbs__img b-lazy\" src=\"https:\/\/www.europesays.com\/es\/wp-content\/uploads\/2026\/08\/01.jpg\" itemprop=\"image\" bad-src=\"data:image\/gif;base64,R0lGODlhAQABAIAAAAUEBAAAACwAAAAAAQABAAACAkQBADs=\"\/>+ 11<\/a><\/p>\n<p class=\"article-meta__author\">Curado por <strong>Susanna Moreira<\/strong><\/p>\n<p class=\"article-meta__original-version\">Lee la versi\u00f3n original en portugu\u00e9s <a href=\"https:\/\/www.archdaily.com\/pt\/1183271\/casa-no-castelo-goncalo-gracio\" rel=\"nofollow noopener\" target=\"_blank\">aqu\u00ed<\/a>.<\/p>\n<p>    Compartir<\/p>\n<p>Compartir<\/p>\n<ul class=\"afd-share__networks clearfix\">\n<li class=\"afd-share__social\"><a aria-label=\"Facebook\" class=\"afd-share__button\" data-insights-category=\"share\" data-insights-label=\"facebook_sharing_options\" data-insights-value=\"1183350\" data-social=\"facebook\" href=\"https:\/\/www.facebook.com\/sharer\/sharer.php?u=https:\/\/www.archdaily.cl\/es\/1183350\/casa-no-castelo-goncalo-gracio\" rel=\"nofollow noopener\" target=\"_blank\"><\/a>\n<p>Facebook<\/p>\n<\/li>\n<li class=\"afd-share__social\"><a aria-label=\"Twitter\" class=\"afd-share__button\" data-insights-category=\"share\" data-insights-label=\"twitter_sharing_options\" data-insights-value=\"1183350\" data-social=\"twitter\" href=\"https:\/\/twitter.com\/intent\/tweet?text=Casa%20no%20Castelo%20%2F%20Gon%C3%A7alo%20Gr%C3%A1cio&amp;url=https:\/\/www.archdaily.cl\/es\/1183350\/casa-no-castelo-goncalo-gracio&amp;via=parq\" rel=\"nofollow noopener\" target=\"_blank\"><\/a>\n<p>Twitter<\/p>\n<\/li>\n<li class=\"afd-share__social\"><a class=\"afd-share__button\" data-insights-category=\"share\" data-insights-label=\"email_sharing_options\" data-insights-value=\"1183350\" data-social=\"email\" href=\"mailto:?subject=Casa no Castelo \/ Gon\u00e7alo Gr\u00e1cio&amp;body=https:\/\/www.archdaily.cl\/es\/1183350\/casa-no-castelo-goncalo-gracio\"><\/a>\n<p>Mail<\/p>\n<\/li>\n<li class=\"afd-share__social\"><a aria-label=\"Pinterest\" class=\"afd-share__button\" data-insights-category=\"share\" data-insights-label=\"pinterest_sharing_options\" data-insights-value=\"1183350\" data-social=\"pinterest\" href=\"https:\/\/pinterest.com\/pin\/create\/button\/?url=https%3A%2F%2Fwww.archdaily.cl%2Fes%2F1183350%2Fcasa-no-castelo-goncalo-gracio&amp;media=https%3A%2F%2Fimages.adsttc.com%2Fmedia%2Fimages%2F6a7d%2Ff1f6%2F3cf9%2F6c00%2F0178%2F2794%2Flarge_jpg%2F01.jpg%3F1786638868&amp;description=Casa%20no%20Castelo%20%2F%20Gon%C3%A7alo%20Gr%C3%A1cio\" rel=\"nofollow noopener\" target=\"_blank\"><\/a>\n<p>Pinterest<\/p>\n<\/li>\n<li class=\"afd-share__social\"><a aria-label=\"Whatsapp\" class=\"afd-share__button\" data-action=\"share\/whatsapp\/share\" data-insights-category=\"share\" data-insights-label=\"whatsapp_sharing_options\" data-insights-value=\"1183350\" data-social=\"whatsapp\" href=\"whatsapp:\/\/send?text=Casa+no+Castelo+%2F+Gon%C3%A7alo+Gr%C3%A1cio+%7C+https%3A%2F%2Fwww.archdaily.cl%2Fes%2F1183350%2Fcasa-no-castelo-goncalo-gracio%3Futm_source%3DWhatsapp%26utm_medium%3DIM%26utm_campaign%3Dshare-button\" rel=\"nofollow\"><\/a>\n<p>Whatsapp<\/p>\n<\/li>\n<\/ul>\n<p>O<\/p>\n<p>https:\/\/www.archdaily.cl\/es\/1183350\/casa-no-castelo-goncalo-gracio<\/p>\n<p>  Portapapeles<\/p>\n<p>              \u00abCOPY\u00bb<\/p>\n<p>Copiar<br \/>\n<a class=\"js-image-size__link lazy-anchor\" href=\"https:\/\/www.archdaily.com\/es\/1183350\/casa-no-castelo-goncalo-gracio\/6a7df1f63cf96c0001782796-castelo-house-goncalo-gracio-photo\" rel=\"nofollow noopener\" target=\"_blank\"><img decoding=\"async\" alt=\"Casa no Castelo \/ Gon\u00e7alo Gr\u00e1cio - Imagen 6 de 16\" data-nr-picture-id=\"6a7df1f63cf96c0001782796\" height=\"427\" itemprop=\"image\" loading=\"lazy\" longdesc=\"https:\/\/www.archdaily.com\/es\/1183350\/casa-no-castelo-goncalo-gracio\/6a7df1f63cf96c0001782796-castelo-house-goncalo-gracio-photo\" src=\"https:\/\/www.europesays.com\/es\/wp-content\/uploads\/2026\/08\/02.jpg\" width=\"640\"\/>\u00a9 Nuno Noronha Almendra<\/a><\/p>\n<p>Descripci\u00f3n enviada por el equipo del proyecto. La casa est\u00e1 ubicada en un contexto hist\u00f3rico, dentro del burgo medieval de <a href=\"https:\/\/www.archdaily.com\/es\/tag\/castelo-de-vide\" rel=\"nofollow noopener\" target=\"_blank\">Castelo de Vide<\/a>. El proyecto busco valorizar la autenticidad del lugar y respetar la preexistencia, preservando la l\u00f3gica espacial intimista.<\/p>\n<p><img decoding=\"async\" src=\"https:\/\/www.europesays.com\/es\/wp-content\/uploads\/2026\/08\/1786941749_483_loader-blue.gif\" alt=\"Content Loader\" style=\"width: 40px; margin: 24px;\"\/><script async src=\"https:\/\/platform.twitter.com\/widgets.js\" charset=\"utf-8\"><\/script><\/p>\n","protected":false},"excerpt":{"rendered":"\u00a9 Nuno Noronha Almendra + 11 Curado por Susanna Moreira Lee la versi\u00f3n original en portugu\u00e9s aqu\u00ed. Compartir&hellip;\n","protected":false},"author":2,"featured_media":715535,"comment_status":"","ping_status":"","sticky":false,"template":"","format":"standard","meta":{"footnotes":""},"categories":[173],"tags":[801,802,229,233,231,230,3738,128207,232,234,146,147,25,24,39639,23],"class_list":["post-715534","post","type-post","status-publish","format-standard","has-post-thumbnail","category-arte-y-diseno","tag-arquitectura","tag-arquitectura-residencial","tag-arte","tag-arte-y-diseno","tag-arts","tag-arts-and-design","tag-casas","tag-castelo-de-vide","tag-design","tag-diseno","tag-entertainment","tag-entretenimiento","tag-es","tag-espana","tag-remodelaciones","tag-spain"],"share_on_mastodon":{"url":"https:\/\/pubeurope.com\/@es\/117109022097816837","error":""},"_links":{"self":[{"href":"https:\/\/www.europesays.com\/es\/wp-json\/wp\/v2\/posts\/715534","targetHints":{"allow":["GET"]}}],"collection":[{"href":"https:\/\/www.europesays.com\/es\/wp-json\/wp\/v2\/posts"}],"about":[{"href":"https:\/\/www.europesays.com\/es\/wp-json\/wp\/v2\/types\/post"}],"author":[{"embeddable":true,"href":"https:\/\/www.europesays.com\/es\/wp-json\/wp\/v2\/users\/2"}],"replies":[{"embeddable":true,"href":"https:\/\/www.europesays.com\/es\/wp-json\/wp\/v2\/comments?post=715534"}],"version-history":[{"count":0,"href":"https:\/\/www.europesays.com\/es\/wp-json\/wp\/v2\/posts\/715534\/revisions"}],"wp:featuredmedia":[{"embeddable":true,"href":"https:\/\/www.europesays.com\/es\/wp-json\/wp\/v2\/media\/715535"}],"wp:attachment":[{"href":"https:\/\/www.europesays.com\/es\/wp-json\/wp\/v2\/media?parent=715534"}],"wp:term":[{"taxonomy":"category","embeddable":true,"href":"https:\/\/www.europesays.com\/es\/wp-json\/wp\/v2\/categories?post=715534"},{"taxonomy":"post_tag","embeddable":true,"href":"https:\/\/www.europesays.com\/es\/wp-json\/wp\/v2\/tags?post=715534"}],"curies":[{"name":"wp","href":"https:\/\/api.w.org\/{rel}","templated":true}]}}