{"id":715736,"date":"2026-08-17T07:23:16","date_gmt":"2026-08-17T07:23:16","guid":{"rendered":"https:\/\/www.europesays.com\/es\/715736\/"},"modified":"2026-08-17T07:23:16","modified_gmt":"2026-08-17T07:23:16","slug":"kira-miro-la-actriz-de-machos-alfa-y-la-pelicula-tres-de-mas-se-apunta-a-practicar-kitesurf-durante-sus-vacaciones-en-tarifa","status":"publish","type":"post","link":"https:\/\/www.europesays.com\/es\/715736\/","title":{"rendered":"Kira Mir\u00f3, la actriz de &#8216;Machos alfa&#8217; y la pel\u00edcula &#8216;Tres de m\u00e1s&#8217;, se apunta a practicar kitesurf durante sus vacaciones en Tarifa"},"content":{"rendered":"<p data-journey-content=\"true\" data-node-id=\"3\" class=\"css-1ood0zq emevuu60\"><strong data-node-id=\"3.0\"><a href=\"https:\/\/www.diezminutos.es\/moda-belleza\/moda\/a27715353\/kira-miro-gente-con-estilo-moda\/\" target=\"_blank\" data-vars-ga-outbound-link=\"https:\/\/www.diezminutos.es\/moda-belleza\/moda\/a27715353\/kira-miro-gente-con-estilo-moda\/\" data-vars-ga-ux-element=\"Hyperlink\" data-vars-ga-call-to-action=\"Kira Mir\u00f3\" data-node-id=\"3.0.0\" class=\"body-link css-1v1lrc0 emevuu60\" rel=\"nofollow noopener\">Kira Mir\u00f3<\/a> lleva col\u00e1ndose en nuestras pantallas desde hace 27 a\u00f1os. <\/strong>Su primera aparici\u00f3n fue con apenas 19, como una de las presentadoras del magazine juvenil de Antena 3 &#8216;Desesperado Club Social&#8217;, por el que tambi\u00e9n pasaron Eduardo Ald\u00e1n, M\u00f3nica Hoyos, <a href=\"https:\/\/www.diezminutos.es\/famosos-corazon\/famosos-espanoles\/g46866248\/christian-galvez-vida\/\" target=\"_blank\" data-vars-ga-outbound-link=\"https:\/\/www.diezminutos.es\/famosos-corazon\/famosos-espanoles\/g46866248\/christian-galvez-vida\/\" data-vars-ga-ux-element=\"Hyperlink\" data-vars-ga-call-to-action=\"Christian G\u00e1lvez\" data-node-id=\"3.2\" class=\"body-link css-1v1lrc0 emevuu60\" rel=\"nofollow noopener\">Christian G\u00e1lvez<\/a> o Ra\u00fal Pe\u00f1a. Desde entonces, <strong data-node-id=\"3.4\">la canaria ha ido aprovechando oportunidades en cine, televisi\u00f3n y teatro, convirti\u00e9ndose en uno de los rostros m\u00e1s populares de nuestra industria audiovisual.<\/strong> Ha trabajado con \u00c1lex de la Iglesia, Almod\u00f3var, Nacho G. Velilla o Hugo Mart\u00edn Cuervo, demostrando que se mueve con igual soltura en comedia que en drama o terror, y en estas casi 3 d\u00e9cadas de carrera, tambi\u00e9n ha dejado una importante impronta en televisi\u00f3n, con series como &#8216;LEX&#8217;, &#8216;Punta escarlata&#8217;, la telenovela &#8216;Servir y proteger&#8217; o &#8216;Perverso&#8217;. Con ese trabajo a sus espaldas, no extra\u00f1a que actualmente atraviese un gran momento profesional, con <strong data-node-id=\"3.6\">un 2026 cargado de estrenos, desde la <a href=\"https:\/\/www.diezminutos.es\/teleprograma\/series-tv\/a71025678\/machos-alfa-temporada-5-reparto-capitulos-estreno\/\" target=\"_blank\" data-vars-ga-outbound-link=\"https:\/\/www.diezminutos.es\/teleprograma\/series-tv\/a71025678\/machos-alfa-temporada-5-reparto-capitulos-estreno\/\" data-vars-ga-ux-element=\"Hyperlink\" data-vars-ga-call-to-action=\"quinta temporada de &#039;Machos alfa&#039;\" data-node-id=\"3.6.1\" class=\"body-link css-1v1lrc0 emevuu60\" rel=\"nofollow noopener\">quinta temporada de &#8216;Machos alfa&#8217;<\/a><\/strong>, su segunda colaboraci\u00f3n con los hermanos Caballero tras &#8216;La que se avecina&#8217;; <strong data-node-id=\"3.8\"><a href=\"https:\/\/www.diezminutos.es\/telenovela\/espanolas\/a71867252\/nancho-novo-abuelo-cascarrabias-olivia-disney-damian-de-la-reina-suenos-de-libertad\/\" target=\"_blank\" data-vars-ga-outbound-link=\"https:\/\/www.diezminutos.es\/telenovela\/espanolas\/a71867252\/nancho-novo-abuelo-cascarrabias-olivia-disney-damian-de-la-reina-suenos-de-libertad\/\" data-vars-ga-ux-element=\"Hyperlink\" data-vars-ga-call-to-action=\"&#039;Olivia&#039;\" data-node-id=\"3.8.0\" class=\"body-link css-1v1lrc0 emevuu60\" rel=\"nofollow noopener\">&#8216;Olivia&#8217;<\/a> y el filme de Netflix &#8216;La desconocida&#8217;, adem\u00e1s del estreno en salas de &#8216;Solos&#8217; y &#8216;Tres de m\u00e1s&#8217;<\/strong>, en los que vuelve a trabajar con su actual pareja, el tambi\u00e9n actor (y <a href=\"https:\/\/www.diezminutos.es\/famosos-corazon\/famosos-espanoles\/a63717895\/salva-reina-gana-premio-goya\/\" target=\"_blank\" data-vars-ga-outbound-link=\"https:\/\/www.diezminutos.es\/famosos-corazon\/famosos-espanoles\/a63717895\/salva-reina-gana-premio-goya\/\" data-vars-ga-ux-element=\"Hyperlink\" data-vars-ga-call-to-action=\"ganador de un Goya\" data-node-id=\"3.10\" class=\"body-link css-1v1lrc0 emevuu60\" rel=\"nofollow noopener\">ganador de un Goya<\/a>) Salva Reina. Con esa actividad, no extra\u00f1a que Kira Mir\u00f3 se haya reservado unos d\u00edas de vacaciones este verano en los que desconectar, aunque quiz\u00e1 no descansar. A <strong data-node-id=\"3.12\">la actriz siempre le ha gustado la adrenalina y lo ha vuelto a demostrar en su reciente escapada a tierras gaditanas<\/strong>, donde hemos podido verla entregada a uno de los deportes acu\u00e1ticos m\u00e1s excitantes que, adem\u00e1s, es una de sus grandes pasiones.<\/p>\n<p><img draggable=\"true\" alt=\"kira miro se prepara para hacer kitesurf en tarifa, cadiz\" title=\"Kira Miro se prepara para hacer kitesurf en Tarifa, Cadiz\" fetchpriority=\"high\" width=\"3000\" height=\"4499\" decoding=\"async\" data-nimg=\"1\" style=\"color:transparent;width:100%;height:auto;\"   src=\"https:\/\/www.europesays.com\/es\/wp-content\/uploads\/2026\/08\/172dbe4e-255b-4553-bfc3-4bb39c3c327d.jpg\" class=\"css-0 e1ddfba50\"\/><\/p>\n<p>Agencias<\/p>\n<p> La actriz de &#8216;Machos alfa&#8217; Kira Mir\u00f3 se apunta al kitesurf en Tarifa<\/p>\n<p data-journey-content=\"true\" data-node-id=\"12\" class=\"css-1ood0zq emevuu60\">Con el verano bien avanzado, son muchos los famosos que desconectan de la rutina en sus vacaciones y algunos de ellos est\u00e1n sorprendiendo con sus planes estivales. Una de ellas es <strong data-node-id=\"12.1\">Kira Mir\u00f3, que, huyendo del bullicio, ha reservado unos d\u00edas en Tarifa para relajarse en el mar y aprovechar los vientos de la zona para disfrutar de una de sus actividades favoritas.<\/strong> Ella, que siempre <a href=\"https:\/\/www.diezminutos.es\/famosos-corazon\/famosos-espanoles\/a27714089\/kira-miro-gente-estilo-entrevista\/\" target=\"_blank\" data-vars-ga-outbound-link=\"https:\/\/www.diezminutos.es\/famosos-corazon\/famosos-espanoles\/a27714089\/kira-miro-gente-estilo-entrevista\/\" data-vars-ga-ux-element=\"Hyperlink\" data-vars-ga-call-to-action=\"ha reconocido que &quot;vive con mucha intensidad&quot;\" data-node-id=\"12.3\" class=\"body-link css-1v1lrc0 emevuu60\" rel=\"nofollow noopener\">ha reconocido que \u00abvive con mucha intensidad\u00bb<\/a>, durante una ma\u00f1ana playera no pis\u00f3 el chiringuito ni descans\u00f3 en la tumbona, sino que<strong data-node-id=\"12.5\"> aprovech\u00f3 para practicar kitesurf, una de sus grandes pasiones. <\/strong><\/p>\n<p><img draggable=\"true\" alt=\"kira miro se prepara para hacer kitesurf en tarifa, cadiz\" title=\"Kira Miro se prepara para hacer kitesurf en Tarifa, Cadiz\" loading=\"lazy\" width=\"3932\" height=\"3000\" decoding=\"async\" data-nimg=\"1\" style=\"color:transparent;width:100%;height:auto;\"   src=\"https:\/\/www.europesays.com\/es\/wp-content\/uploads\/2026\/08\/d7fc16e0-3b7b-46b3-9ef6-b1c6947135a1.jpg\" class=\"css-0 e1ddfba50\"\/><\/p>\n<p>Agencias<\/p>\n<p data-journey-content=\"true\" data-node-id=\"20\" class=\"css-1ood0zq emevuu60\">Hace casi una d\u00e9cada, Kira Mir\u00f3 viaj\u00f3 sola a Brasil y se enganch\u00f3 a este deporte, tambi\u00e9n conocido como &#8216;surf de cometa&#8217;, que se ha convertido en \u00abla mejor de las terapias\u00bb. <strong data-node-id=\"20.1\">\u00abMe encanta la sensaci\u00f3n de tener todo el mar para ti, la inmensidad, el viento y la cometa y t\u00fa navegando;<\/strong> es una sensaci\u00f3n de libertad y de adrenalina a la vez, porque es un deporte de riesgo\u00bb, explic\u00f3. <\/p>\n<p data-journey-content=\"true\" data-node-id=\"26\" class=\"css-1ood0zq emevuu60\">En esta ocasi\u00f3n no le acompa\u00f1\u00f3 su chico, <strong data-node-id=\"26.1\">Salva Reina, con el que ha estrenado este verano la comedia &#8216;Tres de m\u00e1s&#8217;, su sexta pel\u00edcula juntos <\/strong>tras <a href=\"https:\/\/www.diezminutos.es\/teleprograma\/series-tv\/a63901402\/kira-miro-salva-reina-todos-lo-hacen-pelicula-inicios-amor-relacion-donde-ver-netflix\/\" target=\"_blank\" data-vars-ga-outbound-link=\"https:\/\/www.diezminutos.es\/teleprograma\/series-tv\/a63901402\/kira-miro-salva-reina-todos-lo-hacen-pelicula-inicios-amor-relacion-donde-ver-netflix\/\" data-vars-ga-ux-element=\"Hyperlink\" data-vars-ga-call-to-action=\"&#039;Todos lo hacen&#039; (2022), en cuyo rodaje se conocieron, iniciando as\u00ed su relaci\u00f3n\" data-node-id=\"26.3\" class=\"body-link css-1v1lrc0 emevuu60\" rel=\"nofollow noopener\">&#8216;Todos lo hacen&#8217; (2022), en cuyo rodaje se conocieron, iniciando as\u00ed su relaci\u00f3n<\/a>, &#8216;Vienes o voy&#8217; (pel\u00edcula presentada en el Festival de M\u00e1laga de 2022 que a\u00fan no se ha estrenado en Espa\u00f1a), &#8216;Cu\u00e1nto me queda&#8217; (2023), <a href=\"https:\/\/www.diezminutos.es\/teleprograma\/series-tv\/a73182268\/pelicula-netflix-comedia-espanola-perfecta-verano\/\" target=\"_blank\" data-vars-ga-outbound-link=\"https:\/\/www.diezminutos.es\/teleprograma\/series-tv\/a73182268\/pelicula-netflix-comedia-espanola-perfecta-verano\/\" data-vars-ga-ux-element=\"Hyperlink\" data-vars-ga-call-to-action=\"&#039;\u00bfQui\u00e9n es qui\u00e9n?&#039;\" data-node-id=\"26.5\" class=\"body-link css-1v1lrc0 emevuu60\" rel=\"nofollow noopener\">&#8216;\u00bfQui\u00e9n es qui\u00e9n?&#8217;<\/a> (2024) y &#8216;Solos&#8217; (2026), disponible en Movistar Plus+ desde el 12 de agosto. En la \u00faltima comedia de Mar Olid, Salva y Kira interpretan a una pareja sin hijos que tiene que lidiar con tres ni\u00f1os de forma repentina que insisten en llamarlos mam\u00e1 y pap\u00e1, garantizando enredos divertidos para casi toda la familia, ya que ha sido calificada para mayores de 7 a\u00f1os. Esta pareja, que ya supera los 4 a\u00f1os de relaci\u00f3n, ya ha dejado grandes halagos mutuos entre ambos actores: <strong data-node-id=\"26.7\">\u00abEs el hombre de mi vida, el mejor compa\u00f1ero de aventuras\u00bb, escribi\u00f3 ella en Instagram al celebrar el estreno de la pel\u00edcula. <\/strong><\/p>\n","protected":false},"excerpt":{"rendered":"Kira Mir\u00f3 lleva col\u00e1ndose en nuestras pantallas desde hace 27 a\u00f1os. Su primera aparici\u00f3n fue con apenas 19,&hellip;\n","protected":false},"author":2,"featured_media":715737,"comment_status":"","ping_status":"","sticky":false,"template":"","format":"standard","meta":{"footnotes":""},"categories":[174],"tags":[255,253,146,147,25,24,256,12719,23],"class_list":["post-715736","post","type-post","status-publish","format-standard","has-post-thumbnail","category-famosos","tag-celebrities","tag-discover","tag-entertainment","tag-entretenimiento","tag-es","tag-espana","tag-famosos","tag-print","tag-spain"],"share_on_mastodon":{"url":"https:\/\/pubeurope.com\/@es\/117109654806293517","error":""},"_links":{"self":[{"href":"https:\/\/www.europesays.com\/es\/wp-json\/wp\/v2\/posts\/715736","targetHints":{"allow":["GET"]}}],"collection":[{"href":"https:\/\/www.europesays.com\/es\/wp-json\/wp\/v2\/posts"}],"about":[{"href":"https:\/\/www.europesays.com\/es\/wp-json\/wp\/v2\/types\/post"}],"author":[{"embeddable":true,"href":"https:\/\/www.europesays.com\/es\/wp-json\/wp\/v2\/users\/2"}],"replies":[{"embeddable":true,"href":"https:\/\/www.europesays.com\/es\/wp-json\/wp\/v2\/comments?post=715736"}],"version-history":[{"count":0,"href":"https:\/\/www.europesays.com\/es\/wp-json\/wp\/v2\/posts\/715736\/revisions"}],"wp:featuredmedia":[{"embeddable":true,"href":"https:\/\/www.europesays.com\/es\/wp-json\/wp\/v2\/media\/715737"}],"wp:attachment":[{"href":"https:\/\/www.europesays.com\/es\/wp-json\/wp\/v2\/media?parent=715736"}],"wp:term":[{"taxonomy":"category","embeddable":true,"href":"https:\/\/www.europesays.com\/es\/wp-json\/wp\/v2\/categories?post=715736"},{"taxonomy":"post_tag","embeddable":true,"href":"https:\/\/www.europesays.com\/es\/wp-json\/wp\/v2\/tags?post=715736"}],"curies":[{"name":"wp","href":"https:\/\/api.w.org\/{rel}","templated":true}]}}