{"id":715748,"date":"2026-08-17T07:31:12","date_gmt":"2026-08-17T07:31:12","guid":{"rendered":"https:\/\/www.europesays.com\/es\/715748\/"},"modified":"2026-08-17T07:31:12","modified_gmt":"2026-08-17T07:31:12","slug":"madrid-rinde-hoy-homenaje-en-sus-calles-a-federico-garcia-lorca-en-el-90-aniversario-de-su-asesinato-servimedia-es","status":"publish","type":"post","link":"https:\/\/www.europesays.com\/es\/715748\/","title":{"rendered":"Madrid rinde hoy homenaje en sus calles a Federico Garc\u00eda Lorca en el 90 aniversario de su asesinato &#8211; servimedia.es"},"content":{"rendered":"<ol>\n<li><a href=\"https:\/\/news.google.com\/rss\/articles\/CBMiwwFBVV95cUxPVm5RUGJQX0w4NGZVOXBlR1pGejY5amFNb2ZfWERGck1WcjFsT1BuVkJINmR1NFEyVDBUeGZEUFVnNndQVFhvbGtvWDdsR2tOaUxHMnhvSy12ejYwMDY0N0x4ZHBVMWJ1b3pJMWZuYkVXSi1JYlVuYWxaS3ZrSjdhd09KZFRPTFdGTm1GcWR5UzQxOXExM1h5dFJFU3VLdGNPaDVlMHgzZmVUdkFlZThxVTk3TUhRSHZrUDUtanJ1S1RwSEU?oc=5\" target=\"_blank\" rel=\"nofollow noopener\">Madrid rinde hoy homenaje en sus calles a Federico Garc\u00eda Lorca en el 90 aniversario de su asesinato<\/a>&nbsp;&nbsp;servimedia.es<\/li>\n<li><a href=\"https:\/\/news.google.com\/rss\/articles\/CBMihgJBVV95cUxPdkM0S2o4V3dzWWxxM28zS0t4OEppNjNrNnU3WUQwaVVmenpwd21EUzktYkswdFhLM1YxUEN6TnNQOWlES3JsbTI0SFlPbDBZNlcyRE9laTRwWFhFRzQ2Y2diRDJWWmNFbGxHczNpajRJY2s1aDZ5dkp6Wm8wY1JhamFJRUdRLWdhM1RabkpWX0pxVUxVRm1PbnlxR1hIMXQxWWdKMlVzZDFVQVVBVnFXT0gxOWpFVzBPN3dWLVpuNnU2b1NOWFpFX1hBNDhoNnhZcWcxMm93N2s1d215eWlQUld3U1VXU3I5eU1HeW91Ukd5WDI4UktBcFlDTWFhUU51OHRzT3lB0gGGAkFVX3lxTE5oTW4zYW9Fdjgzc3lwS2JtM3dGS2FTV2c1N29od2UwZjctUURLOWpwQVUweXp1ZTRwUzNOZmF5QkdBakdqT0tNN1lhZWI1ME0wc2Y4RUM0ODljS0ZBaTlKNnppVm5NMWM2Um9KRDZQcHU1Zm1qbURncU9BcVVzMzBGc2RUUmZURDU5MEotdExrLXZqVG9icHlDd0tTVkx1dFNFOVEzZ2VFVEFxSGVndHdJclREckU1bHl3bmNwbFViUXhrcmdNQ0J0bC1aRF9TRVRkWjNDM1NTNUU1YnNIYkVMTTE4SXRnOE5HOGdVd0dUMzJtZ1c3M19QYTRaaHlYbFljZjc5dEE?oc=5\" target=\"_blank\" rel=\"nofollow noopener\">90 a\u00f1os sin Lorca, el brillante escritor que se convirti\u00f3 en s\u00edmbolo de la represi\u00f3n tras su fusilamiento al comienzo de la Guerra Civil<\/a>&nbsp;&nbsp;LaSexta<\/li>\n<li><a href=\"https:\/\/news.google.com\/rss\/articles\/CBMizwFBVV95cUxPT21ZYWE5OHJYZlhBVnBLR2ZfUjYtS25oWUdfNGNmQkdRUC1ZVm9ZM2xwLU9nc2IyRXRqNDJYZjNGS0J5Nmt0ak5BMGJydXppVnZpWUJRNm9qcjM4RUZwaE5FZGxpeTRiMElzbldCY1F2VXMtdFp5enR2MExINGxJNkdzcWpEWlNJMnZzeE1CSjAtUV9CdHplbDlrVzd4bHBNSTd4Q3NJYnNJQ2FNX01OQXhQMDR3R202S1ZiRV9xTUVBckdpVTRoVm1ocjVBR1XSAdQBQVVfeXFMT3NVVkNMLVl3RDU2cTRDaTJHQ2RudmR0aEt3OFJCLWF6N3NDQ0xXX3A0d1lMWS0tY09TQ2FGNUZZT08yQ1R3WXM1NnR5aHMxUk5FM3VOckw5UlFlRGM3WU9pajQ1TWNmbmZ1djZiREc2TjdrX3RQb05WcU15bllDNEFDeDQ0Q1p2WUtEU0FFbEMzOXZBQjdzQXlvT1lvUFFDaTl1R0N0NGtYMWZBNUhhVDA2bGdZZDlqYWRncnBqWGU2MjA3SmhVd3JRN1owVHNMYmFBclY?oc=5\" target=\"_blank\" rel=\"nofollow noopener\">El asesinato de Lorca vivido por Luis Rosales, el poeta falangista que se jug\u00f3 la vida para salvarlo<\/a>&nbsp;&nbsp;elespanol.com<\/li>\n<li><a href=\"https:\/\/news.google.com\/rss\/articles\/CBMi4gFBVV95cUxOeERCaXVBVlMycjM5dXFITHFVdi1nY2pYQS1PdHA2Rl9CVG1zQmtnR2dfZGF1bVd5SUxKeThuRVR1aUU1dnljVlFkSnZYci0wdmYyNThKbk80ZDltR3Nqb0gtMW1SdTBvbGNaSklTMFpQXzdHT1FsZlVDYW5KRXNyYm96RDJHNlRzdk92TkhBVGJFQWQxYld0S1JDMFdwZEtjNlF3ZmtuNXpIdjlGc2JDVlI2bG5oWXNWRDF5RmFrVWR5Y0NSQ3NmRGFjd2V6VjFJU29DS183NDhLdmpoZVhvTGVR0gHiAUFVX3lxTE1GX1JZMHp3bEpHSWtTU1BZS2pDRDNmY2RUc29ybTVVX1BmdjF2UVZpNjJlak5nVUgwVS1vQXhtazBmMjFHWTVZcjAtcFVPV2NUQlh3NlZPdVUyb1hrMWxSVjlZYjJLZmpDS3lzMExRM1QwQ1ZWaEc4R2pxekkyMzl2Wnc4MEtkUUxNSXJRUVZZLVMyZjFkeTRaUmJYVlAxYkRuRmZ3MFl3VTFFRmhsWVFISTJnTVZiNE96czJTTW5BR1lYWU9qOEpMa05mVGpaNmNGcWpNeG5zQ2p0S1JxMDZqRUE?oc=5\" target=\"_blank\" rel=\"nofollow noopener\">De los diarios in\u00e9ditos de su \u00faltimo amante a &#8216;La bola negra&#8217; de los Javis: la memoria de Lorca resurge en el 90 aniversario de su asesinato<\/a>&nbsp;&nbsp;El Peri\u00f3dico<\/li>\n<li><a href=\"https:\/\/news.google.com\/rss\/articles\/CBMijwFBVV95cUxQamtwLWdQd0ZyZEtOSVpyWlpuZld0OWw1VVdYSUFROWZ6aE82RUp2MDl6OFREQnBFcC1lcHlha3VqSzN0OW95T2lvTEVoVThWQnJ3aTA5bDZvV3Z6R19wR3BkWkI4SHJlSUtEZHZUWWFXaDhGc3huQTM2Y1lXNUZ5SWppMVpTMTFKelpQUzRkOA?oc=5\" target=\"_blank\" rel=\"nofollow noopener\">Lorca, un icono \u2018queer\u2019 y un archivo censurado<\/a>&nbsp;&nbsp;EL PA\u00cdS<\/li>\n<\/ol>\n","protected":false},"excerpt":{"rendered":"Madrid rinde hoy homenaje en sus calles a Federico Garc\u00eda Lorca en el 90 aniversario de su asesinato&nbsp;&nbsp;servimedia.es&hellip;\n","protected":false},"author":2,"featured_media":715749,"comment_status":"","ping_status":"","sticky":false,"template":"","format":"standard","meta":{"footnotes":""},"categories":[91],"tags":[6848,209,146,147,25,24,3616,3618,2178,35119,205,492,23],"class_list":["post-715748","post","type-post","status-publish","format-standard","has-post-thumbnail","category-entretenimiento","tag-autonomias","tag-cultura","tag-entertainment","tag-entretenimiento","tag-es","tag-espana","tag-federico-garcia-lorca","tag-guerra-civil","tag-igualdad","tag-lgtbi","tag-madrid","tag-sociedad","tag-spain"],"share_on_mastodon":{"url":"https:\/\/pubeurope.com\/@es\/117109685391109160","error":""},"_links":{"self":[{"href":"https:\/\/www.europesays.com\/es\/wp-json\/wp\/v2\/posts\/715748","targetHints":{"allow":["GET"]}}],"collection":[{"href":"https:\/\/www.europesays.com\/es\/wp-json\/wp\/v2\/posts"}],"about":[{"href":"https:\/\/www.europesays.com\/es\/wp-json\/wp\/v2\/types\/post"}],"author":[{"embeddable":true,"href":"https:\/\/www.europesays.com\/es\/wp-json\/wp\/v2\/users\/2"}],"replies":[{"embeddable":true,"href":"https:\/\/www.europesays.com\/es\/wp-json\/wp\/v2\/comments?post=715748"}],"version-history":[{"count":0,"href":"https:\/\/www.europesays.com\/es\/wp-json\/wp\/v2\/posts\/715748\/revisions"}],"wp:featuredmedia":[{"embeddable":true,"href":"https:\/\/www.europesays.com\/es\/wp-json\/wp\/v2\/media\/715749"}],"wp:attachment":[{"href":"https:\/\/www.europesays.com\/es\/wp-json\/wp\/v2\/media?parent=715748"}],"wp:term":[{"taxonomy":"category","embeddable":true,"href":"https:\/\/www.europesays.com\/es\/wp-json\/wp\/v2\/categories?post=715748"},{"taxonomy":"post_tag","embeddable":true,"href":"https:\/\/www.europesays.com\/es\/wp-json\/wp\/v2\/tags?post=715748"}],"curies":[{"name":"wp","href":"https:\/\/api.w.org\/{rel}","templated":true}]}}