{"id":715858,"date":"2026-08-17T08:45:11","date_gmt":"2026-08-17T08:45:11","guid":{"rendered":"https:\/\/www.europesays.com\/es\/715858\/"},"modified":"2026-08-17T08:45:11","modified_gmt":"2026-08-17T08:45:11","slug":"ultima-hora-de-la-entrada-de-inmigrantes-a-ceuta-en-directo-el-presidente-de-ceuta-amenaza-al-gobierno-con-acudir-al-poder-judicial-si-no-resuelve-la-crisis-en-30-dias-espana","status":"publish","type":"post","link":"https:\/\/www.europesays.com\/es\/715858\/","title":{"rendered":"\u00daltima hora de la entrada de inmigrantes a Ceuta, en directo | El presidente de Ceuta amenaza al Gobierno con acudir al poder judicial si no resuelve la crisis en 30 d\u00edas | Espa\u00f1a"},"content":{"rendered":"<p class=\"ev-title\">El presidente de Ceuta amenaza al Gobierno con acudir al Poder Judicial si no resuelve la crisis en 30 d\u00edas<\/p>\n<p>El presidente de Ceuta, el popular Juan Vivas, ha cambiado el tono mantenido estos d\u00edas contra el Gobierno central, a quien hab\u00eda atacado pero sin cargar las tintas tanto como este lunes. \u201cEn los primeros d\u00edas de agosto, [el Gobierno] pretendi\u00f3 maquillar la realidad afirmando que hab\u00eda recuperado la normalidad\u201d, ha denunciado Vivas en una comparecencia tras un Consejo de Gobierno extraordinario. \u201cDespu\u00e9s, pasividad casi absoluta a la hora de tomar medidas para llegar a la normalidad\u201d, ha a\u00f1adido, antes de insinuar\u00a0que podr\u00eda haber una intenci\u00f3n soterrada de La Moncloa para no restituir la situaci\u00f3n. Ha dicho que una posible raz\u00f3n de la inacci\u00f3n del Gobierno podr\u00eda ser \u201cno molestar al vecino para mantener lo que se considera unas pseudo buenas relaciones\u201d y que por ello no se act\u00faa \u201ccon la debida firmeza y contundencia ante un hipot\u00e9tico plan concebido desde el otro lado que tenga por finalidad golpear sucesivamente a Ceuta hasta la ca\u00edda definitiva de Ceuta\u201d. \u201cOjal\u00e1 no sea esta la raz\u00f3n. Lo digo de coraz\u00f3n\u201d, ha dicho Vivas.<\/p>\n<p>Adem\u00e1s,\u00a0ha dado un plazo de 30 d\u00edas para que cambie todo o anuncia que acudir\u00e1n a otras instancias, entre ellas judiciales.\u00a0\u201cMi intenci\u00f3n es transmitir la situaci\u00f3n a la presidenta del Tribunal Supremo y al presidente\u00a0del Constitucional si me quieren recibir. El Poder Judicial es la piedra angular del Estado de Derecho. Ceuta vive un Estado de excepci\u00f3n\u201d, ha denunciado.\u00a0<\/p>\n<p>\u00abLos ceut\u00edes no nos vamos a rendir, el Gobierno es una parte muy importante del Estado, pero no es todo el Estado, tenemos la firme determinaci\u00f3n de seguir insistiendo y pedir a otras instancias p\u00fablicas y al conjunto de la sociedad espa\u00f1ola, pero vamos a recurrir a otras instancias del Estado, Cortes Generales, poder judicial, comunidades aut\u00f3nomas, federaci\u00f3n de municipios y Europa\u201d, ha remachado.<\/p>\n","protected":false},"excerpt":{"rendered":"El presidente de Ceuta amenaza al Gobierno con acudir al Poder Judicial si no resuelve la crisis en&hellip;\n","protected":false},"author":2,"featured_media":715859,"comment_status":"","ping_status":"","sticky":false,"template":"","format":"standard","meta":{"footnotes":""},"categories":[5],"tags":[1161,17,18,4486,25,24,13,14,14341,2069,14655,11,590,895,15398,628,19,20,4485,892,9,10,15,16,2959,23,12,21,22],"class_list":["post-715858","post","type-post","status-publish","format-standard","has-post-thumbnail","category-titulares","tag-aeropuertos","tag-breaking-news","tag-breakingnews","tag-ceuta","tag-es","tag-espana","tag-featured-news","tag-featurednews","tag-fernando-grande-marlaska","tag-fronteras","tag-giorgia-meloni","tag-headlines","tag-inmigracion","tag-inmigracion-irregular","tag-inmigracion-irregular-espana","tag-italia","tag-latest-news","tag-latestnews","tag-marruecos","tag-migracion","tag-news","tag-noticias","tag-noticias-destacadas","tag-noticiasdestacadas","tag-pedro-sanchez","tag-spain","tag-titulares","tag-ultimas-noticias","tag-ultimasnoticias"],"share_on_mastodon":{"url":"","error":"Validation failed: Text character limit of 500 exceeded"},"_links":{"self":[{"href":"https:\/\/www.europesays.com\/es\/wp-json\/wp\/v2\/posts\/715858","targetHints":{"allow":["GET"]}}],"collection":[{"href":"https:\/\/www.europesays.com\/es\/wp-json\/wp\/v2\/posts"}],"about":[{"href":"https:\/\/www.europesays.com\/es\/wp-json\/wp\/v2\/types\/post"}],"author":[{"embeddable":true,"href":"https:\/\/www.europesays.com\/es\/wp-json\/wp\/v2\/users\/2"}],"replies":[{"embeddable":true,"href":"https:\/\/www.europesays.com\/es\/wp-json\/wp\/v2\/comments?post=715858"}],"version-history":[{"count":0,"href":"https:\/\/www.europesays.com\/es\/wp-json\/wp\/v2\/posts\/715858\/revisions"}],"wp:featuredmedia":[{"embeddable":true,"href":"https:\/\/www.europesays.com\/es\/wp-json\/wp\/v2\/media\/715859"}],"wp:attachment":[{"href":"https:\/\/www.europesays.com\/es\/wp-json\/wp\/v2\/media?parent=715858"}],"wp:term":[{"taxonomy":"category","embeddable":true,"href":"https:\/\/www.europesays.com\/es\/wp-json\/wp\/v2\/categories?post=715858"},{"taxonomy":"post_tag","embeddable":true,"href":"https:\/\/www.europesays.com\/es\/wp-json\/wp\/v2\/tags?post=715858"}],"curies":[{"name":"wp","href":"https:\/\/api.w.org\/{rel}","templated":true}]}}