{"id":715884,"date":"2026-08-17T09:06:13","date_gmt":"2026-08-17T09:06:13","guid":{"rendered":"https:\/\/www.europesays.com\/es\/715884\/"},"modified":"2026-08-17T09:06:13","modified_gmt":"2026-08-17T09:06:13","slug":"el-ministro-israeli-ben-gvir-pide-matar-a-30-a-40-palestinos-al-dia-en-gaza-ni-siquiera-son-personas","status":"publish","type":"post","link":"https:\/\/www.europesays.com\/es\/715884\/","title":{"rendered":"El ministro israel\u00ed Ben Gvir pide matar a \u00ab30 a 40\u00bb palestinos al d\u00eda en Gaza: \u00abNi siquiera son personas\u00bb"},"content":{"rendered":"<p>  Por&amp;nbsp<a href=\"https:\/\/es.euronews.com\/perfiles\/3270\" rel=\"nofollow noopener\" target=\"_blank\">Malek Fouda<\/a>&amp;nbsp&amp;&amp;nbsp<b>Euronews en espa\u00f1ol<\/b><\/p>\n<p>\n         Publicado<br \/>\n            17\/08\/2026 &#8211; 9:59 CEST\n            <\/p>\n<p>Un diputado israel\u00ed extremista de la coalici\u00f3n del primer ministro Benjam\u00edn Netanyahu ha <strong>defendido p\u00fablicamente matar \u00abentre 30 y 40\u00bb personas en Gaza cada noche<\/strong> durante una entrevista que sali\u00f3 a la luz este el domingo.<\/p>\n<p>          <img decoding=\"async\" class=\"c-ad__placeholder__logo\" src=\"https:\/\/static.euronews.com\/website\/images\/logos\/logo-euronews-stacked-outlined-72x72-grey-9.svg\" width=\"72\" height=\"72\" alt=\"\" loading=\"lazy\"\/><br \/>\n          PUBLICIDAD<\/p>\n<p>          <img decoding=\"async\" class=\"c-ad__placeholder__logo\" src=\"https:\/\/static.euronews.com\/website\/images\/logos\/logo-euronews-stacked-outlined-72x72-grey-9.svg\" width=\"72\" height=\"72\" alt=\"\" loading=\"lazy\"\/><br \/>\n          PUBLICIDAD<\/p>\n<p>El ministro de Seguridad Nacional, <a href=\"https:\/\/es.euronews.com\/2026\/06\/19\/ministro-israeli-todo-libano-debe-arder-tras-4-soldados-muertos\" rel=\"nofollow noopener\" target=\"_blank\">Itamar Ben Gvir<\/a>, realiz\u00f3 estas afirmaciones en su p\u00f3dcast con Rom Braslavski, un antiguo reh\u00e9n retenido en Gaza. Ambos analizaban la recuperaci\u00f3n de Israel tras el ataque de Hamas del 7 de octubre, cuando Ben Gvir <strong>critic\u00f3 la reciente reducci\u00f3n de los bombardeos sobre Gaza<\/strong>.<\/p>\n<p>\u00abNo es ning\u00fan secreto, no estoy de acuerdo con el primer ministro\u00bb, dijo. \u00ab<strong>Creo que se deben llevar a cabo asesinatos selectivos en Gaza<\/strong>, eliminando entre 30 y 40 cada noche\u00bb, afirm\u00f3 el diputado israel\u00ed de extrema derecha. \u00abNo solo quienes representan una amenaza inmediata, hay personas all\u00ed que no son dignas de vivir. No deber\u00edan vivir. <strong>Ni siquiera son personas<\/strong>\u00ab, a\u00f1adi\u00f3 Ben Gvir.<\/p>\n<p>En el pasado, otras declaraciones similares de Ben Gvir fueron ampliamente condenadas. Muchas se han presentado ante la Corte Internacional de Justicia de la ONU <a href=\"https:\/\/es.euronews.com\/2025\/09\/16\/israel-ha-cometido-genocidio-contra-los-palestinos-en-gaza-declara-la-onu\" rel=\"nofollow noopener\" target=\"_blank\">como prueba de una intenci\u00f3n genocida<\/a>.<\/p>\n<p>Israel niega haber cometido genocidio en Gaza en una ofensiva militar que, seg\u00fan fuentes m\u00e9dicas, ha causado la muerte de <strong>m\u00e1s de 100.000 palestinos en Gaza en dos a\u00f1os<\/strong> y ha provocado desplazamientos masivos, hambrunas generalizadas y ataques mortales contra personas que esperaban en colas humanitarias o se alojaban en campamentos de refugiados.<\/p>\n<p>El ministro extremista, <a href=\"https:\/\/es.euronews.com\/my-europe\/2026\/05\/21\/italia-pide-sanciones-contra-ministro-israeli-ben-gvir-por-trato-humillante-flotilla\" rel=\"nofollow noopener\" target=\"_blank\">vetado en m\u00e1s de diez pa\u00edses como Francia, B\u00e9lgica, Espa\u00f1a, Reino Unido, Canad\u00e1 y Australia<\/a>, no tiene autoridad sobre las fuerzas armadas del pa\u00eds y no puede ordenar ataques sobre Gaza.<\/p>\n<p>Pero tras d\u00e9cadas movi\u00e9ndose en los m\u00e1rgenes de la extrema derecha israel\u00ed, ahora es una de las personas m\u00e1s influyentes del pa\u00eds: <strong>tiene un control considerable sobre partes clave del aparato de seguridad israel\u00ed<\/strong>; <a href=\"https:\/\/es.euronews.com\/my-europe\/2026\/05\/20\/espana-convoca-encargada-negocios-de-israel-tras-el-video-de-ben-gvir-y-la-flotilla\" rel=\"nofollow noopener\" target=\"_blank\">dirige las prisiones del pa\u00eds<\/a>, donde est\u00e1n encarcelados miles de palestinos de Gaza y de Cisjordania ocupada, as\u00ed como la Polic\u00eda nacional.<\/p>\n<p>En el pasado, el responsable <strong>se ha jactado de haber reducido las raciones de comida para los presos palestinos<\/strong>. El m\u00e1ximo tribunal israel\u00ed dictamin\u00f3 en 2025 que el servicio penitenciario bajo la direcci\u00f3n de Ben Gvir estaba privando a los palestinos de una dieta m\u00ednima de subsistencia.<\/p>\n<p>Hasta hace poco, Israel bombardeaba Gaza casi a diario; ataques que, seg\u00fan el Ministerio de Sanidad de Gaza, han causado la muerte de m\u00e1s de 1.250 personas desde la entrada en vigor de un presunto acuerdo de tregua en octubre. El Ej\u00e9rcito israel\u00ed, que afirma que los ataques se dirigen contra militantes de Ham\u00e1s, <strong>parece haber reducido los bombardeos en una discreta concesi\u00f3n<\/strong> al presidente Donald Trump, despu\u00e9s de que Netanyahu rechazara el \u00faltimo intento del mandatario de avanzar en la tregua.<\/p>\n<p>La semana pasada, los medios israel\u00edes informaron de que la autoridad para ordenar ataques <strong>se ha limitado ahora al jefe del Estado Mayor del Ej\u00e9rcito<\/strong>, lo que ha provocado la ira de diputados de derechas como Ben Gvir. En la misma intervenci\u00f3n grabada, el diputado defendi\u00f3 <strong>el desplazamiento forzado y en masa de palestinos desde Gaza<\/strong>: una propuesta que, seg\u00fan juristas internacionales, podr\u00eda equivaler a una limpieza \u00e9tnica y la recolonizaci\u00f3n de Gaza por parte de Israel.<\/p>\n<p>Hace 20 a\u00f1os, Israel se retir\u00f3 de la Franja de Gaza, desmantel\u00f3 un bloque de 21 asentamientos jud\u00edos conocido como Gush Katif y retir\u00f3 sus fuerzas. \u00ab<strong>Considero que toda Gaza es nuestra<\/strong>\u00ab, declar\u00f3 Ben Gvir en la entrevista. \u00ab[Quiero] asentamientos no solo en Gush Katif, sino en toda Gaza, fomentar tanta emigraci\u00f3n como sea posible, enviarlos a sus pa\u00edses, y para los terroristas, ninguna emigraci\u00f3n, nada, simplemente matarlos uno por uno\u00bb, a\u00f1adi\u00f3.<\/p>\n<p>Fuentes adicionales<strong> \u2022 AP<\/strong><\/p>\n","protected":false},"excerpt":{"rendered":"Por&amp;nbspMalek Fouda&amp;nbsp&amp;&amp;nbspEuronews en espa\u00f1ol Publicado 17\/08\/2026 &#8211; 9:59 CEST Un diputado israel\u00ed extremista de la coalici\u00f3n del primer&hellip;\n","protected":false},"author":2,"featured_media":715885,"comment_status":"","ping_status":"","sticky":false,"template":"","format":"standard","meta":{"footnotes":""},"categories":[42],"tags":[17,18,13,14,1256,79,75,11,61,62,63,64,74,19,20,9,10,15,16,33676,12,21,22,65,66,67],"class_list":["post-715884","post","type-post","status-publish","format-standard","has-post-thumbnail","category-internacional","tag-breaking-news","tag-breakingnews","tag-featured-news","tag-featurednews","tag-franja-de-gaza","tag-genocidio","tag-hamas","tag-headlines","tag-internacional","tag-international","tag-international-news","tag-internationalnews","tag-israel","tag-latest-news","tag-latestnews","tag-news","tag-noticias","tag-noticias-destacadas","tag-noticiasdestacadas","tag-sionismo","tag-titulares","tag-ultimas-noticias","tag-ultimasnoticias","tag-world","tag-world-news","tag-worldnews"],"share_on_mastodon":{"url":"https:\/\/pubeurope.com\/@es\/117110058847199674","error":""},"_links":{"self":[{"href":"https:\/\/www.europesays.com\/es\/wp-json\/wp\/v2\/posts\/715884","targetHints":{"allow":["GET"]}}],"collection":[{"href":"https:\/\/www.europesays.com\/es\/wp-json\/wp\/v2\/posts"}],"about":[{"href":"https:\/\/www.europesays.com\/es\/wp-json\/wp\/v2\/types\/post"}],"author":[{"embeddable":true,"href":"https:\/\/www.europesays.com\/es\/wp-json\/wp\/v2\/users\/2"}],"replies":[{"embeddable":true,"href":"https:\/\/www.europesays.com\/es\/wp-json\/wp\/v2\/comments?post=715884"}],"version-history":[{"count":0,"href":"https:\/\/www.europesays.com\/es\/wp-json\/wp\/v2\/posts\/715884\/revisions"}],"wp:featuredmedia":[{"embeddable":true,"href":"https:\/\/www.europesays.com\/es\/wp-json\/wp\/v2\/media\/715885"}],"wp:attachment":[{"href":"https:\/\/www.europesays.com\/es\/wp-json\/wp\/v2\/media?parent=715884"}],"wp:term":[{"taxonomy":"category","embeddable":true,"href":"https:\/\/www.europesays.com\/es\/wp-json\/wp\/v2\/categories?post=715884"},{"taxonomy":"post_tag","embeddable":true,"href":"https:\/\/www.europesays.com\/es\/wp-json\/wp\/v2\/tags?post=715884"}],"curies":[{"name":"wp","href":"https:\/\/api.w.org\/{rel}","templated":true}]}}