{"id":715910,"date":"2026-08-17T09:26:15","date_gmt":"2026-08-17T09:26:15","guid":{"rendered":"https:\/\/www.europesays.com\/es\/715910\/"},"modified":"2026-08-17T09:26:15","modified_gmt":"2026-08-17T09:26:15","slug":"los-titeres-de-cachiporra-de-lorca-adaptacion-radiofonica","status":"publish","type":"post","link":"https:\/\/www.europesays.com\/es\/715910\/","title":{"rendered":"&#8216;Los t\u00edteres de cachiporra&#8217; de Lorca: adaptaci\u00f3n radiof\u00f3nica"},"content":{"rendered":"<p>90\u00ba aniversario del asesinato de Federico Garc\u00eda Lorca.<\/p>\n<p>Nadie duda de que el <strong>Archivo Sonoro de Radio Nacional<\/strong> es el <strong>m\u00e1s importante<\/strong> de Espa\u00f1a, tanto por el volumen de sus fondos como por la riqueza de los mismos. Pero hay voces por las que se nos pregunta recurrentemente y, tristemente, tenemos que responder: \u00abno, no la tenemos\u00bb. Es el caso de <strong>la voz de Federico Garc\u00eda Lorca<\/strong>.<\/p>\n<p>Es una de las m\u00e1s buscadas por investigadores espa\u00f1oles y extranjeros; se han revisado centenares de archivos de todo el mundo en su busca, sin \u00e9xito hasta el momento. La esperanza salt\u00f3 en Argentina en 2002: la prensa inform\u00f3 de que se hab\u00edan encontrado dos grabaciones con su voz procedentes de dos emisoras de radio. Finalmente, la <strong>Fundaci\u00f3n Federico Garc\u00eda Lorca<\/strong> <strong>no pudo certificar la autenticidad <\/strong>de los registros sonoros: a pesar de que muchas circunstancias dieran verosimilitud al hallazgo (Federico estuvo en Buenos Aires algunos meses en 1933 y 1934 y all\u00ed realiz\u00f3 varias entrevistas en la radio), la tarea no era sencilla por el mal estado de las grabaciones y, sobre todo, porque quedaban pocas personas vivas entonces que pudieran todav\u00eda reconocer la voz del poeta. En 2026, ya ninguna.<\/p>\n<p>Una de las grabaciones m\u00e1s antiguas que constan en nuestro Archivo de la obra de Lorca es la adaptaci\u00f3n radiof\u00f3nica de <strong>Los t\u00edteres de cachiporra. Tragicomedia de don Crist\u00f3bal y la se\u00f1\u00e1 Rosita. Farsa gui\u00f1olesca en seis cuadros y una advertencia<\/strong> realizada por <strong>Radio Juventud de Vizcaya<\/strong> y dirigida por Constantino Jim\u00e9nez con las voces del Cuadro de Actores de la emisora. La obra fue escrita por Federico en 1922; su estreno estaba previsto para el oto\u00f1o de 1936, pero el asesinato del poeta hizo que se estrenase de forma p\u00f3stuma en 1937.<\/p>\n<p>En la ficha catalogr\u00e1fica no consta ni la fecha de grabaci\u00f3n ni la de emisi\u00f3n, pero s\u00ed que se radi\u00f3 en el espacio <strong>Escenario radiof\u00f3nico<\/strong>, por lo que podemos fechar la grabaci\u00f3n en torno a <strong>1960<\/strong>.<\/p>\n<p>Escenario radiof\u00f3nico era bastante atrevido con sus propuestas, programando obras de Pirandello, Jean Paul Sartre, J. B. Priestley, Albert Camus o Bertolt Brecht. El franquismo, por su parte, trataba esos a\u00f1os de blanquear su imagen virando su discurso hac\u00eda la reconciliaci\u00f3n y el perd\u00f3n entre espa\u00f1oles.<\/p>\n<p>Una \u00abtransgresi\u00f3n\u00bb, propia del momento y del programa, pudo ser la <strong>emisi\u00f3n de una obra de Lorca<\/strong>. Eso s\u00ed, precedida de un <strong>pre\u00e1mbulo que no tiene desperdicio<\/strong> en el que se tilda a Lorca poeta \u00abm\u00edtico\u00bb \u2014aunque como sin\u00f3nimo de \u00abdeformado\u00bb\u2014, se pone en valor su amistad con Jos\u00e9 Antonio Primo de Rivera y se reprocha la apropiaci\u00f3n de su figura por parte de los \u00abenemigos de Espa\u00f1a\u00bb.<\/p>\n","protected":false},"excerpt":{"rendered":"90\u00ba aniversario del asesinato de Federico Garc\u00eda Lorca. Nadie duda de que el Archivo Sonoro de Radio Nacional&hellip;\n","protected":false},"author":2,"featured_media":715911,"comment_status":"","ping_status":"","sticky":false,"template":"","format":"standard","meta":{"footnotes":""},"categories":[91],"tags":[128257,146,147,25,24,99798,133,1448,1986,1987,23],"class_list":["post-715910","post","type-post","status-publish","format-standard","has-post-thumbnail","category-entretenimiento","tag-los-titeres-de-cachiporra-de-federico-garcia-lorca","tag-entertainment","tag-entretenimiento","tag-es","tag-espana","tag-joyas-del-archivo-sonoro","tag-online","tag-radio","tag-rne","tag-rtve-play","tag-spain"],"share_on_mastodon":{"url":"https:\/\/pubeurope.com\/@es\/117110137641602171","error":""},"_links":{"self":[{"href":"https:\/\/www.europesays.com\/es\/wp-json\/wp\/v2\/posts\/715910","targetHints":{"allow":["GET"]}}],"collection":[{"href":"https:\/\/www.europesays.com\/es\/wp-json\/wp\/v2\/posts"}],"about":[{"href":"https:\/\/www.europesays.com\/es\/wp-json\/wp\/v2\/types\/post"}],"author":[{"embeddable":true,"href":"https:\/\/www.europesays.com\/es\/wp-json\/wp\/v2\/users\/2"}],"replies":[{"embeddable":true,"href":"https:\/\/www.europesays.com\/es\/wp-json\/wp\/v2\/comments?post=715910"}],"version-history":[{"count":0,"href":"https:\/\/www.europesays.com\/es\/wp-json\/wp\/v2\/posts\/715910\/revisions"}],"wp:featuredmedia":[{"embeddable":true,"href":"https:\/\/www.europesays.com\/es\/wp-json\/wp\/v2\/media\/715911"}],"wp:attachment":[{"href":"https:\/\/www.europesays.com\/es\/wp-json\/wp\/v2\/media?parent=715910"}],"wp:term":[{"taxonomy":"category","embeddable":true,"href":"https:\/\/www.europesays.com\/es\/wp-json\/wp\/v2\/categories?post=715910"},{"taxonomy":"post_tag","embeddable":true,"href":"https:\/\/www.europesays.com\/es\/wp-json\/wp\/v2\/tags?post=715910"}],"curies":[{"name":"wp","href":"https:\/\/api.w.org\/{rel}","templated":true}]}}