{"id":716006,"date":"2026-08-17T10:38:12","date_gmt":"2026-08-17T10:38:12","guid":{"rendered":"https:\/\/www.europesays.com\/es\/716006\/"},"modified":"2026-08-17T10:38:12","modified_gmt":"2026-08-17T10:38:12","slug":"kushner-se-reune-con-netanyahu-para-hablar-de-gaza-tras-sentarse-con-hamas","status":"publish","type":"post","link":"https:\/\/www.europesays.com\/es\/716006\/","title":{"rendered":"Kushner se re\u00fane con Netanyahu para hablar de Gaza tras sentarse con Ham\u00e1s"},"content":{"rendered":"<p>El enviado estadounidense <a href=\"https:\/\/es.euronews.com\/my-europe\/2026\/07\/16\/exclusiva-kushner-revela-a-ministros-de-la-ue-el-nuevo-plan-de-eeuu-para-gaza\" rel=\"nofollow noopener\" target=\"_blank\">Jared Kushner<\/a> tiene previsto reunirse el lunes con el primer ministro israel\u00ed Benjamin Netanyahu, despu\u00e9s de <strong>mantener conversaciones en Egipto<\/strong> <strong>con dirigentes de Ham\u00e1s<\/strong> con el objetivo de reactivar un plan de paz para Gaza respaldado por Estados Unidos que Israel ha rechazado hasta ahora.<\/p>\n<p>          <img decoding=\"async\" class=\"c-ad__placeholder__logo\" src=\"https:\/\/static.euronews.com\/website\/images\/logos\/logo-euronews-stacked-outlined-72x72-grey-9.svg\" width=\"72\" height=\"72\" alt=\"\" loading=\"lazy\"\/><br \/>\n          PUBLICIDAD<\/p>\n<p>          <img decoding=\"async\" class=\"c-ad__placeholder__logo\" src=\"https:\/\/static.euronews.com\/website\/images\/logos\/logo-euronews-stacked-outlined-72x72-grey-9.svg\" width=\"72\" height=\"72\" alt=\"\" loading=\"lazy\"\/><br \/>\n          PUBLICIDAD<\/p>\n<p>La cita se produce dos semanas despu\u00e9s de que <a href=\"https:\/\/es.euronews.com\/2026\/07\/31\/trump-acuerdo-historico-gaza-hamas-desarme-israel-retirarse\" rel=\"nofollow noopener\" target=\"_blank\">Ham\u00e1s respaldara la \u00faltima fase del plan de Trump para Gaza<\/a>, al que Netanyahu se ha negado a apoyar, insistiendo en que cualquier acuerdo debe garantizar que el grupo quede \u00abrealmente desarmado\u00bb.<\/p>\n<p>Kushner, yerno de Trump, <strong>se reuni\u00f3 el domingo con el nuevo l\u00edder de Ham\u00e1s<\/strong>, Khalil al Hayya, en la ciudad egipcia de El Alamein, en el Mediterr\u00e1neo, seg\u00fan indicaron a la agencia de noticias AFP fuentes conocedoras de las conversaciones.<\/p>\n<p>Kushner pidi\u00f3 a Ham\u00e1s que adoptara \u00abmedidas concretas y verificables\u00bb y transmiti\u00f3 el mensaje de que <strong>\u00abGaza no puede volver a ser nunca una fuente de terror para Israel\u00bb,<\/strong> se\u00f1al\u00f3 una de las fuentes, que habl\u00f3 bajo condici\u00f3n de anonimato dada la sensibilidad de las conversaciones.<\/p>\n<p>Otra fuente asegur\u00f3 que Ham\u00e1s volvi\u00f3 a expresar su compromiso con el plan.<\/p>\n<p>El grupo afirm\u00f3 despu\u00e9s que hab\u00eda pedido a los mediadores y al llamado Consejo de Paz de Trump que <strong>\u00abobligaran\u00bb a Israel a \u00abaprobar la hoja de ruta&#8230;<\/strong> y empezar a fijar un calendario para su aplicaci\u00f3n\u00bb.<\/p>\n<p>En una fotograf\u00eda difundida por el pa\u00eds anfitri\u00f3n, Egipto, no aparec\u00eda Al Hayya, pero s\u00ed se ve\u00eda a Kushner sentado a una mesa junto a miembros del Consejo de Paz, entre ellos el <strong>ex primer ministro brit\u00e1nico Tony Blair<\/strong>. Qatar y Turqu\u00eda, mediadores clave junto a Egipto, tambi\u00e9n participaron.<\/p>\n<p><a href=\"https:\/\/es.euronews.com\/2026\/08\/09\/israel-rechaza-el-plan-estadounidense-para-gaza-aceptado-por-hamas\" rel=\"nofollow noopener\" target=\"_blank\">Estados Unidos rechaz\u00f3 durante a\u00f1os cualquier contacto con Ham\u00e1s<\/a>, al que clasifica como organizaci\u00f3n terrorista y que encabez\u00f3 el ataque del 7 de octubre de 2023 contra Israel que desencaden\u00f3 la \u00faltima guerra de Gaza.<\/p>\n<p>Pero la administraci\u00f3n Trump se ha mostrado cada vez m\u00e1s c\u00f3moda con el contacto directo, con la esperanza de poner fin al <a href=\"https:\/\/es.euronews.com\/2025\/03\/23\/ataques-israelies-matan-a-19-personas-en-gaza-entre-ellas-ninos-y-un-dirigente-politico-de\" rel=\"nofollow noopener\" target=\"_blank\">devastador conflicto,<\/a> y negoci\u00f3 el acuerdo de alto el fuego de octubre que permiti\u00f3 la liberaci\u00f3n de los rehenes israel\u00edes que quedaban.<\/p>\n<p><strong>Los pa\u00edses musulmanes presionan a Israel<\/strong><\/p>\n<p>Los tres pa\u00edses mediadores de la regi\u00f3n y otros cinco Estados musulmanes, Jordania, Arabia Saud\u00ed, Emiratos \u00c1rabes Unidos, Pakist\u00e1n e Indonesia, condenaron el domingo el rechazo de Israel al plan.<\/p>\n<p>En un comunicado conjunto afirmaron que <strong>\u00abIsrael asume la responsabilidad directa y plena\u00bb<\/strong> de obstaculizar la paz, y a\u00f1adieron que su negativa \u00abamenaza directamente con hacer descarrilar los amplios esfuerzos\u00bb de Trump.<\/p>\n<p>En respuesta, el partido Likud de Netanyahu denunci\u00f3 que \u00ablos pa\u00edses \u00e1rabes quieren derribar al primer ministro\u00bb en las elecciones.<\/p>\n<p>La presencia de Emiratos \u00c1rabes Unidos es significativa, ya que normaliz\u00f3 sus relaciones con Israel hace cinco a\u00f1os, poniendo en marcha una relaci\u00f3n econ\u00f3mica y estrat\u00e9gica que Netanyahu considera un <strong>logro clave.<\/strong><\/p>\n<p>Netanyahu expres\u00f3 su oposici\u00f3n al plan estadounidense incluso despu\u00e9s de que Nickolay Mladenov, alto representante del Consejo de Paz para Gaza, le asegurara que Israel no tendr\u00eda que retirar sus tropas del territorio devastado por la guerra hasta el desarme completo de Ham\u00e1s.<\/p>\n<p>El Consejo hab\u00eda indicado en un principio que Israel iniciar\u00eda una retirada gradual en paralelo al desarme de Ham\u00e1s.<\/p>\n<p><strong>Israel mantiene los bombardeos<\/strong><\/p>\n<p>Israel ha reanudado los <strong>ataques a\u00e9reos en Gaza<\/strong> tras la tregua que sigui\u00f3 a la promoci\u00f3n del plan de paz por parte de Trump, aunque el alto el fuego de octubre nunca lleg\u00f3 a detener por completo la violencia en la Franja.<\/p>\n<p><a href=\"https:\/\/es.euronews.com\/2025\/09\/17\/500000-palestinos-ya-han-huido-de-la-ciudad-mientras-los-bombardeos-dejan-17-muertos\" rel=\"nofollow noopener\" target=\"_blank\">Varias personas resultaron heridas el domingo<\/a> despu\u00e9s de que aviones israel\u00edes atacaran una vivienda al oeste de Nuseirat, indic\u00f3 Mahmoud Bassal, portavoz de la agencia de defensa civil de Gaza, que act\u00faa como servicio de rescate bajo autoridad de Ham\u00e1s.<\/p>\n<p>El ej\u00e9rcito israel\u00ed afirm\u00f3 que respond\u00eda a una amenaza de milicianos de la Yihad Isl\u00e1mica y que hab\u00eda intentado reducir las v\u00edctimas civiles.<\/p>\n<p>\u00abLos terroristas preparaban atentados y fueron alcanzados en ataques a\u00e9reos precisos para eliminar la amenaza\u00bb, a\u00f1adi\u00f3.<\/p>\n<p>Seg\u00fan la agencia de defensa civil, <strong>varias personas m\u00e1s resultaron heridas<\/strong> despu\u00e9s de que las fuerzas israel\u00edes abrieran fuego contra tiendas que alojaban a desplazados al oeste de Khan Yunis, donde por separado se recuper\u00f3 el cuerpo de un ni\u00f1o, que hab\u00eda muerto por disparos israel\u00edes el s\u00e1bado.<\/p>\n<p>Las operaciones israel\u00edes han matado al menos a <strong>1.262 palestinos desde la entrada en vigor del alto el fuego el 10 de octubre<\/strong>, seg\u00fan las cifras del ministerio de Sanidad de Gaza, controlado por Ham\u00e1s. Sus datos son considerados fiables por Naciones Unidas.<\/p>\n<p>El ej\u00e9rcito israel\u00ed ha informado de <strong>cinco muertos en sus filas<\/strong> durante el mismo periodo.<\/p>\n","protected":false},"excerpt":{"rendered":"El enviado estadounidense Jared Kushner tiene previsto reunirse el lunes con el primer ministro israel\u00ed Benjamin Netanyahu, despu\u00e9s&hellip;\n","protected":false},"author":2,"featured_media":716007,"comment_status":"","ping_status":"","sticky":false,"template":"","format":"standard","meta":{"footnotes":""},"categories":[42],"tags":[17,18,13,14,1256,1258,75,11,61,62,63,64,74,19,20,9,10,15,16,12,21,22,65,66,67],"class_list":["post-716006","post","type-post","status-publish","format-standard","has-post-thumbnail","category-internacional","tag-breaking-news","tag-breakingnews","tag-featured-news","tag-featurednews","tag-franja-de-gaza","tag-guerra-israel-hamas","tag-hamas","tag-headlines","tag-internacional","tag-international","tag-international-news","tag-internationalnews","tag-israel","tag-latest-news","tag-latestnews","tag-news","tag-noticias","tag-noticias-destacadas","tag-noticiasdestacadas","tag-titulares","tag-ultimas-noticias","tag-ultimasnoticias","tag-world","tag-world-news","tag-worldnews"],"share_on_mastodon":{"url":"https:\/\/pubeurope.com\/@es\/117110421877016797","error":""},"_links":{"self":[{"href":"https:\/\/www.europesays.com\/es\/wp-json\/wp\/v2\/posts\/716006","targetHints":{"allow":["GET"]}}],"collection":[{"href":"https:\/\/www.europesays.com\/es\/wp-json\/wp\/v2\/posts"}],"about":[{"href":"https:\/\/www.europesays.com\/es\/wp-json\/wp\/v2\/types\/post"}],"author":[{"embeddable":true,"href":"https:\/\/www.europesays.com\/es\/wp-json\/wp\/v2\/users\/2"}],"replies":[{"embeddable":true,"href":"https:\/\/www.europesays.com\/es\/wp-json\/wp\/v2\/comments?post=716006"}],"version-history":[{"count":0,"href":"https:\/\/www.europesays.com\/es\/wp-json\/wp\/v2\/posts\/716006\/revisions"}],"wp:featuredmedia":[{"embeddable":true,"href":"https:\/\/www.europesays.com\/es\/wp-json\/wp\/v2\/media\/716007"}],"wp:attachment":[{"href":"https:\/\/www.europesays.com\/es\/wp-json\/wp\/v2\/media?parent=716006"}],"wp:term":[{"taxonomy":"category","embeddable":true,"href":"https:\/\/www.europesays.com\/es\/wp-json\/wp\/v2\/categories?post=716006"},{"taxonomy":"post_tag","embeddable":true,"href":"https:\/\/www.europesays.com\/es\/wp-json\/wp\/v2\/tags?post=716006"}],"curies":[{"name":"wp","href":"https:\/\/api.w.org\/{rel}","templated":true}]}}