{"id":716038,"date":"2026-08-17T11:02:11","date_gmt":"2026-08-17T11:02:11","guid":{"rendered":"https:\/\/www.europesays.com\/es\/716038\/"},"modified":"2026-08-17T11:02:11","modified_gmt":"2026-08-17T11:02:11","slug":"la-moncloa-pedro-sanchez-preside-una-nueva-reunion-de-coordinacion-sobre-la-evolucion-de-la-situacion-en-ceuta","status":"publish","type":"post","link":"https:\/\/www.europesays.com\/es\/716038\/","title":{"rendered":"La Moncloa. Pedro S\u00e1nchez preside una nueva reuni\u00f3n de coordinaci\u00f3n sobre la evoluci\u00f3n de la situaci\u00f3n en Ceuta"},"content":{"rendered":"<p>&#13;<\/p>\n<p>El jefe del Ejecutivo, Pedro S\u00e1nchez, ha presidido una nueva reuni\u00f3n de coordinaci\u00f3n, por videoconferencia, sobre la situaci\u00f3n actual en la Ciudad Aut\u00f3noma de Ceuta, en la que tambi\u00e9n han participado el vicepresidente primero y ministro de Econom\u00eda, Comercio y Empresa, Carlos Cuerpo; el ministro de Asuntos Exteriores, Uni\u00f3n Europea y Cooperaci\u00f3n, Jos\u00e9 Manuel Albares; la ministra de Defensa, Margarita Robles; el ministro del Interior, Fernando Grande-Marlaska; el ministro de Pol\u00edtica Territorial y Memoria Democr\u00e1tica, \u00c1ngel V\u00edctor Torres; la ministra de Inclusi\u00f3n, Seguridad Social y Migraciones, Elma Saiz; y la ministra de Juventud e Infancia, Sira Rego.<\/p>\n<p>Al igual que en la reuni\u00f3n del pasado 7 de agosto, el presidente del Gobierno y los ministros han realizado un repaso de las distintas actuaciones que se est\u00e1n llevando a cabo para hacer frente a esta crisis, en colaboraci\u00f3n con las instituciones auton\u00f3micas y otras organizaciones, as\u00ed como de las medidas necesarias para continuar reforzando las garant\u00edas de seguridad y bienestar de la poblaci\u00f3n ceut\u00ed, al tiempo que se refuerzan las tareas de identificaci\u00f3n y atenci\u00f3n de migrantes que a\u00fan est\u00e1n en la ciudad aut\u00f3noma.<\/p>\n<p>&#13;<\/p>\n","protected":false},"excerpt":{"rendered":"&#13; El jefe del Ejecutivo, Pedro S\u00e1nchez, ha presidido una nueva reuni\u00f3n de coordinaci\u00f3n, por videoconferencia, sobre la&hellip;\n","protected":false},"author":2,"featured_media":716039,"comment_status":"","ping_status":"","sticky":false,"template":"","format":"standard","meta":{"footnotes":""},"categories":[8],"tags":[3382,17,18,25,24,13,14,11,19,20,9,10,15,16,1461,23,12,21,22],"class_list":["post-716038","post","type-post","status-publish","format-standard","has-post-thumbnail","category-espana","tag-actividad","tag-breaking-news","tag-breakingnews","tag-es","tag-espana","tag-featured-news","tag-featurednews","tag-headlines","tag-latest-news","tag-latestnews","tag-news","tag-noticias","tag-noticias-destacadas","tag-noticiasdestacadas","tag-presidente","tag-spain","tag-titulares","tag-ultimas-noticias","tag-ultimasnoticias"],"share_on_mastodon":{"url":"https:\/\/pubeurope.com\/@es\/117110515094577985","error":""},"_links":{"self":[{"href":"https:\/\/www.europesays.com\/es\/wp-json\/wp\/v2\/posts\/716038","targetHints":{"allow":["GET"]}}],"collection":[{"href":"https:\/\/www.europesays.com\/es\/wp-json\/wp\/v2\/posts"}],"about":[{"href":"https:\/\/www.europesays.com\/es\/wp-json\/wp\/v2\/types\/post"}],"author":[{"embeddable":true,"href":"https:\/\/www.europesays.com\/es\/wp-json\/wp\/v2\/users\/2"}],"replies":[{"embeddable":true,"href":"https:\/\/www.europesays.com\/es\/wp-json\/wp\/v2\/comments?post=716038"}],"version-history":[{"count":0,"href":"https:\/\/www.europesays.com\/es\/wp-json\/wp\/v2\/posts\/716038\/revisions"}],"wp:featuredmedia":[{"embeddable":true,"href":"https:\/\/www.europesays.com\/es\/wp-json\/wp\/v2\/media\/716039"}],"wp:attachment":[{"href":"https:\/\/www.europesays.com\/es\/wp-json\/wp\/v2\/media?parent=716038"}],"wp:term":[{"taxonomy":"category","embeddable":true,"href":"https:\/\/www.europesays.com\/es\/wp-json\/wp\/v2\/categories?post=716038"},{"taxonomy":"post_tag","embeddable":true,"href":"https:\/\/www.europesays.com\/es\/wp-json\/wp\/v2\/tags?post=716038"}],"curies":[{"name":"wp","href":"https:\/\/api.w.org\/{rel}","templated":true}]}}