{"id":716088,"date":"2026-08-17T11:43:11","date_gmt":"2026-08-17T11:43:11","guid":{"rendered":"https:\/\/www.europesays.com\/es\/716088\/"},"modified":"2026-08-17T11:43:11","modified_gmt":"2026-08-17T11:43:11","slug":"galicia-confirma-ya-tres-casos-de-sarampion-todos-relacionados-con-una-primera-infeccion-probablemente-importada","status":"publish","type":"post","link":"https:\/\/www.europesays.com\/es\/716088\/","title":{"rendered":"Galicia confirma ya tres casos de sarampi\u00f3n, todos relacionados con una primera infecci\u00f3n \u00abprobablemente\u00bb importada"},"content":{"rendered":"<p class=\"ft-text ft-helper-closenews\"><strong>Galicia <\/strong>cerraba 1996, con cifras del Instituto Galego de Estat\u00edstica, con 370 casos de <a class=\"ft-link ft-link--decoration\" href=\"https:\/\/www.farodevigo.es\/galicia\/2026\/07\/31\/galicia-confirma-primer-caso-sarampion-132986188.html\" rel=\"nofollow noopener\" target=\"_blank\">sarampi\u00f3n<\/a>, la cifra m\u00e1s elevada de los \u00faltimos treinta a\u00f1os y m\u00e1s de la mitad de todos los registrados en ese per\u00edodo. Sin embargo, a partir de 1999 las infecciones no llegaron a diez y gran parte del per\u00edodo posterior discurri\u00f3 sin ning\u00fan afectado. El a\u00f1o pasado el balance se cerraba as\u00ed, con cero contagiados, despu\u00e9s de investigar cinco casos sospechosos. En este 2026, sin embargo, ya son<strong> tres los casos confirmados<\/strong> a d\u00eda de hoy, todos ellos relacionados, de un total de once investigados por ahora.<\/p>\n<p class=\"ft-text\">Lo confirman desde la <a class=\"ft-link ft-link--decoration\" href=\"https:\/\/www.sergas.gal\/\" rel=\"nofollow noopener\" target=\"_blank\">Conseller\u00eda de Sanidade<\/a>, que advierte que en el bolet\u00edn estatal aparece un caso m\u00e1s por \u00abun error de duplicidad\u00bb. Los dos nuevos casos confirmados est\u00e1n vinculados al caso inicial notificado el pasado 23 de julio, cuyo origen se considera \u00abprobablemente importado\u00bb, apuntan a este diario.<\/p>\n<p class=\"ft-text\">As\u00ed, inciden, los otros dos casos se corresponden con \u00ab<strong>contactos estrechos<\/strong>\u00bb de ese caso inicial y, por tanto, las autoridades sanitarias gallegas los consideran tambi\u00e9n \u00abrelacionados con la <strong>importaci\u00f3n<\/strong>\u00bb. En ese contexto, desde el departamento que dirige Antonio G\u00f3mez Caama\u00f1o lanzan un mensaje de <strong>tranquilidad <\/strong>para los gallegos, incidiendo en que \u00abel riesgo para la poblaci\u00f3n gallega contin\u00faa siendo muy bajo\u00bb.<\/p>\n<p>La vacunaci\u00f3n, la prevenci\u00f3n \u00abm\u00e1s eficaz\u00bb<\/p>\n<p class=\"ft-text\">A pesar de que Sanidade insiste en que el sarampi\u00f3n es una enfermedad \u00abmuy <strong>contagiosa<\/strong>\u00bb, recuerda asimismo que \u00abse previene de forma muy eficaz mediante la vacunaci\u00f3n\u00bb. De hecho, proclama que la vacuna frente al sarampi\u00f3n, incluida en el calendario sistem\u00e1tico de vacunaci\u00f3n, es la \u00abprincipal medida de protecci\u00f3n individual y colectiva\u00bb.<\/p>\n<p class=\"ft-text\">Adem\u00e1s, alega que la comunidad gallega \u00abmantiene <strong>elevadas coberturas<\/strong>\u00bb de vacunaci\u00f3n infantil frente a la dolencia, con m\u00e1s del 95 por ciento de beb\u00e9s inmunizados, lo que se suma a un sistema de vigilancia epidemiol\u00f3gica que permite detectar \u00abprecozmente\u00bb los casos \u00aby actuar con rapidez para limitar la posible transmisi\u00f3n\u00bb.<\/p>\n<p data-close=\"closedContent\" class=\"subscribeHideForDisplay\">Suscr\u00edbete para seguir leyendo<\/p>\n","protected":false},"excerpt":{"rendered":"Galicia cerraba 1996, con cifras del Instituto Galego de Estat\u00edstica, con 370 casos de sarampi\u00f3n, la cifra m\u00e1s&hellip;\n","protected":false},"author":2,"featured_media":716089,"comment_status":"","ping_status":"","sticky":false,"template":"","format":"standard","meta":{"footnotes":""},"categories":[92],"tags":[858,128291,25,24,816,165,166,3829,23,603],"class_list":["post-716088","post","type-post","status-publish","format-standard","has-post-thumbnail","category-salud","tag-casos","tag-confrma","tag-es","tag-espana","tag-galicia","tag-health","tag-salud","tag-sarampion","tag-spain","tag-tres"],"share_on_mastodon":{"url":"https:\/\/pubeurope.com\/@es\/117110676224701792","error":""},"_links":{"self":[{"href":"https:\/\/www.europesays.com\/es\/wp-json\/wp\/v2\/posts\/716088","targetHints":{"allow":["GET"]}}],"collection":[{"href":"https:\/\/www.europesays.com\/es\/wp-json\/wp\/v2\/posts"}],"about":[{"href":"https:\/\/www.europesays.com\/es\/wp-json\/wp\/v2\/types\/post"}],"author":[{"embeddable":true,"href":"https:\/\/www.europesays.com\/es\/wp-json\/wp\/v2\/users\/2"}],"replies":[{"embeddable":true,"href":"https:\/\/www.europesays.com\/es\/wp-json\/wp\/v2\/comments?post=716088"}],"version-history":[{"count":0,"href":"https:\/\/www.europesays.com\/es\/wp-json\/wp\/v2\/posts\/716088\/revisions"}],"wp:featuredmedia":[{"embeddable":true,"href":"https:\/\/www.europesays.com\/es\/wp-json\/wp\/v2\/media\/716089"}],"wp:attachment":[{"href":"https:\/\/www.europesays.com\/es\/wp-json\/wp\/v2\/media?parent=716088"}],"wp:term":[{"taxonomy":"category","embeddable":true,"href":"https:\/\/www.europesays.com\/es\/wp-json\/wp\/v2\/categories?post=716088"},{"taxonomy":"post_tag","embeddable":true,"href":"https:\/\/www.europesays.com\/es\/wp-json\/wp\/v2\/tags?post=716088"}],"curies":[{"name":"wp","href":"https:\/\/api.w.org\/{rel}","templated":true}]}}