{"id":716098,"date":"2026-08-17T11:48:14","date_gmt":"2026-08-17T11:48:14","guid":{"rendered":"https:\/\/www.europesays.com\/es\/716098\/"},"modified":"2026-08-17T11:48:14","modified_gmt":"2026-08-17T11:48:14","slug":"la-lluvia-permite-una-noche-muy-productiva-en-la-lucha-contra-el-incendio-de-huesca-la-voz-de-galicia","status":"publish","type":"post","link":"https:\/\/www.europesays.com\/es\/716098\/","title":{"rendered":"La lluvia permite una noche \u00abmuy productiva\u00bb en la lucha contra el incendio de Huesca &#8211; La Voz de Galicia"},"content":{"rendered":"<ol>\n<li><a href=\"https:\/\/news.google.com\/rss\/articles\/CBMi3AFBVV95cUxQTDdjc19LRUo4X3NlNE9XY1RWVGRxVTBlLS1WVGtCOEpfbnY3NkxXcF9VT0RrUnFXN2R2LXJINElqTlhydFRjUE5DenYxc0wwX1Zqa0t1Z0I3bnQyWlBmUUhKbGpFcWVocHliYkJITDhDanlrUVBGQVRMQkdaZUZJVzBpWllCRldRRTRfNVV3ZkNRb3JnX0txbGh2T202aVM4NjZlU0V2cnhhRjRHOGZaYjBJYXRKSkUzdWEzeDBWYy1oN0lOR3loUk1ROG1lY0lUZzVyZG9MbVFFbkJf0gH4AUFVX3lxTFA0Z1VHZXBMTksxUFhoNjB3UGt5U0hrdEVybXlDeXVIX0FmNG1pOFV6VHFacTlZSk5NbEN0S0RIRWNJbUNJb0drb2lsa2pEZlY0ZlJVOFN0dXV1TzdsUzNRLWhNWjYzV1JjMFBsUFFnTWs1NHlTWkk2bk1nU25PbHl5aTdYNmJuLUxfeWx4MzRaWXY5cTFZVi1aTzF4SVBHMGdCOUJNZUl6UGtsbDd5NGhrVUhjY0YwLU9oTzE4Nm1TdTJMeFg2ZVh2QTVVVHFrRG1VWGZCOFMxdHZIOHBucWEzNlRUNDhhNHFlUEtDOGpFQUY0bC1QQWNN?oc=5\" target=\"_blank\" rel=\"nofollow noopener\">La lluvia permite una noche \u00abmuy productiva\u00bb en la lucha contra el incendio de Huesca<\/a>&nbsp;&nbsp;La Voz de Galicia<\/li>\n<li><a href=\"https:\/\/news.google.com\/rss\/articles\/CBMiuAFBVV95cUxPX3lQRXNCNWU0dzRaR0pvck0wZmNZbjlleExrbU02THFTQ3BjanFjb2VmQXk1aGlDako4VWlKaDcwRTJTRVJQc0NuOXo5NUFwdDYtV1prU3h4Q2RpUDkySXh1VW4yMWRBSDBXX3NXdl9XRldPTVRhNG5RekZYOUVVb2VCbGhna2xqRXB1dzV6YWVmd0dOZHk0cTIzbkF4amUtWlFHS2F1VUk4djQxNHhHOWVjbGtwYUJG0gG-AUFVX3lxTFBFYkt1Nzd4cDl2VVhXdlVWOVRmdDJ5ZFljZVc4ZmdVdXVrekUtZndWVktIZy1uSzdjUGxsUjZzb19PQlQ1UDFOUXdTbXdmcDZzZ1F0c3ZPMFBkd1R5dHhDaDI3dE5HOFBzam56VHcyVGtfNV9jSVUtalIzckxWM1dsY3RfRXZfd0FYN1VNcHBHSFdWM1o4LVlqVUEza2JUMU9XT2hSTjAxbWlTS1RuUzNaVkhBYmtSeG5BVmRzaEE?oc=5\" target=\"_blank\" rel=\"nofollow noopener\">Directo | El incendio de Las Pe\u00f1as de Riglos suma una segunda noche \u00abmuy productiva\u00bb tras un domingo donde muri\u00f3 un bombero de la UME en un accidente<\/a>&nbsp;&nbsp;elperiodicodearagon.com<\/li>\n<li><a href=\"https:\/\/news.google.com\/rss\/articles\/CBMinwFBVV95cUxQQmZCSDNJSV8yOWFBc0xXbmxHSWtNX0lHSFBjM0hQTHVtVlgxUFRLRlliVFNUTFd1TXpaQmJzR1V5QV9oRkpUV1ZaZmVmNWQyZ1AyTTlUaEREYTlVWkhZUW5SeVRMVmJkUDBUSHBjTXA5XzBhVmU3WmpOczdJNlhXY05aOTlVMlRubnFNWGhrVnJZX3p6dE5UenBiSmxXcVU?oc=5\" target=\"_blank\" rel=\"nofollow noopener\">La lluvia favorece la extinci\u00f3n en Las Pe\u00f1as de Riglos, que afronta una jornada decisiva con 17.500 hect\u00e1reas afectadas<\/a>&nbsp;&nbsp;RTVE.es<\/li>\n<li><a href=\"https:\/\/news.google.com\/rss\/articles\/CBMiyAFBVV95cUxNUmFFcWc1aUkyMXI0SjAteFBhVXRwMXo3QkJKTWl0a3E4WnJfc2hjcHFnTHhRN3RiTElLY056N19yQW9rUk54Sm82SGNrZHZoV1BYRGhvb0ljbWc1ckFWSHZZS3E3V2hNdUY2aWs4N2EwbmhwcG96R21HdGwtSGR2bGlPNm00bkczLV9CRWlQMEVONTNXSF8xZHAydFo4NnZmSThFeFVrRy1NWHJzaER3X0NHMGtrZ2RzV1VNbHBsbWE3b0NmeElkZg?oc=5\" target=\"_blank\" rel=\"nofollow noopener\">Amigos de Javier, el militar de la UME muerto en el incendio de Las Pe\u00f1as de Riglos: \u00abEra una bell\u00edsima persona\u00bb<\/a>&nbsp;&nbsp;heraldo.es<\/li>\n<li><a href=\"https:\/\/news.google.com\/rss\/articles\/CBMingFBVV95cUxPTmtFcDVOUzcwVnVBVG1WM3VyOUdheXFhVnpGQVF3N05sRGRLemZzamxWMU9MUWlhNHJWMHlCX0EwWEJkOExqbEJjSVBnWjh6UVd3S3Q0SU9YckxxNUIyZEVzQjN1VkdVQUlyMUppaEpYN2tjVTJ3WmJRUGpRYnUtYzk1VldHRnNYZGpiellONFljNjYyQzFIbzFwOUM2UQ?oc=5\" target=\"_blank\" rel=\"nofollow noopener\">Un militar de la UME fallecido y tres heridos al volcar un cami\u00f3n en el incendio de Huesca<\/a>&nbsp;&nbsp;abc.es<\/li>\n<\/ol>\n","protected":false},"excerpt":{"rendered":"La lluvia permite una noche \u00abmuy productiva\u00bb en la lucha contra el incendio de Huesca&nbsp;&nbsp;La Voz de Galicia&hellip;\n","protected":false},"author":2,"featured_media":716099,"comment_status":"","ping_status":"","sticky":false,"template":"","format":"standard","meta":{"footnotes":""},"categories":[8],"tags":[17,18,25,24,13,14,11,4342,8877,19,20,9,10,15,16,23,12,21,22],"class_list":["post-716098","post","type-post","status-publish","format-standard","has-post-thumbnail","category-espana","tag-breaking-news","tag-breakingnews","tag-es","tag-espana","tag-featured-news","tag-featurednews","tag-headlines","tag-incendios","tag-incendios-forestales","tag-latest-news","tag-latestnews","tag-news","tag-noticias","tag-noticias-destacadas","tag-noticiasdestacadas","tag-spain","tag-titulares","tag-ultimas-noticias","tag-ultimasnoticias"],"share_on_mastodon":{"url":"https:\/\/pubeurope.com\/@es\/117110696114576603","error":""},"_links":{"self":[{"href":"https:\/\/www.europesays.com\/es\/wp-json\/wp\/v2\/posts\/716098","targetHints":{"allow":["GET"]}}],"collection":[{"href":"https:\/\/www.europesays.com\/es\/wp-json\/wp\/v2\/posts"}],"about":[{"href":"https:\/\/www.europesays.com\/es\/wp-json\/wp\/v2\/types\/post"}],"author":[{"embeddable":true,"href":"https:\/\/www.europesays.com\/es\/wp-json\/wp\/v2\/users\/2"}],"replies":[{"embeddable":true,"href":"https:\/\/www.europesays.com\/es\/wp-json\/wp\/v2\/comments?post=716098"}],"version-history":[{"count":0,"href":"https:\/\/www.europesays.com\/es\/wp-json\/wp\/v2\/posts\/716098\/revisions"}],"wp:featuredmedia":[{"embeddable":true,"href":"https:\/\/www.europesays.com\/es\/wp-json\/wp\/v2\/media\/716099"}],"wp:attachment":[{"href":"https:\/\/www.europesays.com\/es\/wp-json\/wp\/v2\/media?parent=716098"}],"wp:term":[{"taxonomy":"category","embeddable":true,"href":"https:\/\/www.europesays.com\/es\/wp-json\/wp\/v2\/categories?post=716098"},{"taxonomy":"post_tag","embeddable":true,"href":"https:\/\/www.europesays.com\/es\/wp-json\/wp\/v2\/tags?post=716098"}],"curies":[{"name":"wp","href":"https:\/\/api.w.org\/{rel}","templated":true}]}}