{"id":71617,"date":"2025-08-25T17:20:08","date_gmt":"2025-08-25T17:20:08","guid":{"rendered":"https:\/\/www.europesays.com\/es\/71617\/"},"modified":"2025-08-25T17:20:08","modified_gmt":"2025-08-25T17:20:08","slug":"ingreso-en-prision-del-detenido-por-la-reyerta-con-presunto-homicidio-en-avila-avilared","status":"publish","type":"post","link":"https:\/\/www.europesays.com\/es\/71617\/","title":{"rendered":"Ingreso en prision del detenido por la reyerta con presunto homicidio en Avila | \u00c1vilared"},"content":{"rendered":"<p>Aunque se encontraba ingresado en un hospital de Valladolid, este joven de 19 a\u00f1os <a href=\"https:\/\/avilared.com\/art\/86307\/detenido-dos-custodiados-estado-critico-reyerta-valladolid\" rel=\"nofollow noopener\" target=\"_blank\">fue detenido el s\u00e1bado por la Polic\u00eda, <\/a>y tras prestar declaraci\u00f3n ha sido internado en la c\u00e1rcel segoviana. Junto a su padre causaron heridas, en un caso mortales, de arma de fuego a dos agredidos.<\/p>\n<p>Su padre, de 39 a\u00f1os, permanece en otro centro hospitalario vallisoletano, en estado cr\u00edtico, y el hijo del fallecido, de 26, tambi\u00e9n en estado muy grave, se encuentra en el Hospital Nuestra Se\u00f1ora de Sonsoles, en la capital abulense. Estos dos \u00faltimos, con lesiones de arma blanca,\u00a0se encuentran en situaci\u00f3n de custodia en los dos centros hospitalarios en los que est\u00e1n ingresados en la capital abulense y vallisoletana respectivamente, a la espera de que se les pueda tomar declaraci\u00f3n.<\/p>\n<p>El arrestado ha ingresado en el Centro Penitenciario de Segovia. Se trata del joven que en compa\u00f1\u00eda de su padre, de 39 a\u00f1os, agredieron con arma de fuego, al parecer por un enfrentamiento familiar, a otro padre, de 51 a\u00f1os y fallecido, y a su hijo, de 26, que es el que se encuentra en el hospital abulense.<\/p>\n<p>La reyerta, que tuvo lugar sobre las 18,45 horas del jueves en la zona sur de la capital abulense, ha dejado en la zona donde se produjeron <a href=\"https:\/\/avilared.com\/art\/86278\/despliegue-policial-sin-precedentes-reyerta-violenta-avila\" rel=\"nofollow noopener\" target=\"_blank\">los hechos un permanente despliegue policial<\/a>, que se mantendr\u00e1 hasta que se considere necesario.<\/p>\n<p>\u00a0<\/p>\n","protected":false},"excerpt":{"rendered":"Aunque se encontraba ingresado en un hospital de Valladolid, este joven de 19 a\u00f1os fue detenido el s\u00e1bado&hellip;\n","protected":false},"author":2,"featured_media":71618,"comment_status":"","ping_status":"","sticky":false,"template":"","format":"standard","meta":{"footnotes":""},"categories":[8],"tags":[28362,7607,17,18,1562,25,24,13,14,11,24733,28363,28361,19,20,9,10,15,16,21842,23,12,21,22],"class_list":{"0":"post-71617","1":"post","2":"type-post","3":"status-publish","4":"format-standard","5":"has-post-thumbnail","7":"category-espana","8":"tag-agresion-con-arma-de-fuego","9":"tag-avila","10":"tag-breaking-news","11":"tag-breakingnews","12":"tag-detenidos","13":"tag-es","14":"tag-espana","15":"tag-featured-news","16":"tag-featurednews","17":"tag-headlines","18":"tag-homicidio","19":"tag-hospitalizacion","20":"tag-ingreso-en-prision","21":"tag-latest-news","22":"tag-latestnews","23":"tag-news","24":"tag-noticias","25":"tag-noticias-destacadas","26":"tag-noticiasdestacadas","27":"tag-reyerta","28":"tag-spain","29":"tag-titulares","30":"tag-ultimas-noticias","31":"tag-ultimasnoticias"},"share_on_mastodon":{"url":"","error":""},"_links":{"self":[{"href":"https:\/\/www.europesays.com\/es\/wp-json\/wp\/v2\/posts\/71617","targetHints":{"allow":["GET"]}}],"collection":[{"href":"https:\/\/www.europesays.com\/es\/wp-json\/wp\/v2\/posts"}],"about":[{"href":"https:\/\/www.europesays.com\/es\/wp-json\/wp\/v2\/types\/post"}],"author":[{"embeddable":true,"href":"https:\/\/www.europesays.com\/es\/wp-json\/wp\/v2\/users\/2"}],"replies":[{"embeddable":true,"href":"https:\/\/www.europesays.com\/es\/wp-json\/wp\/v2\/comments?post=71617"}],"version-history":[{"count":0,"href":"https:\/\/www.europesays.com\/es\/wp-json\/wp\/v2\/posts\/71617\/revisions"}],"wp:featuredmedia":[{"embeddable":true,"href":"https:\/\/www.europesays.com\/es\/wp-json\/wp\/v2\/media\/71618"}],"wp:attachment":[{"href":"https:\/\/www.europesays.com\/es\/wp-json\/wp\/v2\/media?parent=71617"}],"wp:term":[{"taxonomy":"category","embeddable":true,"href":"https:\/\/www.europesays.com\/es\/wp-json\/wp\/v2\/categories?post=71617"},{"taxonomy":"post_tag","embeddable":true,"href":"https:\/\/www.europesays.com\/es\/wp-json\/wp\/v2\/tags?post=71617"}],"curies":[{"name":"wp","href":"https:\/\/api.w.org\/{rel}","templated":true}]}}