{"id":716210,"date":"2026-08-17T13:13:27","date_gmt":"2026-08-17T13:13:27","guid":{"rendered":"https:\/\/www.europesays.com\/es\/716210\/"},"modified":"2026-08-17T13:13:27","modified_gmt":"2026-08-17T13:13:27","slug":"el-lado-mas-personal-de-la-actriz-hayden-panettiere-sus-primeros-trabajos-durante-la-infancia-estrella-adolescente-la-perdida-de-su-hermano-su-hija-de-12-anos-el-mundo","status":"publish","type":"post","link":"https:\/\/www.europesays.com\/es\/716210\/","title":{"rendered":"El lado m\u00e1s personal de la actriz Hayden Panettiere: sus primeros trabajos durante la infancia, estrella adolescente, la p\u00e9rdida de su hermano, su hija de 12 a\u00f1os&#8230; &#8211; El Mundo"},"content":{"rendered":"<ol>\n<li><a href=\"https:\/\/news.google.com\/rss\/articles\/CBMihgFBVV95cUxPMnVpWW5MMlEza3ZKd1o1aTIyQnJWMWxpZ0c1QURZcW8wV2tmbmpWOGgwU3RVTkpORUhzckRuN3NHM2lvSUF1dzE0cGZuZVF6aHN5RUlqVU5wQkFWTlVzWkRuQTZua25NWjVCeW5yRUFpR1JlQkhtREJzQ2drSWNYQkZvLUlQQdIBhgFBVV95cUxPWjE5cDZYa1FCZkZGMVpSRDFoUWJjTkI0QnYwX2JXZ1FleGI0NUJySE9jVnlsZ21jTlYxMGhyazBuUEJNQ0dhTVY3d044N1YtUy1NZGVMOVd0YUFmRndHUXo4dHMyYWREV3VjSVhxWldLamVCVTFiNExZTDhuQXJUSkNrMTRaZw?oc=5\" target=\"_blank\" rel=\"nofollow noopener\">El lado m\u00e1s personal de la actriz Hayden Panettiere: sus primeros trabajos durante la infancia, estrella adolescente, la p\u00e9rdida de su hermano, su hija de 12 a\u00f1os&#8230;<\/a>&nbsp;&nbsp;El Mundo<\/li>\n<li><a href=\"https:\/\/news.google.com\/rss\/articles\/CBMi3wFBVV95cUxQczZKenZZWFVxUFM4VVFpU21kQl9RSWlkTDRBNzBZNUFabVVJUXdScy1pSzJfZjc0cTV4R29ZZ1dTVXZ1LXItWVFiWXJiem1DM1BnY3liUDBhQ2Ztc3RqUzdzcmZSS2xCbVFCMEVsZndLZUtjRnE4TDE2Tmo4eVBhbVAteUVVeG9XRmY5THU1c3A3azd2RDFNUUJqNTJUbzI4cVBDX0hhN2NtYmFhdUFxcXBjZVZQa0V3YlVWbkhFN001ZmRIWkc5N0pGX3F4VUJ1ejNJcHlhRDI5ODJvNFVN?oc=5\" target=\"_blank\" rel=\"nofollow noopener\">Sale a la luz la posible causa de la muerte de Hayden Panettiere: \u00abLa polic\u00eda afirma que no hab\u00eda indicios iniciales de delito\u00bb<\/a>&nbsp;&nbsp;Lecturas<\/li>\n<li><a href=\"https:\/\/news.google.com\/rss\/articles\/CBMirgFBVV95cUxNTm9pZ3Q0bkw3MXJmYS1VRjR2XzNtYXNxZUFGUXVYRXc0NkJ3NDBTb2w1ZXZQRmNVZ21kSm90ZUR4Xy1rTnN6NFEzdW81TWRoUWYwU2pGWjQ3cmNPQ1V0SWtwVmVhZEoxSjZvNUxoOC1wSTNCaWJubzdwNUIwQnJrRFd6dkN1V3dkejd2X3duOEtsSEVNMmRFbVJrQjcyLXptX2RMYkhSTTd3RUxiN0HSAa4BQVVfeXFMTjdMMmdXcGYtOFN2VjN2c3ZneThQTzYzcXc4djhSMVppMmZ4TF9LUkhDVFozWEdIdl9od3ppREd3dFgtUzdmOENHdnZPdk9FNkdEYWZpQWVCNHIzMzRma2FYcUwtUHR4cmtPRnY3VVlRam1OdWJOZFdkSzRsdGxwWjJPODMtclFvTGo0Q3U3VzJ1QjJHc2JPcUpLbnRBaWQwem80bDRIbnJiUTZDVjl3?oc=5\" target=\"_blank\" rel=\"nofollow noopener\">Hayden Panettiere, una animadora con superpoderes y una turbulenta vida personal<\/a>&nbsp;&nbsp;El Peri\u00f3dico<\/li>\n<li><a href=\"https:\/\/news.google.com\/rss\/articles\/CBMiswFBVV95cUxQMUptOUMwWFl0TmphRXpGNTFEaU10a0x5WnBuU1hseDJDeThVXzdjM1MwcHgyRm0taXUycmpfSzY2aEdnclJBMmhtMVBVTUJhMFNoTG1DWFRBcjRXX0N0WDF3WWFjc19oNFdTUVZkMDdXN1ZLM3AwanVKbE9sbk9vNElxMW1VbHFxMTlMM3psWUItTTU5Tzh2WVo2WHdlT0E5b3VPSUU3NjQ5dkt0cDBoZmxYOA?oc=5\" target=\"_blank\" rel=\"nofollow noopener\">Muere Hayden Panettiere, protagonista de la series &#8216;H\u00e9roes&#8217; y &#8216;Nashville&#8217;<\/a>&nbsp;&nbsp;RTVE.es<\/li>\n<li><a href=\"https:\/\/news.google.com\/rss\/articles\/CBMiW0FVX3lxTE1rd25HYjJYa2ktUTJPYjY5d3Q0RDB0bVlodkRwMGZXOFp4dDBndloyZ0EyNmxDdF80aVA1c2lUUnNqd2xqOGttcERuVC0zWUc0WmlJTFpkMENQQWM?oc=5\" target=\"_blank\" rel=\"nofollow noopener\">De actriz infantil a estrella en Scream y \u00abH\u00e9roes\u00bb: la vida en im\u00e1genes de Hayden Panettiere<\/a>&nbsp;&nbsp;BBC<\/li>\n<\/ol>\n","protected":false},"excerpt":{"rendered":"El lado m\u00e1s personal de la actriz Hayden Panettiere: sus primeros trabajos durante la infancia, estrella adolescente, la&hellip;\n","protected":false},"author":2,"featured_media":716211,"comment_status":"","ping_status":"","sticky":false,"template":"","format":"standard","meta":{"footnotes":""},"categories":[169],"tags":[177,146,147,25,24,176,10536,175,23,94957],"class_list":["post-716210","post","type-post","status-publish","format-standard","has-post-thumbnail","category-cine","tag-cine","tag-entertainment","tag-entretenimiento","tag-es","tag-espana","tag-film","tag-loc-celebrities","tag-movies","tag-spain","tag-tnds"],"share_on_mastodon":{"url":"https:\/\/pubeurope.com\/@es\/117111030318470560","error":""},"_links":{"self":[{"href":"https:\/\/www.europesays.com\/es\/wp-json\/wp\/v2\/posts\/716210","targetHints":{"allow":["GET"]}}],"collection":[{"href":"https:\/\/www.europesays.com\/es\/wp-json\/wp\/v2\/posts"}],"about":[{"href":"https:\/\/www.europesays.com\/es\/wp-json\/wp\/v2\/types\/post"}],"author":[{"embeddable":true,"href":"https:\/\/www.europesays.com\/es\/wp-json\/wp\/v2\/users\/2"}],"replies":[{"embeddable":true,"href":"https:\/\/www.europesays.com\/es\/wp-json\/wp\/v2\/comments?post=716210"}],"version-history":[{"count":0,"href":"https:\/\/www.europesays.com\/es\/wp-json\/wp\/v2\/posts\/716210\/revisions"}],"wp:featuredmedia":[{"embeddable":true,"href":"https:\/\/www.europesays.com\/es\/wp-json\/wp\/v2\/media\/716211"}],"wp:attachment":[{"href":"https:\/\/www.europesays.com\/es\/wp-json\/wp\/v2\/media?parent=716210"}],"wp:term":[{"taxonomy":"category","embeddable":true,"href":"https:\/\/www.europesays.com\/es\/wp-json\/wp\/v2\/categories?post=716210"},{"taxonomy":"post_tag","embeddable":true,"href":"https:\/\/www.europesays.com\/es\/wp-json\/wp\/v2\/tags?post=716210"}],"curies":[{"name":"wp","href":"https:\/\/api.w.org\/{rel}","templated":true}]}}