{"id":71625,"date":"2025-08-25T17:24:08","date_gmt":"2025-08-25T17:24:08","guid":{"rendered":"https:\/\/www.europesays.com\/es\/71625\/"},"modified":"2025-08-25T17:24:08","modified_gmt":"2025-08-25T17:24:08","slug":"royce-gracie-leyenda-de-la-ufc-visito-ecuador-para-impartir-un-seminario-de-defensa-personal-otros-deportes-deportes","status":"publish","type":"post","link":"https:\/\/www.europesays.com\/es\/71625\/","title":{"rendered":"Royce Gracie, leyenda de la UFC, visit\u00f3 Ecuador para impartir un seminario de defensa personal | Otros Deportes | Deportes"},"content":{"rendered":"<p class=\"prose-text\">La leyenda de la <b>Ultimate Fighting Championship (UFC)<\/b>, <b>Royce Gracie<\/b>, estuvo en Ecuador para dictar un seminario de jiu jitsu enfocado en t\u00e9cnicas de defensa personal. El evento se realiz\u00f3 en la Academia oficial de Royce Gracie Jiu-Jitsu en Ecuador, ubicada en Entre R\u00edos (Samborond\u00f3n).<\/p>\n<p class=\"prose-text\">Integrante de la ic\u00f3nica familia Gracie, pionera en la difusi\u00f3n del jiu jitsu brasile\u00f1o, Royce comparti\u00f3 durante dos jornadas \u2014s\u00e1bado 16 y domingo 17 de agosto\u2014 ense\u00f1anzas y experiencias con ni\u00f1os, adolescentes y adultos. En la inauguraci\u00f3n estuvo acompa\u00f1ado por el doctor Roberto Bitar, experimentado artista marcial y considerado pionero del jiu jitsu en el pa\u00eds.<\/p>\n<p class=\"prose-text\">Bitar record\u00f3 c\u00f3mo inici\u00f3 esta disciplina en Ecuador: \u201cNo es la primera vez que el profesor Royce nos visita en Ecuador. El jiu jitsu aqu\u00ed en Ecuador empez\u00f3 aproximadamente en el a\u00f1o 1996 cuando yo visit\u00e9 por primera ocasi\u00f3n la academia Gracie Jiu-Jitsu (en Torrance, California) con el af\u00e1n de conocer a mi \u00eddolo y aprender de \u00e9l; y comenc\u00e9 a traer el deporte ac\u00e1, en una academia que yo ten\u00eda de Kung Fu\u201d.<\/p>\n<p class=\"prose-text\">A\u00f1adi\u00f3 que el deporte ha evolucionado de forma notable en el pa\u00eds: \u201cEso se ha continuado hasta las fechas que en Ecuador hay grandes nombres del jiu jitsu deportivo, campeones del mundo y tantas cosas\u201d.<\/p>\n<p class=\"prose-text\">Sin embargo, Bitar hizo hincapi\u00e9 en la importancia de mantener la esencia original: \u201cCabe recalcar que el jiu jitsu original que yo aprend\u00ed y que contin\u00fao aprendiendo de mi maestro (Royce Gracie) es orientado para la defensa personal. El jiu jitsu es uno solo, pero hay especialidades: deportiva y de defensa personal, que es el antiguo y el que nosotros procuramos mantener esa tradici\u00f3n\u201d.<\/p>\n<p class=\"prose-text\">Royce Gracie, quien marc\u00f3 un antes y un despu\u00e9s en la historia de las artes marciales, fue el primer campe\u00f3n del UFC en 1993, tras consagrarse en el UFC 1 celebrado en Denver, Colorado, donde derrot\u00f3 en una sola noche a tres rivales (Art Jimmerson, Ken Shamrock y Gerard Gordeau).<\/p>\n<p class=\"prose-text\">Posteriormente, volvi\u00f3 a coronarse en UFC 2 y UFC 4, consolidando su estatus de leyenda y convirti\u00e9ndose en una pieza fundamental para el nacimiento de las artes marciales mixtas (MMA) modernas. <b>(D)<\/b><\/p>\n","protected":false},"excerpt":{"rendered":"La leyenda de la Ultimate Fighting Championship (UFC), Royce Gracie, estuvo en Ecuador para dictar un seminario de&hellip;\n","protected":false},"author":2,"featured_media":71626,"comment_status":"","ping_status":"","sticky":false,"template":"","format":"standard","meta":{"footnotes":""},"categories":[276],"tags":[168,25,24,23,167,343],"class_list":{"0":"post-71625","1":"post","2":"type-post","3":"status-publish","4":"format-standard","5":"has-post-thumbnail","7":"category-ufc","8":"tag-deportes","9":"tag-es","10":"tag-espana","11":"tag-spain","12":"tag-sports","13":"tag-ufc"},"share_on_mastodon":{"url":"","error":""},"_links":{"self":[{"href":"https:\/\/www.europesays.com\/es\/wp-json\/wp\/v2\/posts\/71625","targetHints":{"allow":["GET"]}}],"collection":[{"href":"https:\/\/www.europesays.com\/es\/wp-json\/wp\/v2\/posts"}],"about":[{"href":"https:\/\/www.europesays.com\/es\/wp-json\/wp\/v2\/types\/post"}],"author":[{"embeddable":true,"href":"https:\/\/www.europesays.com\/es\/wp-json\/wp\/v2\/users\/2"}],"replies":[{"embeddable":true,"href":"https:\/\/www.europesays.com\/es\/wp-json\/wp\/v2\/comments?post=71625"}],"version-history":[{"count":0,"href":"https:\/\/www.europesays.com\/es\/wp-json\/wp\/v2\/posts\/71625\/revisions"}],"wp:featuredmedia":[{"embeddable":true,"href":"https:\/\/www.europesays.com\/es\/wp-json\/wp\/v2\/media\/71626"}],"wp:attachment":[{"href":"https:\/\/www.europesays.com\/es\/wp-json\/wp\/v2\/media?parent=71625"}],"wp:term":[{"taxonomy":"category","embeddable":true,"href":"https:\/\/www.europesays.com\/es\/wp-json\/wp\/v2\/categories?post=71625"},{"taxonomy":"post_tag","embeddable":true,"href":"https:\/\/www.europesays.com\/es\/wp-json\/wp\/v2\/tags?post=71625"}],"curies":[{"name":"wp","href":"https:\/\/api.w.org\/{rel}","templated":true}]}}