{"id":716276,"date":"2026-08-17T14:02:12","date_gmt":"2026-08-17T14:02:12","guid":{"rendered":"https:\/\/www.europesays.com\/es\/716276\/"},"modified":"2026-08-17T14:02:12","modified_gmt":"2026-08-17T14:02:12","slug":"el-colesterol-ldl-alto-causo-la-muerte-de-36-millones-de-personas-en-el-mundo-en-2023","status":"publish","type":"post","link":"https:\/\/www.europesays.com\/es\/716276\/","title":{"rendered":"El colesterol LDL alto caus\u00f3 la muerte de 3,6 millones de personas en el mundo en 2023"},"content":{"rendered":"<p><strong>Redacci\u00f3n<br \/><\/strong>Los niveles elevados de colesterol de <strong>lipoprote\u00ednas de baja densidad (LDL-C)<\/strong> causaron 3,6 millones de <strong>muertes en el mundo en 2023<\/strong>, lo que representa el seis por ciento del total de fallecimientos, adem\u00e1s de la p\u00e9rdida de 90,7 millones de a\u00f1os de vida saludable, seg\u00fan muestra un an\u00e1lisis del<a href=\"https:\/\/www.healthdata.org\/sites\/default\/files\/2025-11\/GBD_2023_Booklet_Final_2025.10.17_ESES.pdf\" target=\"_blank\" rel=\"noopener nofollow\"> Estudio de la Carga Mundial de Enfermedad 2023<\/a>.<\/p>\n<p>El trabajo, <a href=\"https:\/\/jamanetwork.com\/journals\/jama\/article-abstract\/2852266\" target=\"_blank\" rel=\"noopener nofollow\">publicado en JAMA<\/a>, cuantifica la carga mundial de morbilidad atribuible a LDL-C alto entre adultos de 25 a\u00f1os o m\u00e1s en <strong>204 pa\u00edses<\/strong> y territorios por edad y sexo <strong>desde 1990 hasta 2023<\/strong>, con el fin de que los resultados ayuden a orientar las estrategias de prevenci\u00f3n y tratamiento.<\/p>\n<p>Los niveles elevados de colesterol de lipoprote\u00ednas de baja densidad (LDL-C) causaron la p\u00e9rdida de 90,7 millones de a\u00f1os de vida saludable<\/p>\n<p>Como detalla el estudio, los niveles elevados de LDL-C son un factor de riesgo modificable para la enfermedad cardiovascular ateroscler\u00f3tica (ECV), principalmente para la cardiopat\u00eda isqu\u00e9mica y el accidente cerebrovascular isqu\u00e9mico, que, a su vez, constituyen las principales causas de mortalidad prematura en todo el mundo, representando el<strong> 22% de las muertes globales<\/strong> y el 10% de los a\u00f1os de vida ajustados por discapacidad en 2023.<\/p>\n<p>Desde 1990, el n\u00famero de muertes y a\u00f1os de vida ajustados por discapacidad atribuibles a niveles altos de LDL-C <strong>ha aumentado aproximadamente un 39%<\/strong>, como consecuencia del crecimiento y envejecimiento de la poblaci\u00f3n mundial.<\/p>\n<p>En 2023, un tercio de la carga mundial de LDL-C se produjo en India y China<\/p>\n<p>En 2023, un tercio de la carga mundial de LDL-C se produjo en India y China. Los niveles altos de LDL-C fueron <strong>en 2023 el segundo factor principal de mortalidad por ECV<\/strong> y uno de los 10 principales contribuyentes a la carga mundial de todas las causas.<\/p>\n<p>Adem\u00e1s de representar el 6% de las muertes por todas las causas, el colesterol LDL alto supuso el 8,1% de las muertes por enfermedades no transmisibles y el <strong>18,9% de las muertes por ECV<\/strong>. Los niveles altos de LDL-C contribuyeron a casi un tercio de las muertes por cardiopat\u00eda isqu\u00e9mica y al 27% de las muertes por accidente cerebrovascular isqu\u00e9mico.<\/p>\n<p>En contraste, el estudio recoge una disminuci\u00f3n de las tasas estandarizadas por edad, una medida estad\u00edstica que elimina el efecto de las diferencias en la composici\u00f3n por edades al comparar distintas poblaciones. En concreto, las <strong>tasas de muerte y a\u00f1os de vida ajustados por discapacidad estandarizadas por edad disminuyeron en un 45,6 y un 39,5%<\/strong>, respectivamente, desde 1990.<\/p>\n<p>El colesterol LDL alto supuso el 8,1% de las muertes por enfermedades no transmisibles y el 18,9% de las muertes por enfermedades cardiovasculares<\/p>\n<p>En 2023, las tasas de a\u00f1os de vida ajustados por discapacidad atribuibles al LDL-C estandarizadas por edad fueron m\u00e1s altas en Europa del Este y m\u00e1s bajas en las zonas de altos ingresos de la regi\u00f3n Asia-Pac\u00edfico.<\/p>\n<p>A pesar de la disminuci\u00f3n de las tasas estandarizadas por edad, los autores explican que la carga absoluta de colesterol LDL ha aumentado desde 1990 debido a cambios demogr\u00e1ficos y se ha desplazado hacia pa\u00edses de nivel sociodemogr\u00e1fico medio.<\/p>\n<p>Ante la proximidad del plazo para alcanzar los Objetivos de Desarrollo Sostenible de las Naciones Unidas, delimitados para 2030, los investigadores han destacado que estos hallazgos subrayan la <strong>urgencia de ampliar los programas de detecci\u00f3n<\/strong> equitativa e implementar <strong>intervenciones espec\u00edficas<\/strong> para aumentar el acceso a la atenci\u00f3n m\u00e9dica y promover la salud cardiovascular a lo largo de la vida en todo el mundo.<\/p>\n","protected":false},"excerpt":{"rendered":"Redacci\u00f3nLos niveles elevados de colesterol de lipoprote\u00ednas de baja densidad (LDL-C) causaron 3,6 millones de muertes en el&hellip;\n","protected":false},"author":2,"featured_media":716277,"comment_status":"","ping_status":"","sticky":false,"template":"","format":"standard","meta":{"footnotes":""},"categories":[92],"tags":[6090,25,24,165,24396,1294,11238,166,1452,23],"class_list":["post-716276","post","type-post","status-publish","format-standard","has-post-thumbnail","category-salud","tag-b1","tag-es","tag-espana","tag-health","tag-hipercolesterolemia","tag-investigacion","tag-mortalidad","tag-salud","tag-salud-publica","tag-spain"],"share_on_mastodon":{"url":"","error":""},"_links":{"self":[{"href":"https:\/\/www.europesays.com\/es\/wp-json\/wp\/v2\/posts\/716276","targetHints":{"allow":["GET"]}}],"collection":[{"href":"https:\/\/www.europesays.com\/es\/wp-json\/wp\/v2\/posts"}],"about":[{"href":"https:\/\/www.europesays.com\/es\/wp-json\/wp\/v2\/types\/post"}],"author":[{"embeddable":true,"href":"https:\/\/www.europesays.com\/es\/wp-json\/wp\/v2\/users\/2"}],"replies":[{"embeddable":true,"href":"https:\/\/www.europesays.com\/es\/wp-json\/wp\/v2\/comments?post=716276"}],"version-history":[{"count":0,"href":"https:\/\/www.europesays.com\/es\/wp-json\/wp\/v2\/posts\/716276\/revisions"}],"wp:featuredmedia":[{"embeddable":true,"href":"https:\/\/www.europesays.com\/es\/wp-json\/wp\/v2\/media\/716277"}],"wp:attachment":[{"href":"https:\/\/www.europesays.com\/es\/wp-json\/wp\/v2\/media?parent=716276"}],"wp:term":[{"taxonomy":"category","embeddable":true,"href":"https:\/\/www.europesays.com\/es\/wp-json\/wp\/v2\/categories?post=716276"},{"taxonomy":"post_tag","embeddable":true,"href":"https:\/\/www.europesays.com\/es\/wp-json\/wp\/v2\/tags?post=716276"}],"curies":[{"name":"wp","href":"https:\/\/api.w.org\/{rel}","templated":true}]}}