{"id":716300,"date":"2026-08-17T14:19:12","date_gmt":"2026-08-17T14:19:12","guid":{"rendered":"https:\/\/www.europesays.com\/es\/716300\/"},"modified":"2026-08-17T14:19:12","modified_gmt":"2026-08-17T14:19:12","slug":"el-concurso-de-pintura-en-imagenes-el-diario-montanes","status":"publish","type":"post","link":"https:\/\/www.europesays.com\/es\/716300\/","title":{"rendered":"El Concurso de Pintura, en im\u00e1genes &#8211; El Diario Monta\u00f1\u00e9s"},"content":{"rendered":"<ol>\n<li><a href=\"https:\/\/news.google.com\/rss\/articles\/CBMiqgFBVV95cUxOaVM4UHdHS3FOa3U0N3ZwWUI4cTIwbGEzQUxQRmNwZHlNelVMQTdsdllLYnJtVVhjdEdtekI1Y0c5YzB4ZzZtdmowNHhmLWdkZ1dLV3FlcF9WMmJKVHNOMWpRYnlzSmJ0YS1tUVY0di10dmNhdEZ3MFpBWmNMa2ZBa0gzZy1FTUpOMDVRTDhZZGYtU0tJRjhjenJiZS1RdldHLVBIb003ZHFJUQ?oc=5\" target=\"_blank\" rel=\"nofollow noopener\">El Concurso de Pintura, en im\u00e1genes<\/a>&nbsp;&nbsp;El Diario Monta\u00f1\u00e9s<\/li>\n<li><a href=\"https:\/\/news.google.com\/rss\/articles\/CBMipwFBVV95cUxNTkViN3QtbFEwWldaN3J4akFENTlrbEV2a0gxQ0I4dXk0aFBUbGp2SEZBY1liYjhRR1RRNHQ5OEI0QmFmdTc3UXIzcFJkTUtJXzVjbTlNejJ4QWhsLWwyLU8zQUJuTnlLZ1kxY2RVOTE0dG1oMzBva3cyalcwcThMWnhQcnlTTnpwMHBndU5uMEJjRzlyQ0ZVcDdNTU5MNVRtZUNxOUNLOA?oc=5\" target=\"_blank\" rel=\"nofollow noopener\">Torrelavega posa para el lienzo<\/a>&nbsp;&nbsp;El Diario Monta\u00f1\u00e9s<\/li>\n<li><a href=\"https:\/\/news.google.com\/rss\/articles\/CBMimgFBVV95cUxPMlJ4TFpYU2pVSHAzU3RIZ3JoQ3NhNzlxbjhfMVpaMFMzRUQ3QXNMNmxiUFZMbDEwUlVvdlprTEZrQXdFdVlVQkp2WjNlOWExcXY3VmpqTTJQRDNtTGhJZENKSHR5bE8yUTBFcGdzRjhYbmh2ZERJd21heUd5UlplclFzOVphM2h1VFZRZ1QyWkFqLVE0cy05Zy1n?oc=5\" target=\"_blank\" rel=\"nofollow noopener\">La Plaza Mayor de Torrelavega y sus rincones, gran estudio en el XXX Concurso Nacional de Pintura al Aire Libre<\/a>&nbsp;&nbsp;cantabria directa<\/li>\n<li><a href=\"https:\/\/news.google.com\/rss\/articles\/CBMizAFBVV95cUxNbnNPOVdVSkdxRm9CMnZNTzh5b3lzOWhsMUFlbXk5OWNkb1h1dlNVZm5tUXVoZ25McXdHUnRQcDJOSWN5WkJodXczcTdmR0RJajFlR0dsdl94MFRWTl9aYW54N2JkSm1DVG54WE1zTnJCUWxnZGZ0V0M4a3hvWHdPcnpzS0hrQm1oRDhhc1hocU1TQjdXbThxM1RnMlBweEU0SzF1Mm5Eb3dzOWJlVFRzdzJQbHY4dFBwbU9VNGJKZHJBNmtqckhVcjFETGI?oc=5\" target=\"_blank\" rel=\"nofollow noopener\">Abierto el plazo para participar en la VIII edici\u00f3n del Concurso de Fotograf\u00eda \u2018Calles de Torrelavega\u2019<\/a>&nbsp;&nbsp;Ayuntamiento de Torrelavega<\/li>\n<li><a href=\"https:\/\/news.google.com\/rss\/articles\/CBMi2wFBVV95cUxQVEYwam1kYlA1NHNQZEFQX2p0U1ZhQlV5UWo1S0tuQlZCTm1aSWxsa1dIQ1pMd2dDSVh4UlN6Wk1qeFgzdDhpYmZfSWhVaThPWnVraUxOcTl1Qk5Pc19qbzV4dUE0dEdveGJ0SGY1NjloUk01akM3cTJpYXIxS1NIVlFnWDlxVVF2R2NDY29VRUpabzdnTi1IVmdnUHQ4WVdqVGJtNlYyY2w1cy1rWWxfWlFlWk94cmlfTXpCaUNYTW1wdWtMbGlvQUExam9aR2QwMDk5Uk5NdUl1alU?oc=5\" target=\"_blank\" rel=\"nofollow noopener\">Torrelavega celebra el XXX Concurso de Pintura al Aire Libre con 4.000 euros en premios<\/a>&nbsp;&nbsp;Cantabria Liberal<\/li>\n<\/ol>\n","protected":false},"excerpt":{"rendered":"El Concurso de Pintura, en im\u00e1genes&nbsp;&nbsp;El Diario Monta\u00f1\u00e9s Torrelavega posa para el lienzo&nbsp;&nbsp;El Diario Monta\u00f1\u00e9s La Plaza Mayor&hellip;\n","protected":false},"author":2,"featured_media":716301,"comment_status":"","ping_status":"","sticky":false,"template":"","format":"standard","meta":{"footnotes":""},"categories":[173],"tags":[229,233,231,230,4023,232,234,146,147,25,24,1641,503,23],"class_list":["post-716300","post","type-post","status-publish","format-standard","has-post-thumbnail","category-arte-y-diseno","tag-arte","tag-arte-y-diseno","tag-arts","tag-arts-and-design","tag-concurso","tag-design","tag-diseno","tag-entertainment","tag-entretenimiento","tag-es","tag-espana","tag-imagenes","tag-pintura","tag-spain"],"share_on_mastodon":{"url":"","error":""},"_links":{"self":[{"href":"https:\/\/www.europesays.com\/es\/wp-json\/wp\/v2\/posts\/716300","targetHints":{"allow":["GET"]}}],"collection":[{"href":"https:\/\/www.europesays.com\/es\/wp-json\/wp\/v2\/posts"}],"about":[{"href":"https:\/\/www.europesays.com\/es\/wp-json\/wp\/v2\/types\/post"}],"author":[{"embeddable":true,"href":"https:\/\/www.europesays.com\/es\/wp-json\/wp\/v2\/users\/2"}],"replies":[{"embeddable":true,"href":"https:\/\/www.europesays.com\/es\/wp-json\/wp\/v2\/comments?post=716300"}],"version-history":[{"count":0,"href":"https:\/\/www.europesays.com\/es\/wp-json\/wp\/v2\/posts\/716300\/revisions"}],"wp:featuredmedia":[{"embeddable":true,"href":"https:\/\/www.europesays.com\/es\/wp-json\/wp\/v2\/media\/716301"}],"wp:attachment":[{"href":"https:\/\/www.europesays.com\/es\/wp-json\/wp\/v2\/media?parent=716300"}],"wp:term":[{"taxonomy":"category","embeddable":true,"href":"https:\/\/www.europesays.com\/es\/wp-json\/wp\/v2\/categories?post=716300"},{"taxonomy":"post_tag","embeddable":true,"href":"https:\/\/www.europesays.com\/es\/wp-json\/wp\/v2\/tags?post=716300"}],"curies":[{"name":"wp","href":"https:\/\/api.w.org\/{rel}","templated":true}]}}