{"id":716316,"date":"2026-08-17T14:29:13","date_gmt":"2026-08-17T14:29:13","guid":{"rendered":"https:\/\/www.europesays.com\/es\/716316\/"},"modified":"2026-08-17T14:29:13","modified_gmt":"2026-08-17T14:29:13","slug":"el-ministro-ultra-israeli-ben-gvir-aboga-por-matar-cada-noche-en-gaza-a-30-o-40-personas-internacional","status":"publish","type":"post","link":"https:\/\/www.europesays.com\/es\/716316\/","title":{"rendered":"El ministro ultra israel\u00ed Ben Gvir aboga por matar cada noche en Gaza a 30 o 40 personas | Internacional"},"content":{"rendered":"<p class=\"\">Itamar Ben Gvir, <a href=\"https:\/\/elpais.com\/internacional\/2022-10-31\/itamar-ben-gvir-la-estrella-ultra-de-las-elecciones-en-israel.html\" target=\"_self\" rel=\"nofollow noopener\" title=\"https:\/\/elpais.com\/internacional\/2022-10-31\/itamar-ben-gvir-la-estrella-ultra-de-las-elecciones-en-israel.html\">el ultraderechista ministro israel\u00ed de Seguridad Nacional del que dependen la polic\u00eda y las prisiones<\/a>, aboga por matar cada noche en Gaza a unas 30 o 40 personas: \u201cNo es ning\u00fan secreto que he tenido diferencias con el primer ministro [Benjam\u00edn Netanyahu]. Creo que todos los d\u00edas deber\u00edamos efectuar asesinatos selectivos en Gaza, cada noche unos 30 o 40. No solo aquellos que representan una amenaza inmediata. <a href=\"https:\/\/elpais.com\/internacional\/2026-08-16\/la-vida-en-gaza-un-infierno-cotidiano-tras-300-dias-de-alto-el-fuego.html\" target=\"_self\" rel=\"nofollow noopener\" title=\"https:\/\/elpais.com\/internacional\/2026-08-16\/la-vida-en-gaza-un-infierno-cotidiano-tras-300-dias-de-alto-el-fuego.html\">Hay gente all\u00ed que no merece vivir.<\/a> Ni siquiera son personas, no los quiero llamar personas\u201d.<\/p>\n<p class=\"\">Ben Gvir describe a continuaci\u00f3n c\u00f3mo imagina Gaza: con asentamientos israel\u00edes por toda la Franja y \u201cno solo en Gush Katif\u201d, el principal bloque evacuado unilateralmente en 2005, y con el menor n\u00famero posible de palestinos, gracias al \u201cfomento de la emigraci\u00f3n\u201d, <a href=\"https:\/\/elpais.com\/internacional\/2024-01-17\/emigracion-voluntaria-el-eufemismo-que-impulsa-la-ultraderecha-israeli-para-despoblar-gaza.html\" target=\"_self\" rel=\"nofollow noopener\" title=\"https:\/\/elpais.com\/internacional\/2024-01-17\/emigracion-voluntaria-el-eufemismo-que-impulsa-la-ultraderecha-israeli-para-despoblar-gaza.html\">el eufemismo de la limpieza \u00e9tnica que ha cobrado popularidad en los \u00faltimos a\u00f1os<\/a>. \u201cLo m\u00e1s posible, echarlos a sus tierras\u201d, a\u00f1ade usando una f\u00f3rmula que refleja su idea \u2014extendida en la derecha israel\u00ed\u2014 de que<a href=\"https:\/\/elpais.com\/internacional\/2023-03-21\/el-pueblo-palestino-no-existe-las-declaraciones-de-un-ministro-israeli-despiertan-la-condena-internacional.html\" target=\"_self\" rel=\"nofollow noopener\" title=\"https:\/\/elpais.com\/internacional\/2023-03-21\/el-pueblo-palestino-no-existe-las-declaraciones-de-un-ministro-israeli-despiertan-la-condena-internacional.html\"> Palestina no existe<\/a>, sus habitantes no constituyen un pueblo y solo los jud\u00edos tienen derecho, por motivos b\u00edblicos e hist\u00f3ricos, a habitar la zona. Ben Gvir matiza luego que no habr\u00e1 emigraci\u00f3n posible para \u201clos terroristas\u201d, porque corresponde \u201cmatarlos uno por uno\u201d.<\/p>\n<p><img alt=\"\" decoding=\"auto\" class=\"_re lazyload a_m-h\" height=\"276\"  width=\"414\"  src=\"https:\/\/www.europesays.com\/es\/wp-content\/uploads\/2026\/08\/44DCJRTE2JF6DF2BJPEFWA3ST4.jpg\" loading=\"lazy\" fetchpriority=\"low\"\/>Un palestino retira escombros de un edificio bombardeado por Israel, este domingo en Ciudad de Gaza.Jehad Alshrafi (AP\/LaPresse)<\/p>\n<p class=\"\">Ben Gvir ha hecho estas declaraciones en un podcast llamado 8 de octubre, en referencia al d\u00eda despu\u00e9s del ataque en 2023 en el que Ham\u00e1s tom\u00f3 como reh\u00e9n a su locutor, Rom Braslavski, <a href=\"https:\/\/elpais.com\/internacional\/2025-10-12\/los-rehenes-vivos-que-hamas-preve-liberar-20-hombres-israelies-de-entre-21-y-48-anos-y-casi-todos-civiles.html\" target=\"_self\" rel=\"nofollow noopener\" title=\"https:\/\/elpais.com\/internacional\/2025-10-12\/los-rehenes-vivos-que-hamas-preve-liberar-20-hombres-israelies-de-entre-21-y-48-anos-y-casi-todos-civiles.html\">liberado dos a\u00f1os despu\u00e9s en el marco del acuerdo del alto el fuego<\/a>. Durante la conversaci\u00f3n, tanto el entrevistador como el entrevistado llevan en la solapa un pin (habitual en Ben Gvir) en forma de horca, en apoyo a la ampliaci\u00f3n de la pena de muerte que <a href=\"https:\/\/elpais.com\/internacional\/2026-03-30\/el-parlamento-de-israel-debate-condenar-a-muerte-por-defecto-a-los-palestinos-de-cisjordania-que-asesinen-israelies.html\" target=\"_self\" rel=\"nofollow noopener\" title=\"https:\/\/elpais.com\/internacional\/2026-03-30\/el-parlamento-de-israel-debate-condenar-a-muerte-por-defecto-a-los-palestinos-de-cisjordania-que-asesinen-israelies.html\">aprob\u00f3 en marzo el Parlamento<\/a>. <\/p>\n<p class=\"\">La nueva ley convierte la horca en el castigo por defecto (y sin necesidad de unanimidad) para los palestinos del territorio ocupado de Cisjordania que maten a israel\u00edes en actos de violencia relacionados con el conflicto de Oriente Pr\u00f3ximo, sin ser la pena para los israel\u00edes jud\u00edos. El ministro lo celebr\u00f3 intentando abrir una botella de champ\u00e1n en el Parlamento y festej\u00f3 su 50 cumplea\u00f1os con una tarta de regalo decorada con un dibujo de la horca y la frase: \u201cA veces los sue\u00f1os se hacen realidad\u201d.<\/p>\n<p class=\"\">En los primeros minutos de la entrevista, Braslavski le pide a t\u00edtulo personal que le permita ser quien mate \u201ca todos los terroristas aqu\u00ed, en el Estado de Israel\u201d. \u201cNo quiero soga ni bot\u00f3n [de la silla el\u00e9ctrica]. Con mis propias manos\u201d. <a href=\"https:\/\/elpais.com\/internacional\/2026-05-22\/ben-gvir-el-ministro-ultra-israeli-al-que-el-ejercito-rechazo-por-su-extremismo.html\" target=\"_self\" rel=\"nofollow noopener\" title=\"https:\/\/elpais.com\/internacional\/2026-05-22\/ben-gvir-el-ministro-ultra-israeli-al-que-el-ejercito-rechazo-por-su-extremismo.html\">Ben Gvir le dice que mover\u00e1 \u201ccielo y tierra\u201d<\/a> para que as\u00ed sea, aunque luego le recuerda que existe una decisi\u00f3n para aplicar la pena capital por ahorcamiento.<\/p>\n<p>\u201cPara eso fuimos a la guerra\u201d<\/p>\n<p class=\"\">Varias de las ideas que expone en el podcast no son nuevas. O las ha desarrollado en otras entrevistas en los \u00faltimos d\u00edas. En una de este mismo domingo con la radio 103 FM, se\u00f1ala la importancia de \u201cconquistar toda\u201d Gaza, \u201canimar la emigraci\u00f3n\u201d y \u201caniquilar\u201d a Ham\u00e1s. \u201cPara eso fuimos a la guerra [\u2026] Es como en el f\u00fatbol, hay que ganar 6-0, 7-0, 8-0\u201d, se\u00f1ala.<\/p>\n<p class=\"\">En otra entrevista, tres d\u00edas antes al canal de derechas i24, el presentador le muestra el corte de una entrevista por videollamada con un gazat\u00ed <a href=\"https:\/\/elpais.com\/internacional\/2026-08-16\/la-supervivencia-de-hamas-complica-la-reeleccion-a-netanyahu.html\" target=\"_self\" rel=\"nofollow noopener\" title=\"https:\/\/elpais.com\/internacional\/2026-08-16\/la-supervivencia-de-hamas-complica-la-reeleccion-a-netanyahu.html\">desesperado por salir de la devastada Gaza<\/a>. Este llama \u201ccharlatanes\u201d a los dirigentes israel\u00edes por no cumplir su plan de sacarlos en autobuses a otros pa\u00edses y se pregunta \u201cd\u00f3nde est\u00e1 Ben Gvir\u201d. El ministro responde orgulloso: \u201cTiene raz\u00f3n. Todos los d\u00edas doy un golpe sobre la mesa de Netanyahu y le digo: \u2018\u00a1Vamos a animar la emigraci\u00f3n!\u201d.<\/p>\n<p class=\"\">Ben Gvir, al que el ej\u00e9rcito <a href=\"https:\/\/elpais.com\/internacional\/2026-05-22\/ben-gvir-el-ministro-ultra-israeli-al-que-el-ejercito-rechazo-por-su-extremismo.html\" target=\"_self\" rel=\"nofollow noopener\" title=\"https:\/\/elpais.com\/internacional\/2026-05-22\/ben-gvir-el-ministro-ultra-israeli-al-que-el-ejercito-rechazo-por-su-extremismo.html\">eximi\u00f3 del servicio militar obligatorio por la radicalidad de sus ideas<\/a>, se muestra confiado en llevar el plan a cabo si su partido sigue en el poder tras las elecciones de octubre (reeditando la coalici\u00f3n m\u00e1s derechista de la historia del pa\u00eds, en la que Netanyahu es primer ministro). El ministro ultra aspira a lograr 15 diputados, en vez de los seis actuales. En los anteriores comicios, en 2022, concurri\u00f3 junto a otro partido ultranacionalista, Sionismo Religioso, del ministro de Finanzas, Bezalel Smotrich, y juntos lograron 14. En esta ocasi\u00f3n van por separado y las encuestas dan a Poder Jud\u00edo unos 10, de los 120 de la Knesset (Parlamento israel\u00ed). <\/p>\n<p class=\"\">No es la primera pol\u00e9mica del ministro, condenado ocho veces por delitos como incitaci\u00f3n al racismo o apoyo a organizaci\u00f3n terrorista e investigado desde junio por la <a href=\"https:\/\/elpais.com\/internacional\/2026-06-08\/la-fiscalia-de-italia-abre-una-investigacion-contra-el-ministro-ultra-israeli-ben-gvir-por-el-maltrato-de-activistas-de-la-flotilla-de-gaza.html\" target=\"_self\" rel=\"nofollow noopener\" title=\"https:\/\/elpais.com\/internacional\/2026-06-08\/la-fiscalia-de-italia-abre-una-investigacion-contra-el-ministro-ultra-israeli-ben-gvir-por-el-maltrato-de-activistas-de-la-flotilla-de-gaza.html\">fiscal\u00eda de Italia <\/a>por las denuncias de <a href=\"https:\/\/elpais.com\/internacional\/2026-05-05\/la-justicia-israeli-prorroga-seis-dias-el-encarcelamento-sin-cargos-del-espanol-de-la-flotilla.html\" target=\"_self\" rel=\"nofollow noopener\" title=\"https:\/\/elpais.com\/internacional\/2026-05-05\/la-justicia-israeli-prorroga-seis-dias-el-encarcelamento-sin-cargos-del-espanol-de-la-flotilla.html\">maltrato de los activistas de la flotilla de Gaza<\/a>. Vive en el asentamiento de Kiriat Arba, cerca de la ciudad cisjordana de Hebr\u00f3n, y hasta las elecciones de 2020 ten\u00eda en su sal\u00f3n un retrato de Baruj Goldstein, el colono que en 1994 asesin\u00f3 a 29 palestinos al abrir fuego contra la multitud que rezaban en la mezquita de Hebr\u00f3n. \u201c\u00bfQu\u00e9 le dices a tu hijo sobre \u00e9l?\u201d, le preguntaban en una entrevista. \u201cQue es un hombre justo, un h\u00e9roe\u201d, respond\u00eda.<\/p>\n<p class=\"\">En 1995, con apenas 19 a\u00f1os, apareci\u00f3 en televisi\u00f3n manoseando el emblema del Cadillac oficial del primer ministro Isaac Rabin, diana entonces de una violenta campa\u00f1a por haber alcanzado los Acuerdos de Oslo con Yaser Arafat . \u201cIgual que llegamos a la insignia, podemos llegar a Rabin\u201d, declar\u00f3 a la c\u00e1mara. El jefe de Gobierno <a href=\"https:\/\/elpais.com\/internacional\/2020-11-03\/el-dia-en-que-murio-la-paz-en-israel.html\" target=\"_self\" rel=\"nofollow noopener\" title=\"https:\/\/elpais.com\/internacional\/2020-11-03\/el-dia-en-que-murio-la-paz-en-israel.html\">fue asesinado semanas m\u00e1s tarde,<\/a> por otro ultranacionalista israel\u00ed, tras un acto en Tel Aviv en favor de la paz.<\/p>\n","protected":false},"excerpt":{"rendered":"Itamar Ben Gvir, el ultraderechista ministro israel\u00ed de Seguridad Nacional del que dependen la polic\u00eda y las prisiones,&hellip;\n","protected":false},"author":2,"featured_media":716317,"comment_status":"","ping_status":"","sticky":false,"template":"","format":"standard","meta":{"footnotes":""},"categories":[42],"tags":[17,18,68,70,71,72,13,14,73,69,75,11,61,62,63,64,74,19,20,9,10,15,16,77,76,12,21,22,65,66,67],"class_list":["post-716316","post","type-post","status-publish","format-standard","has-post-thumbnail","category-internacional","tag-breaking-news","tag-breakingnews","tag-conflicto-arabe-israeli","tag-conflictos","tag-conflictos-armados","tag-conflictos-internacionales","tag-featured-news","tag-featurednews","tag-franja-gaza","tag-guerra","tag-hamas","tag-headlines","tag-internacional","tag-international","tag-international-news","tag-internationalnews","tag-israel","tag-latest-news","tag-latestnews","tag-news","tag-noticias","tag-noticias-destacadas","tag-noticiasdestacadas","tag-oriente-proximo","tag-palestina","tag-titulares","tag-ultimas-noticias","tag-ultimasnoticias","tag-world","tag-world-news","tag-worldnews"],"share_on_mastodon":{"url":"","error":""},"_links":{"self":[{"href":"https:\/\/www.europesays.com\/es\/wp-json\/wp\/v2\/posts\/716316","targetHints":{"allow":["GET"]}}],"collection":[{"href":"https:\/\/www.europesays.com\/es\/wp-json\/wp\/v2\/posts"}],"about":[{"href":"https:\/\/www.europesays.com\/es\/wp-json\/wp\/v2\/types\/post"}],"author":[{"embeddable":true,"href":"https:\/\/www.europesays.com\/es\/wp-json\/wp\/v2\/users\/2"}],"replies":[{"embeddable":true,"href":"https:\/\/www.europesays.com\/es\/wp-json\/wp\/v2\/comments?post=716316"}],"version-history":[{"count":0,"href":"https:\/\/www.europesays.com\/es\/wp-json\/wp\/v2\/posts\/716316\/revisions"}],"wp:featuredmedia":[{"embeddable":true,"href":"https:\/\/www.europesays.com\/es\/wp-json\/wp\/v2\/media\/716317"}],"wp:attachment":[{"href":"https:\/\/www.europesays.com\/es\/wp-json\/wp\/v2\/media?parent=716316"}],"wp:term":[{"taxonomy":"category","embeddable":true,"href":"https:\/\/www.europesays.com\/es\/wp-json\/wp\/v2\/categories?post=716316"},{"taxonomy":"post_tag","embeddable":true,"href":"https:\/\/www.europesays.com\/es\/wp-json\/wp\/v2\/tags?post=716316"}],"curies":[{"name":"wp","href":"https:\/\/api.w.org\/{rel}","templated":true}]}}