{"id":716584,"date":"2026-08-17T17:35:25","date_gmt":"2026-08-17T17:35:25","guid":{"rendered":"https:\/\/www.europesays.com\/es\/716584\/"},"modified":"2026-08-17T17:35:25","modified_gmt":"2026-08-17T17:35:25","slug":"la-derecha-ante-la-ausencia-de-albares-en-el-senado-que-fallo-en-ceuta-el-30-de-julio-y-no-el-15-de-agosto-espana","status":"publish","type":"post","link":"https:\/\/www.europesays.com\/es\/716584\/","title":{"rendered":"La derecha, ante la ausencia de Albares en el Senado: \u201c\u00bfQu\u00e9 fall\u00f3 en Ceuta el 30 de julio y no el 15 de agosto?\u201d | Espa\u00f1a"},"content":{"rendered":"<p class=\"\">El ministro de Exteriores, Jos\u00e9 Manuel Albares, tampoco acudi\u00f3 este lunes al Senado para explicar la situaci\u00f3n en Ceuta. La escenograf\u00eda y el trasfondo se repitieron de nuevo como<a href=\"https:\/\/elpais.com\/espana\/2026-08-12\/el-pp-a-la-silla-vacia-de-marlaska-en-la-comision-del-\" target=\"_self\" rel=\"nofollow noopener\" title=\"https:\/\/elpais.com\/espana\/2026-08-12\/el-pp-a-la-silla-vacia-de-marlaska-en-la-comision-del-\"> hace cinco d\u00edas, cuando fue citado el titular de Interior, Fernando Grande-Marlaska<\/a>. Una silla vac\u00eda, la del ministro; la presidenta de la comisi\u00f3n, en este caso la popular Pilar Rojo, denunciando la marginaci\u00f3n de la C\u00e1mara alta en su funci\u00f3n del control al Gobierno; y los senadores de tres grupos de la derecha parlamentaria, PP, Junts y Vox, repitiendo la misma pregunta sin posibilidad de respuesta ante el eco vac\u00edo dejado en la sala por Albares: <a href=\"https:\/\/elpais.com\/espana\/2026-08-17\/ultima-hora-de-la-entrada-de-inmigrantes-a-ceuta-en-directo.html\" target=\"_self\" rel=\"nofollow noopener\" title=\"https:\/\/elpais.com\/espana\/2026-08-17\/ultima-hora-de-la-entrada-de-inmigrantes-a-ceuta-en-directo.html\">\u201c\u00bfQu\u00e9 fall\u00f3 el 30 de julio que no fall\u00f3 el 15 de agosto?\u201d<\/a>. Los senadores del PSOE tampoco asistieron.<\/p>\n<p class=\"\">El PP no ceja en su empe\u00f1o de que <a href=\"https:\/\/www.senado.es\/web\/actividadparlamentaria\/actualidad\/senadoendirecto\/index.html\" target=\"_self\" rel=\"nofollow noopener\" title=\"https:\/\/www.senado.es\/web\/actividadparlamentaria\/actualidad\/senadoendirecto\/index.html\">varios ministros del Gabinete de Pedro S\u00e1nchez se presenten este mes de agosto en el Senado<\/a> para ser interrogados sobre el origen y las consecuencias de esta crisis que ha provocado la entrada masiva y sin control en Ceuta el pasado 30 de julio de unas 80.000 personas. El pasado 12 de agosto fue citado Marlaska, este lunes Albares y este martes lo ser\u00e1 la responsable de Defensa, Margarita Robles. El Gobierno, a trav\u00e9s de su secretario de Estado de Relaciones con las Cortes, Rafael Simancas, ha aclarado que los ministros comparecer\u00e1n en el Congreso a finales de mes y cuando dispongan de m\u00e1s informaci\u00f3n. El Ejecutivo sostiene que el Congreso es una c\u00e1mara prevalente sobre el Senado, algo que no est\u00e1 jur\u00eddicamente tan claro en lo que respecta al control de sus miembros por la oposici\u00f3n y que el PP utiliza a su antojo pol\u00edtico porque disfruta all\u00ed de mayor\u00eda absoluta.<\/p>\n<p class=\"\">La presidenta de la Comisi\u00f3n de Exteriores del Senado, Pilar Rojo, esper\u00f3 hasta seis minutos \u201cde cortes\u00eda\u201d sobre las 11.00 para constatar, como se hab\u00eda avanzado desde el Gobierno, que Albares no se presentar\u00eda a la convocatoria. El PP quiso justificar la premura de la citaci\u00f3n en <a href=\"https:\/\/elpais.com\/espana\/2026-08-17\/el-presidente-de-ceuta-eleva-el-tono-contra-el-gobierno-y-amenaza-con-acudir-al-poder-judicial-si-no-resuelve-la-crisis-en-30-dias.html\" target=\"_self\" rel=\"nofollow noopener\" title=\"https:\/\/elpais.com\/espana\/2026-08-17\/el-presidente-de-ceuta-eleva-el-tono-contra-el-gobierno-y-amenaza-con-acudir-al-poder-judicial-si-no-resuelve-la-crisis-en-30-dias.html\">la mala imagen de Espa\u00f1a y la de Uni\u00f3n Europea en el \u00e1mbito internacional ofrecida por lo ocurrido en Ceuta el 30 de julio<\/a> y que Rojo tach\u00f3 de nuevo como \u201cinvasi\u00f3n\u201d.<\/p>\n<p class=\"\">La senadora popular incidi\u00f3 en denunciar con \u201cpreocupaci\u00f3n\u201d la ausencia de Albares de la C\u00e1mara como otro paso m\u00e1s del Ejecutivo de S\u00e1nchez en su estrategia de abandono y marginaci\u00f3n del Senado \u201csin justificaci\u00f3n alguna\u201d y sin cumplir lo que entiende como una \u201cobligaci\u00f3n legal\u201d marcada por el art\u00edculo 110 de la Constituci\u00f3n y el 66.2 del Reglamento de esa instituci\u00f3n. Rojo fue la primera que anticip\u00f3 que ahora la Mesa de la C\u00e1mara alta, controlada por el PP, podr\u00eda estudiar acciones contra Albares.<\/p>\n<p class=\"\">El portavoz del PP, el senador Jos\u00e9 Antonio Monago, abund\u00f3 sobre las consecuencias pol\u00edticas de la silla vac\u00eda dejada por Albares, pero obvi\u00f3 ese desplante para formularle al ministro ausente una cadena de preguntas que su partido viene formulando hace d\u00edas. La fundamental, que reiter\u00f3 una y otra vez y que luego secundaron tambi\u00e9n los senadores de Junts y Vox, hizo referencia a las diferencias entre lo que ocurri\u00f3 en Ceuta el 30 de julio y lo visto en esa ciudad aut\u00f3noma el pasado 15 de agosto: \u201cSi se pudo evitar el 15 de agosto, \u00bfpor qu\u00e9 no se hizo el 30 de julio?\u201d.<\/p>\n<p><img alt=\"\" decoding=\"auto\" class=\"_re lazyload a_m-h\" height=\"277\"  width=\"414\"  src=\"https:\/\/www.europesays.com\/es\/wp-content\/uploads\/2026\/08\/2ROO6M2HUJB3TDAQD3I276NCFY.jpg\" loading=\"lazy\" fetchpriority=\"low\"\/>El ministro de Asuntos Exteriores, Uni\u00f3n Europea y Cooperaci\u00f3n, Jos\u00e9 Manuel Albares (a la derecha), es recibido por el &#8216;conseller&#8217; de Justicia de la Generalitat, Ramon Espadaler (segundo por la izquierda); el director general de Casa \u00c0sia, Jos\u00e9 Pintor, y la directora de Servicios de la &#8216;Conselleria&#8217; de Presidencia, \u00c0gata Solernou, durante una visita a las obras de las nuevas dependencias de Casa \u00c0sia, en Barcelona.David Oller  (Europa Press)<\/p>\n<p class=\"\">Monago subray\u00f3 ah\u00ed que <a href=\"https:\/\/elpais.com\/espana\/2026-08-17\/espana-mantendra-intacta-su-estrategia-con-marruecos-pese-a-las-criticas-por-la-crisis-de-ceuta.html\" target=\"_self\" rel=\"nofollow noopener\" title=\"https:\/\/elpais.com\/espana\/2026-08-17\/espana-mantendra-intacta-su-estrategia-con-marruecos-pese-a-las-criticas-por-la-crisis-de-ceuta.html\">Marruecos s\u00ed fue capaz el 15 de agosto de evitar \u201cotra avalancha masiva\u201d y \u201cexhibi\u00f3 su capacidad para controlar la frontera<\/a> cuando decide hacerlo\u201d, por lo que exigi\u00f3 a Albares, S\u00e1nchez y el Gobierno central que expliquen las diferencias entre ambas actuaciones del pa\u00eds vecino. El senador del PP requiri\u00f3 a Albares saber qu\u00e9 fall\u00f3 el 30 de julio y ah\u00ed concaten\u00f3 todo tipo de interrogantes sobre lo que el ministro supo, pregunt\u00f3 o no a su hom\u00f3logo marroqu\u00ed con el que dice tener tanta interlocuci\u00f3n, lo que les transmiti\u00f3 o no el CNI, para acabar con la presunci\u00f3n de que el Gobierno espa\u00f1ol pueda estar negociando a cambio con Rabat para que no se vuelvan a repetir las escenas vistas en la frontera con Ceuta de aquella aciaga jornada.<\/p>\n<p class=\"\">El senador del PP acept\u00f3 ah\u00ed que s\u00ed hubo un \u201c\u00e9xito preventivo\u201d ante los avisos de incursiones previstas el 15 de agosto, pero rechaz\u00f3 que eso se pueda catalogar como una \u201cdemostraci\u00f3n de eficacia\u201d por parte del Gobierno espa\u00f1ol y tambi\u00e9n neg\u00f3 que ahora se pueda o deba hablar de vuelta a la normalidad. Los populares quieren conocer \u201ccifras y datos\u201d de todo lo relacionado con esa entrada masiva, con cu\u00e1ntos inmigrantes llegaron, volvieron, se quedaron, son menores o solicitantes de asilo.<\/p>\n<p class=\"\">Las posiciones del PP fueron secundadas, con matices, por Junts y Vox. El senador de Junts, Eduard Puyol, se mostr\u00f3 especialmente duro con la ausencia de Albares ante la evidencia del problema surgido en Ceuta, que entiende no es un asunto local, sino europeo, y que por tanto trasciende e importa a los nacionalistas y separatistas catalanes. Puyol, de hecho, aprovech\u00f3 para destacar que su partido, \u201cal que no le gusta nada el Estado espa\u00f1ol\u201d, era el \u00fanico que representaba de verdad en la sesi\u00f3n a los catalanes y ah\u00ed arremeti\u00f3 contra el Gobierno de S\u00e1nchez por no saber gestionar o hacerlo con \u201cbuenismo\u201d el tema de la inmigraci\u00f3n y mostrar a todo el mundo que la frontera de Ceuta fue \u201cdesbordada\u201d y se qued\u00f3 \u201cvulnerable\u201d por su culpa.<\/p>\n<p class=\"\">Fue tal el empuje del nacionalista catal\u00e1n Puyol al defender la soberan\u00eda espa\u00f1ola de Ceuta que se sinti\u00f3 obligado a matizar que no era \u201cuna defensa patri\u00f3tica\u201d local, sino una inquietud por la inseguridad y el miedo que las im\u00e1genes de las entradas de miles de inmigrantes han podido ocasionar y por las consecuencias que ese descontrol pueda conllevar m\u00e1s tarde en territorios como Catalu\u00f1a.<\/p>\n<p class=\"\">El senador de Vox, Javier Alonso, denunci\u00f3 que no acudieran a la sesi\u00f3n los parlamentarios socialistas, de los que presumi\u00f3 que estaban m\u00e1s interesados en el eclipse solar, y reclam\u00f3 al Gobierno del \u201ctraidor S\u00e1nchez\u201d que le \u201cponga los puntos sobre las \u00edes\u201d a Marruecos, un pa\u00eds que situ\u00f3 en el mapa internacional como un \u201cnarcoestado\u201d al nivel de Venezuela. Vox volvi\u00f3 a insistir en que, ante la premeditada inacci\u00f3n que atribuyen en esta crisis al presidente S\u00e1nchez, deber\u00eda ser procesado por traici\u00f3n.<\/p>\n","protected":false},"excerpt":{"rendered":"El ministro de Exteriores, Jos\u00e9 Manuel Albares, tampoco acudi\u00f3 este lunes al Senado para explicar la situaci\u00f3n en&hellip;\n","protected":false},"author":2,"featured_media":716585,"comment_status":"","ping_status":"","sticky":false,"template":"","format":"standard","meta":{"footnotes":""},"categories":[5],"tags":[17,18,4486,126659,55411,15319,25,24,13,14,11,590,895,15398,11706,19,20,4485,65112,128333,14342,10026,9,10,15,16,6912,23,12,21,22],"class_list":["post-716584","post","type-post","status-publish","format-standard","has-post-thumbnail","category-titulares","tag-breaking-news","tag-breakingnews","tag-ceuta","tag-ceuta-6-de-junio","tag-comisiones-investigacion","tag-comisiones-parlamentarias","tag-es","tag-espana","tag-featured-news","tag-featurednews","tag-headlines","tag-inmigracion","tag-inmigracion-irregular","tag-inmigracion-irregular-espana","tag-jose-manuel-albares","tag-latest-news","tag-latestnews","tag-marruecos","tag-mesa-congreso","tag-mesa-senado","tag-ministerio-de-asuntos-exteriores","tag-ministerios","tag-news","tag-noticias","tag-noticias-destacadas","tag-noticiasdestacadas","tag-senado","tag-spain","tag-titulares","tag-ultimas-noticias","tag-ultimasnoticias"],"share_on_mastodon":{"url":"","error":"Validation failed: Text character limit of 500 exceeded"},"_links":{"self":[{"href":"https:\/\/www.europesays.com\/es\/wp-json\/wp\/v2\/posts\/716584","targetHints":{"allow":["GET"]}}],"collection":[{"href":"https:\/\/www.europesays.com\/es\/wp-json\/wp\/v2\/posts"}],"about":[{"href":"https:\/\/www.europesays.com\/es\/wp-json\/wp\/v2\/types\/post"}],"author":[{"embeddable":true,"href":"https:\/\/www.europesays.com\/es\/wp-json\/wp\/v2\/users\/2"}],"replies":[{"embeddable":true,"href":"https:\/\/www.europesays.com\/es\/wp-json\/wp\/v2\/comments?post=716584"}],"version-history":[{"count":0,"href":"https:\/\/www.europesays.com\/es\/wp-json\/wp\/v2\/posts\/716584\/revisions"}],"wp:featuredmedia":[{"embeddable":true,"href":"https:\/\/www.europesays.com\/es\/wp-json\/wp\/v2\/media\/716585"}],"wp:attachment":[{"href":"https:\/\/www.europesays.com\/es\/wp-json\/wp\/v2\/media?parent=716584"}],"wp:term":[{"taxonomy":"category","embeddable":true,"href":"https:\/\/www.europesays.com\/es\/wp-json\/wp\/v2\/categories?post=716584"},{"taxonomy":"post_tag","embeddable":true,"href":"https:\/\/www.europesays.com\/es\/wp-json\/wp\/v2\/tags?post=716584"}],"curies":[{"name":"wp","href":"https:\/\/api.w.org\/{rel}","templated":true}]}}