{"id":71662,"date":"2025-08-25T17:47:11","date_gmt":"2025-08-25T17:47:11","guid":{"rendered":"https:\/\/www.europesays.com\/es\/71662\/"},"modified":"2025-08-25T17:47:11","modified_gmt":"2025-08-25T17:47:11","slug":"el-regreso-de-ilia-topuria-a-la-ufc-podria-retrasarse-hasta-2026-arman-tsarukyan-lo-confirma","status":"publish","type":"post","link":"https:\/\/www.europesays.com\/es\/71662\/","title":{"rendered":"El regreso de Ilia Topuria a la UFC podr\u00eda retrasarse hasta 2026: Arman Tsarukyan lo confirma"},"content":{"rendered":"<p><b>Todo el mundo est\u00e1 atento de lo que seguir\u00e1 para Ilia Topuria<\/b>. Tras su \u00faltima victoria en junio, muchas son las dudas que surgen sobre <b>cu\u00e1ndo regresar\u00eda a la jaula de la UFC<\/b>. Tras el combate ante Charles Oliveira, el propio Topuria confirm\u00f3 que su intenci\u00f3n es la de <b>estar mucho m\u00e1s activo en esta divisi\u00f3n<\/b>.<\/p>\n<p>Una idea que se explica debido a sus facilidades para cumplir con el peso en las 155 libras. Durante estos meses, se especulaba con que &#8216;El Matador&#8217; <b>podr\u00eda regresar a finales de a\u00f1o<\/b>, concretamente en los \u00faltimos eventos numerados de 2025.<\/p>\n<p>Sin embargo, parece que los fan\u00e1ticos tendr\u00e1n que esperar un poco m\u00e1s. Y es que <a title=\"Arman Tsarukyan\" href=\"https:\/\/www.larazon.es\/deportes\/proximo-rival-ilia-topuria-cerca-concretarse-arman-tsarukyan-posiciona-como-favorito_20250806689355cc5f8fa325be223587.html\" target=\"_blank\" rel=\"nofollow noopener\">Arman Tsarukyan<\/a>, peleador n\u00famero 2 del ranking del peso ligero que desea enfrentar al hispano-georgiano, <b>ha asegurado que Ilia querr\u00eda regresar entrado 2026.<\/b><\/p>\n<p>Tsarukyan anuncia que Topuria volver\u00e1 en enero o febrero<\/p>\n<p>El combate entre Arman Tsarukyan e Ilia Topuria parece estar gest\u00e1ndose a fuego lento. El armenio sigue insistiendo en que su objetivo es Ilia Topuria y que merece la oportunidad por el cintur\u00f3n. Durante varios meses <b>se han podido observar todo tipo de mensajes en sus redes tratando de retar al hispano-georgiano<\/b>, pero no ha obtenido respuesta.<\/p>\n<p>Ilia sigue de vacaciones y tiene pendiente reunirse con la UFC para definir su futuro. Sin embargo, el armenio ha dado una pista sobre cu\u00e1ndo podr\u00eda volver Ilia Topuria al oct\u00e1gono de la UFC. En una entrevista para Adam Zuba, Arman asegura que Ilia pretende volver para 2026, y confirma que esta dispuesto a realizar un combate antes de ir por el t\u00edtulo.<\/p>\n<p>\u00ab<b>Topuria quiere volver en enero o febrero, pero yo hace tiempo que no peleo<\/b>. Tengo la palabra de los jefes de que har\u00e9 una pelea. Abu Dhabi, Qatar&#8230; puede ser Gaethje, Hooker o Paddy\u00bb, declaraba.<\/p>\n<p>Un combate contra Paddy Pimblett antes de enfrentar a Topuria<\/p>\n<p><b>El \u00faltimo combate de Arman Tsarukyan fue contra Charles Oliveira en abril de 2024<\/b>. Ha pasado m\u00e1s de un a\u00f1o y el armenio pretende volver a subirse a la jaula despu\u00e9s de su lesi\u00f3n cuando iba a enfrentar a <b>Islam Makhachev<\/b> por el t\u00edtulo del peso ligero.<\/p>\n<p>Sus ojos est\u00e1n puestos en el cintur\u00f3n, pero debido a que Ilia Topuria no regresar\u00eda hasta 2026, <b>la idea es la de realizar un combate antes de ese enfrentamiento que parece que cada d\u00eda est\u00e1 m\u00e1s cerca<\/b>. Todo hace indicar que Topuria y Tsarukyan se ver\u00e1n las caras pr\u00f3ximamente, pero el armenio deber\u00e1 superar una prueba m\u00e1s.<\/p>\n<p>Y sobre la mesa parece haber tres nombres, como \u00e9l mismo ha confirmado: <b>Justin Gaethje, Dan Hooker y Paddy Pimblett<\/b>. No obstante, el armenio ya ha elegido su preferido, <b>y no es otro que el ingl\u00e9s.<\/b><\/p>\n<p>Durante su entrevista con Adam Zuba, Tsarukyan afirm\u00f3 que entre esos tres nombres elegir\u00eda al de Liverpool. Adem\u00e1s, <b>asegur\u00f3 que su intenci\u00f3n es la de pelear en octubre noviembre<\/b>, por lo que tendr\u00eda tiempo de sobra para recuperarse y prepararse para enfrentarse a Topuria en enero o febrero.<\/p>\n<p>Paddy Pimblett, el tercero en discordia<\/p>\n<p>A pesar de que Tsarukyan se ha posicionado como el favorito para ser el contendiente al t\u00edtulo, <a title=\"Paddy Pimblett sigue tocando la puerta\" href=\"https:\/\/www.larazon.es\/deportes\/paddy-pimblett-sigue-tentando-ilia-topuria-chorizo-voy_202508096896f43f6d08be7a8a4aff1a.html\" target=\"_blank\" rel=\"nofollow noopener\"><b>Paddy Pimblett sigue tocando la puerta<\/b><\/a>. Y es que &#8216;The Baddy&#8217; dej\u00f3 recientemente un mensaje en sus redes mostrando como sigue interesando en el pleito, y le dedic\u00f3 unas palabras al campe\u00f3n. \u00ab<b>Simplemente esperando (la llamada). &#8216;El chorizo&#8217;, voy a por ti<\/b>\u00ab, declaraba a trav\u00e9s de una foto en Instagram.<\/p>\n<p>Silencio desde el entorno de Topuria<\/p>\n<p>A pesar de salir todos estos rumores, lo cierto es que no hay nada confirmado, y <b>el entorno de Ilia Topuria se mantiene en silencio<\/b>. No existe ning\u00fan tipo de informaci\u00f3n acerca de lo que vendr\u00e1 para el hispano-georgiano, puesto que Ilia sigue desconectando y disfrutando de unas merecidas vacaciones.<\/p>\n<p>Tan solo queda esperar a que finalice el mes de agosto y, con la entrada de septiembre,<b> es posible que se conozca m\u00e1s informaci\u00f3n sobre el futuro del campe\u00f3n.<\/b><\/p>\n","protected":false},"excerpt":{"rendered":"Todo el mundo est\u00e1 atento de lo que seguir\u00e1 para Ilia Topuria. Tras su \u00faltima victoria en junio,&hellip;\n","protected":false},"author":2,"featured_media":71663,"comment_status":"","ping_status":"","sticky":false,"template":"","format":"standard","meta":{"footnotes":""},"categories":[276],"tags":[168,25,24,23,167,343],"class_list":{"0":"post-71662","1":"post","2":"type-post","3":"status-publish","4":"format-standard","5":"has-post-thumbnail","7":"category-ufc","8":"tag-deportes","9":"tag-es","10":"tag-espana","11":"tag-spain","12":"tag-sports","13":"tag-ufc"},"share_on_mastodon":{"url":"","error":""},"_links":{"self":[{"href":"https:\/\/www.europesays.com\/es\/wp-json\/wp\/v2\/posts\/71662","targetHints":{"allow":["GET"]}}],"collection":[{"href":"https:\/\/www.europesays.com\/es\/wp-json\/wp\/v2\/posts"}],"about":[{"href":"https:\/\/www.europesays.com\/es\/wp-json\/wp\/v2\/types\/post"}],"author":[{"embeddable":true,"href":"https:\/\/www.europesays.com\/es\/wp-json\/wp\/v2\/users\/2"}],"replies":[{"embeddable":true,"href":"https:\/\/www.europesays.com\/es\/wp-json\/wp\/v2\/comments?post=71662"}],"version-history":[{"count":0,"href":"https:\/\/www.europesays.com\/es\/wp-json\/wp\/v2\/posts\/71662\/revisions"}],"wp:featuredmedia":[{"embeddable":true,"href":"https:\/\/www.europesays.com\/es\/wp-json\/wp\/v2\/media\/71663"}],"wp:attachment":[{"href":"https:\/\/www.europesays.com\/es\/wp-json\/wp\/v2\/media?parent=71662"}],"wp:term":[{"taxonomy":"category","embeddable":true,"href":"https:\/\/www.europesays.com\/es\/wp-json\/wp\/v2\/categories?post=71662"},{"taxonomy":"post_tag","embeddable":true,"href":"https:\/\/www.europesays.com\/es\/wp-json\/wp\/v2\/tags?post=71662"}],"curies":[{"name":"wp","href":"https:\/\/api.w.org\/{rel}","templated":true}]}}