{"id":716800,"date":"2026-08-17T20:21:36","date_gmt":"2026-08-17T20:21:36","guid":{"rendered":"https:\/\/www.europesays.com\/es\/716800\/"},"modified":"2026-08-17T20:21:36","modified_gmt":"2026-08-17T20:21:36","slug":"playstation-6-malas-noticias-el-ceo-de-sony-ha-confirmado-lo-peor-neo","status":"publish","type":"post","link":"https:\/\/www.europesays.com\/es\/716800\/","title":{"rendered":"PlayStation 6: Malas noticias, el CEO de Sony ha confirmado lo peor \u2014 NEO"},"content":{"rendered":"<p><a href=\"https:\/\/noticiasneo.com\/\" style=\"color:var(--text3);text-decoration:none\" rel=\"nofollow noopener\" target=\"_blank\">Inicio<\/a>\u203a<a href=\"https:\/\/noticiasneo.com\/seccion\/tecnologia\" style=\"color:var(--text3);text-decoration:none\" rel=\"nofollow noopener\" target=\"_blank\">Tecnologia<\/a>\u203a<a href=\"https:\/\/noticiasneo.com\/seccion\/tecnologia\" style=\"color:var(--text3);text-decoration:none\" rel=\"nofollow noopener\" target=\"_blank\">Tecnologia<\/a>\u203aPlayStation 6: Malas noticias, el CEO de&#8230;Tecnologia<\/p>\n<p style=\"font-size:20px;color:var(--text2);line-height:1.5;margin-bottom:16px\">La demanda de IA retrasa disponibilidad de memorias y componentes cr\u00edticos para nueva generaci\u00f3n de hardware<\/p>\n<p style=\"font-size:16px;color:var(--text);line-height:1.6;margin-bottom:20px;padding-left:12px;border-left:3px solid var(--accent)\">PlayStation 6: Incertidumbre sobre su lanzamiento La llegada del PlayStation 6 se encuentra en un mar de incertidumbre. A medida que la actual generaci\u00f3n de consolas se aproxima a su sexto aniversario, Sony no ha establecido una fecha definitiva para la presentaci\u00f3n de su pr\u00f3xima plataforma de videojuegos, lo que\u2026<\/p>\n<p>Redaccion NEO\u00b717\/8\/2026<\/p>\n<p>PlayStation 6: Incertidumbre sobre su lanzamiento<\/p>\n<p>La llegada del PlayStation 6 se encuentra en un mar de incertidumbre. A medida que la actual generaci\u00f3n de consolas se aproxima a su sexto aniversario, Sony no ha establecido una fecha definitiva para la presentaci\u00f3n de su pr\u00f3xima plataforma de videojuegos, lo que sugiere que los jugadores podr\u00edan tener que esperar m\u00e1s de lo esperado. Esta situaci\u00f3n se ve influenciada por el contexto del mercado de componentes tecnol\u00f3gicos, donde la creciente demanda de infraestructura para inteligencia artificial ha impactado tanto en el suministro como en los precios de elementos esenciales para la fabricaci\u00f3n de dispositivos electr\u00f3nicos, como memorias y almacenamiento.<\/p>\n<p>El CEO de Sony, Hiroki Totoki, ha abordado los planes de la compa\u00f1\u00eda en diversas ocasiones, confirmando que a\u00fan no se ha fijado una fecha para el lanzamiento del PS6. Esto implica que cualquier expectativa de lanzamiento que circule debe considerarse como una mera estimaci\u00f3n y no como un anuncio oficial.<\/p>\n<p>La relevancia de esta situaci\u00f3n radica en que PlayStation suele mantener ciclos de varios a\u00f1os entre generaciones. El PS5, lanzado en noviembre de 2020, ha generado altas expectativas sobre su sucesor, especialmente a medida que se acerca el sexto aniversario de la consola.<\/p>\n<p>Otro factor que podr\u00eda influir en el calendario de Sony es el comportamiento del mercado de componentes. La expansi\u00f3n de los centros de datos y las aplicaciones de inteligencia artificial ha incrementado la demanda de memorias como DRAM y NAND Flash, que tambi\u00e9n son utilizadas en dispositivos electr\u00f3nicos y sistemas de almacenamiento. Este escenario podr\u00eda elevar los costos de producci\u00f3n de una nueva consola justo en el momento en que Sony debe definir las caracter\u00edsticas y el precio con el que desea competir en la pr\u00f3xima generaci\u00f3n. Lanzar el PS6 con componentes demasiado costosos podr\u00eda resultar en un precio elevado para los consumidores o en una menor rentabilidad del hardware.<\/p>\n<p>Aunque no se ha confirmado que el PlayStation 6 se retrase hasta 2028, la falta de una fecha oficial mantiene abierta la posibilidad de que el lanzamiento ocurra m\u00e1s tarde de lo que algunos pron\u00f3sticos hab\u00edan anticipado. Esperar a que los costos de memoria, almacenamiento y otros componentes se estabilicen podr\u00eda ser una alternativa viable para Sony antes de poner en circulaci\u00f3n su siguiente consola. Esta decisi\u00f3n tambi\u00e9n depender\u00e1 de la estrategia comercial de PlayStation y del rendimiento que el PS5 contin\u00fae teniendo en los pr\u00f3ximos a\u00f1os.<\/p>\n<p>El costo de fabricaci\u00f3n ser\u00e1 un elemento clave para definir el precio final del PlayStation 6. Sony enfrenta un mercado donde los componentes tecnol\u00f3gicos han experimentado presiones de precio, mientras que los consumidores son cada vez m\u00e1s sensibles al costo de las consolas y sus videojuegos. La compa\u00f1\u00eda deber\u00e1 encontrar un equilibrio entre ofrecer una plataforma con mayor capacidad tecnol\u00f3gica y mantener un precio competitivo.<\/p>\n<p>Por el momento, no hay pre<\/p>\n","protected":false},"excerpt":{"rendered":"Inicio\u203aTecnologia\u203aTecnologia\u203aPlayStation 6: Malas noticias, el CEO de&#8230;Tecnologia La demanda de IA retrasa disponibilidad de memorias y componentes cr\u00edticos&hellip;\n","protected":false},"author":2,"featured_media":716801,"comment_status":"","ping_status":"","sticky":false,"template":"","format":"standard","meta":{"footnotes":""},"categories":[81],"tags":[125562,119,123,124,1564,2308,25,24,2736,1906,2733,117,121,122,23,118,120],"class_list":["post-716800","post","type-post","status-publish","format-standard","has-post-thumbnail","category-ciencia-y-tecnologia","tag-c-level","tag-ciencia","tag-ciencia-y-tecnologia","tag-cienciaytecnologia","tag-directivos","tag-empresas","tag-es","tag-espana","tag-marketing","tag-mexico","tag-negocios","tag-science","tag-science-and-technology","tag-scienceandtechnology","tag-spain","tag-technology","tag-tecnologia"],"share_on_mastodon":{"url":"https:\/\/pubeurope.com\/@es\/117112713285808809","error":""},"_links":{"self":[{"href":"https:\/\/www.europesays.com\/es\/wp-json\/wp\/v2\/posts\/716800","targetHints":{"allow":["GET"]}}],"collection":[{"href":"https:\/\/www.europesays.com\/es\/wp-json\/wp\/v2\/posts"}],"about":[{"href":"https:\/\/www.europesays.com\/es\/wp-json\/wp\/v2\/types\/post"}],"author":[{"embeddable":true,"href":"https:\/\/www.europesays.com\/es\/wp-json\/wp\/v2\/users\/2"}],"replies":[{"embeddable":true,"href":"https:\/\/www.europesays.com\/es\/wp-json\/wp\/v2\/comments?post=716800"}],"version-history":[{"count":0,"href":"https:\/\/www.europesays.com\/es\/wp-json\/wp\/v2\/posts\/716800\/revisions"}],"wp:featuredmedia":[{"embeddable":true,"href":"https:\/\/www.europesays.com\/es\/wp-json\/wp\/v2\/media\/716801"}],"wp:attachment":[{"href":"https:\/\/www.europesays.com\/es\/wp-json\/wp\/v2\/media?parent=716800"}],"wp:term":[{"taxonomy":"category","embeddable":true,"href":"https:\/\/www.europesays.com\/es\/wp-json\/wp\/v2\/categories?post=716800"},{"taxonomy":"post_tag","embeddable":true,"href":"https:\/\/www.europesays.com\/es\/wp-json\/wp\/v2\/tags?post=716800"}],"curies":[{"name":"wp","href":"https:\/\/api.w.org\/{rel}","templated":true}]}}