{"id":716932,"date":"2026-08-17T21:58:12","date_gmt":"2026-08-17T21:58:12","guid":{"rendered":"https:\/\/www.europesays.com\/es\/716932\/"},"modified":"2026-08-17T21:58:12","modified_gmt":"2026-08-17T21:58:12","slug":"tres-nuevas-ministras-piden-comparecer-en-el-congreso-por-ceuta-y-se-suman-a-los-cuatro-ya-previstos-espana","status":"publish","type":"post","link":"https:\/\/www.europesays.com\/es\/716932\/","title":{"rendered":"Tres nuevas ministras piden comparecer en el Congreso por Ceuta y se suman a los cuatro ya previstos | Espa\u00f1a"},"content":{"rendered":"<p class=\"\">Tres ministras del Gobierno central han pedido o est\u00e1n estudiando las fechas para comparecer en el Congreso y explicar sus actuaciones ante la crisis desatada en Ceuta a finales de julio y en estas primeras semanas de agosto. La ministra de Sanidad, M\u00f3nica Garc\u00eda, de M\u00e1s Madrid, ha registrado esta ma\u00f1ana en el Congreso una petici\u00f3n para comparecer en la comisi\u00f3n de Sanidad poco despu\u00e9s de que el PP anunciara una bater\u00eda de peticiones de aclaraciones e informaci\u00f3n sobre su Ministerio y que la ministra acudiera a la C\u00e1mara baja. Esa comparecencia ser\u00e1 el d\u00eda 27. La ministra de Inclusi\u00f3n, Seguridad Social y Migraciones y portavoz del Ejecutivo, la socialista Elma S\u00e1iz, ha requerido su presencia en su comisi\u00f3n el d\u00eda 28. La titular de Juventud e Infancia, Sira Rego, de Izquierda Unida, tambi\u00e9n quiere comparecer en esos d\u00edas, pero a\u00fan est\u00e1 cerrando fecha.<\/p>\n<p class=\"\"><a href=\"https:\/\/elpais.com\/espana\/2026-08-07\/el-gobierno-pide-la-comparecencia-de-marlaska-albares-robles-y-bolanos-en-el-congreso-por-la-crisis-en-ceuta.html\" target=\"_self\" rel=\"nofollow noopener\" title=\"https:\/\/elpais.com\/espana\/2026-08-07\/el-gobierno-pide-la-comparecencia-de-marlaska-albares-robles-y-bolanos-en-el-congreso-por-la-crisis-en-ceuta.html\">Estas presencias se unir\u00e1n a las que se producir\u00e1n a partir del martes 25<\/a> de otros ministros sobre el mismo tema y que ya est\u00e1n cerradas tambi\u00e9n a petici\u00f3n propia, como las de los ministros del Interior, Fernando Grande-Marlaska; Exteriores, Jos\u00e9 Manuel Albares; Defensa, Margarita Robles; y Presidencia y Justicia, F\u00e9lix Bola\u00f1os, ante sus respectivas comisiones. En el Gobierno desligan esa cadena de explicaciones de la estrategia seguida por el PP en el Senado y explican que, ante la gravedad de la situaci\u00f3n, se requer\u00eda acudir a las Cortes, pero con tiempo para preparar bien esas exposiciones.<\/p>\n<p class=\"\">La tensi\u00f3n en los \u00faltimos d\u00edas ha ido escalando entre cargos del PP y del Gobierno. El m\u00e1s evidente ha sido el del presidente de Ceuta, Juan Jes\u00fas Vivas, elevando poco a poco el tono de los ataques, hasta cambiar dr\u00e1sticamente su discurso este lunes. En una comparecencia extraordinaria, ha censurado la \u201cpasividad casi absoluta\u201d del Ejecutivo de Pedro S\u00e1nchez. Y ha acusado veladamente a S\u00e1nchez de querer ceder la soberan\u00eda a Marruecos y ha amenazado con recurrir al \u201cpoder judicial\u201d si la situaci\u00f3n no cambia.<\/p>\n","protected":false},"excerpt":{"rendered":"Tres ministras del Gobierno central han pedido o est\u00e1n estudiando las fechas para comparecer en el Congreso y&hellip;\n","protected":false},"author":2,"featured_media":716933,"comment_status":"","ping_status":"","sticky":false,"template":"","format":"standard","meta":{"footnotes":""},"categories":[8],"tags":[17,18,4456,894,10027,25,24,13,14,2165,14341,11,39991,11706,19,20,7835,11388,18571,9,10,15,16,1699,6912,28772,23,12,21,22],"class_list":["post-716932","post","type-post","status-publish","format-standard","has-post-thumbnail","category-espana","tag-breaking-news","tag-breakingnews","tag-congreso-diputados","tag-crisis-migratoria","tag-elma-saiz","tag-es","tag-espana","tag-featured-news","tag-featurednews","tag-felix-bolanos-garcia","tag-fernando-grande-marlaska","tag-headlines","tag-izquierda-unida","tag-jose-manuel-albares","tag-latest-news","tag-latestnews","tag-margarita-robles","tag-mas-madrid","tag-monica-garcia-gomez","tag-news","tag-noticias","tag-noticias-destacadas","tag-noticiasdestacadas","tag-psoe","tag-senado","tag-sira-rego","tag-spain","tag-titulares","tag-ultimas-noticias","tag-ultimasnoticias"],"share_on_mastodon":{"url":"","error":"Validation failed: Text character limit of 500 exceeded"},"_links":{"self":[{"href":"https:\/\/www.europesays.com\/es\/wp-json\/wp\/v2\/posts\/716932","targetHints":{"allow":["GET"]}}],"collection":[{"href":"https:\/\/www.europesays.com\/es\/wp-json\/wp\/v2\/posts"}],"about":[{"href":"https:\/\/www.europesays.com\/es\/wp-json\/wp\/v2\/types\/post"}],"author":[{"embeddable":true,"href":"https:\/\/www.europesays.com\/es\/wp-json\/wp\/v2\/users\/2"}],"replies":[{"embeddable":true,"href":"https:\/\/www.europesays.com\/es\/wp-json\/wp\/v2\/comments?post=716932"}],"version-history":[{"count":0,"href":"https:\/\/www.europesays.com\/es\/wp-json\/wp\/v2\/posts\/716932\/revisions"}],"wp:featuredmedia":[{"embeddable":true,"href":"https:\/\/www.europesays.com\/es\/wp-json\/wp\/v2\/media\/716933"}],"wp:attachment":[{"href":"https:\/\/www.europesays.com\/es\/wp-json\/wp\/v2\/media?parent=716932"}],"wp:term":[{"taxonomy":"category","embeddable":true,"href":"https:\/\/www.europesays.com\/es\/wp-json\/wp\/v2\/categories?post=716932"},{"taxonomy":"post_tag","embeddable":true,"href":"https:\/\/www.europesays.com\/es\/wp-json\/wp\/v2\/tags?post=716932"}],"curies":[{"name":"wp","href":"https:\/\/api.w.org\/{rel}","templated":true}]}}