{"id":717130,"date":"2026-08-18T00:40:24","date_gmt":"2026-08-18T00:40:24","guid":{"rendered":"https:\/\/www.europesays.com\/es\/717130\/"},"modified":"2026-08-18T00:40:24","modified_gmt":"2026-08-18T00:40:24","slug":"trump-ordena-reducir-ejercicios-militares-con-corea-del-sur-e-insinua-contactos-con-el-norte","status":"publish","type":"post","link":"https:\/\/www.europesays.com\/es\/717130\/","title":{"rendered":"Trump ordena reducir ejercicios militares con Corea del Sur e insin\u00faa contactos con el Norte"},"content":{"rendered":"<p>    <img src=\"https:\/\/www.europesays.com\/es\/wp-content\/uploads\/2026\/08\/2026-08-17T013A133A29Z-91907232.jpg\" width=\"1024\" height=\"682\" alt=\"\" loading=\"eager\" decoding=\"sync\" fetchpriority=\"high\"\/><\/p>\n<p>            afp_tickers        <\/p>\n<p>        Este contenido fue publicado en    <\/p>\n<p>        17 agosto 2026 &#8211; 23:34\n<\/p>\n<p>El presidente de Estados Unidos, Donald Trump, quien decidi\u00f3 reducir \u00absustancialmente\u00bb la participaci\u00f3n de Estados Unidos en ejercicios militares conjuntos con Corea del Sur, insinu\u00f3 este lunes que ha mantenido contactos con el l\u00edder de Corea del Norte, Kim Jong Un.<\/p>\n<p>El mandatario, que reprocha a Se\u00fal no haberlo ayudado en su guerra contra Ir\u00e1n, se jact\u00f3 el lunes de hacer la regi\u00f3n \u00abm\u00e1s segura\u00bb gracias a esta decisi\u00f3n que anunci\u00f3 el domingo, un d\u00eda antes de que comenzaran las maniobras.<\/p>\n<p>En el contexto de tensi\u00f3n entre Pyongyang y Se\u00fal, Trump volvi\u00f3 a enfatizar la importancia de sus v\u00ednculos con el l\u00edder de Corea del Norte, una potencia nuclear.<\/p>\n<p>Trump se reuni\u00f3 en tres ocasiones durante su primer mandato en la Casa Blanca con el dirigente norcoreano, pero a\u00fan no se han visto desde que asumi\u00f3 su segunda presidencia el a\u00f1o pasado.<\/p>\n<p>A juicio del presidente estadounidense, los ejercicios militares conjuntos con su aliado surcoreano env\u00edan una se\u00f1al \u00abinapropiada y hostil\u00bb a Corea del Norte.<\/p>\n<p>Este lunes reprendi\u00f3 nuevamente a Se\u00fal, un aliado clave, por no ayudarle a combatir a Ir\u00e1n en una guerra que seg\u00fan el mandatario tiene como objetivo impedir que Teher\u00e1n obtenga la bomba at\u00f3mica.<\/p>\n<p>Cuando le preguntaron por qu\u00e9 Kim no hab\u00eda respondido a sus solicitudes de conversar desde su regreso a la Casa Blanca, Trump dijo a los periodistas en el Despacho Oval: \u00ab\u00bfC\u00f3mo saben que no ha respondido?\u00bb.<\/p>\n<p>Al insistirle sobre si Kim hab\u00eda respondido realmente, Trump dijo: \u00abS\u00ed, lo ha hecho\u00bb.<\/p>\n<p>Al preguntarle en qu\u00e9 estadio se encontraban las conversaciones con Kim, Trump afirm\u00f3 que \u00abson muy positivas\u00bb, pero no dio m\u00e1s detalles.<\/p>\n<p>Luego, Trump volvi\u00f3 a insistir en sus elogios a Kim y asegur\u00f3 entonces que sus v\u00ednculos reducen tensiones.<\/p>\n<p>\u2013 \u00abExtra\u00f1o\u00bb \u2013<\/p>\n<p>Trump critic\u00f3 a Corea del Sur en su red Truth Social el domingo por la noche, anunciando abruptamente que hab\u00eda ordenado al Pent\u00e1gono reducir los ejercicios militares.\u00a0<\/p>\n<p>Este lunes volvi\u00f3 a la carga.<\/p>\n<p>\u00abUn momento. Tenemos 39.000 soldados all\u00ed, protegi\u00e9ndolos de Kim Jong Un, su vecino de al lado, y ustedes no van a ayudarnos en una operaci\u00f3n militar muy sencilla en Ir\u00e1n. Eso es extra\u00f1o\u00bb, dijo Trump en el Despacho Oval en relaci\u00f3n al contingente militar estadounidense en Corea del Sur.<\/p>\n<p>El mandatario volvi\u00f3 a poner en duda el apoyo estadounidense tanto a Corea del Sur como a sus aliados de la OTAN, que se han negado a contribuir a la guerra en Ir\u00e1n.\u00a0<\/p>\n<p>\u00abNo podemos ir por ah\u00ed protegiendo a todos estos pa\u00edses, especialmente cuando ellos no est\u00e1n all\u00ed para ayudarnos\u00bb, afirm\u00f3.<\/p>\n<p>Funcionarios surcoreanos dijeron que los ejercicios hab\u00edan comenzado seg\u00fan lo previsto y que confiaban en que la qu\u00edmica personal entre Trump y Kim los devolviera a la mesa de negociaciones.\u00a0<\/p>\n<p>Corea del Norte no ha respondido p\u00fablicamente, aunque ya ha expresado antes su molestia por las maniobras conjuntas regulares que tienen lugar en el Sur.<\/p>\n<p>Los ejercicios en curso se denominan Ulchi Escudo de Libertad.<\/p>\n<p>Las maniobras tienen una duraci\u00f3n prevista de 11 d\u00edas, y apuntan a preparar de manera conjunta la defensa contra Corea del Norte.<\/p>\n<p>El coronel Ryan Donald, portavoz del Comando de las Fuerzas Combinadas Estadounidenses y Surcoreanas, coment\u00f3 que las maniobras simular\u00e1n combates contra soldados norcoreanos, fortalecidos por su participaci\u00f3n en la guerra de Rusia contra Ucrania.<\/p>\n<p>\u2013 Cr\u00edticas \u2013<\/p>\n<p>Varios legisladores dem\u00f3cratas y un senador republicano criticaron la decisi\u00f3n de Trump de reducir el alcance de los ejercicios.<\/p>\n<p>Jack Reed, principal miembro dem\u00f3crata del comit\u00e9 de asuntos militares del Senado, calific\u00f3 la medida del presidente republicano de \u00abinsensata e improvisada\u00bb.<\/p>\n<p>\u00abChina y Rusia est\u00e1n observando lo f\u00e1cilmente que este presidente abandona a los aliados de Estados Unidos, y lo recordar\u00e1n la pr\u00f3xima vez que nos pongan a prueba\u00bb, denunci\u00f3 en un comunicado.<\/p>\n<p>La reducci\u00f3n de las maniobras \u00abda\u00f1ar\u00e1 la coordinaci\u00f3n de la alianza (entre Estados Unidos y Corea del Sur, ndlr), atrasar\u00e1 el proceso para que Corea del Sur asuma m\u00e1s responsabilidad en su propia defensa, y debilitar\u00e1 la disuasi\u00f3n de posibles conflictos en Asia\u00bb, coment\u00f3 a la AFP Leif-Eric Easley, profesor de estudios internacionales de la Universidad de Mujeres Ewha, en Se\u00fal.<\/p>\n<p>Corea del Norte considera los ejercicios como un ensayo de invasi\u00f3n y el mi\u00e9rcoles lanz\u00f3 un misil bal\u00edstico sobre el mar de Jap\u00f3n en se\u00f1al de protesta.\u00a0<\/p>\n<p>Los dos pa\u00edses asi\u00e1ticos terminaron con un armisticio la guerra de 1950-53, y no con un tratado de paz.<\/p>\n<p>rle\/sia\/vel\/mas\/cjc\/hgs\/an\/dbh\/ahg\/mr\/cr<\/p>\n","protected":false},"excerpt":{"rendered":"afp_tickers Este contenido fue publicado en 17 agosto 2026 &#8211; 23:34 El presidente de Estados Unidos, Donald Trump,&hellip;\n","protected":false},"author":2,"featured_media":717131,"comment_status":"","ping_status":"","sticky":false,"template":"","format":"standard","meta":{"footnotes":""},"categories":[42],"tags":[17,18,11643,83,13,14,4437,11,61,62,63,86,64,19,20,9,10,15,16,88,90,12,21,22,65,66,67],"class_list":["post-717130","post","type-post","status-publish","format-standard","has-post-thumbnail","category-internacional","tag-breaking-news","tag-breakingnews","tag-defence","tag-diplomacy","tag-featured-news","tag-featurednews","tag-government","tag-headlines","tag-internacional","tag-international","tag-international-news","tag-international-relations","tag-internationalnews","tag-latest-news","tag-latestnews","tag-news","tag-noticias","tag-noticias-destacadas","tag-noticiasdestacadas","tag-politics","tag-ticker","tag-titulares","tag-ultimas-noticias","tag-ultimasnoticias","tag-world","tag-world-news","tag-worldnews"],"share_on_mastodon":{"url":"https:\/\/pubeurope.com\/@es\/117113732512114789","error":""},"_links":{"self":[{"href":"https:\/\/www.europesays.com\/es\/wp-json\/wp\/v2\/posts\/717130","targetHints":{"allow":["GET"]}}],"collection":[{"href":"https:\/\/www.europesays.com\/es\/wp-json\/wp\/v2\/posts"}],"about":[{"href":"https:\/\/www.europesays.com\/es\/wp-json\/wp\/v2\/types\/post"}],"author":[{"embeddable":true,"href":"https:\/\/www.europesays.com\/es\/wp-json\/wp\/v2\/users\/2"}],"replies":[{"embeddable":true,"href":"https:\/\/www.europesays.com\/es\/wp-json\/wp\/v2\/comments?post=717130"}],"version-history":[{"count":0,"href":"https:\/\/www.europesays.com\/es\/wp-json\/wp\/v2\/posts\/717130\/revisions"}],"wp:featuredmedia":[{"embeddable":true,"href":"https:\/\/www.europesays.com\/es\/wp-json\/wp\/v2\/media\/717131"}],"wp:attachment":[{"href":"https:\/\/www.europesays.com\/es\/wp-json\/wp\/v2\/media?parent=717130"}],"wp:term":[{"taxonomy":"category","embeddable":true,"href":"https:\/\/www.europesays.com\/es\/wp-json\/wp\/v2\/categories?post=717130"},{"taxonomy":"post_tag","embeddable":true,"href":"https:\/\/www.europesays.com\/es\/wp-json\/wp\/v2\/tags?post=717130"}],"curies":[{"name":"wp","href":"https:\/\/api.w.org\/{rel}","templated":true}]}}