{"id":717206,"date":"2026-08-18T01:50:10","date_gmt":"2026-08-18T01:50:10","guid":{"rendered":"https:\/\/www.europesays.com\/es\/717206\/"},"modified":"2026-08-18T01:50:10","modified_gmt":"2026-08-18T01:50:10","slug":"multan-a-un-pensionista-ruso-por-disparar-con-una-escopeta-contra-unos-drones-cerca-de-su-casa","status":"publish","type":"post","link":"https:\/\/www.europesays.com\/es\/717206\/","title":{"rendered":"Multan a un pensionista ruso por disparar con una escopeta contra unos drones cerca de su casa"},"content":{"rendered":"<p class=\"c-paragraph\">Un tribunal ruso ha multado con 40.000 rublos (unos 470 d\u00f3lares) a un pensionista por <b>disparar con una escopeta contra varios drones<\/b> que sobrevolaban las inmediaciones de su vivienda, seg\u00fan han informado medios rusos.<\/p>\n<p class=\"c-paragraph\">La decisi\u00f3n fue adoptada por un tribunal de la aldea de <b>Ylan, en la regi\u00f3n de Volgogrado<\/b>, despu\u00e9s de que el hombre abriese fuego contra los aparatos no tripulados cuando se encontraban cerca de su casa.<\/p>\n<p class=\"c-paragraph\">Tras el incidente, el pensionista llam\u00f3 a los servicios de emergencia para informar de lo ocurrido y <b>se\u00f1alar el lugar donde supuestamente hab\u00edan ca\u00eddo los drones<\/b>. Adem\u00e1s, entreg\u00f3 a los agentes el arma utilizada.<\/p>\n<p class=\"c-paragraph\">El tribunal consider\u00f3 que hab\u00eda cometido una \u00abviolaci\u00f3n grave\u00bb que \u00abpudo haber puesto en peligro la vida y la salud de los ciudadanos\u00bb, por lo que, adem\u00e1s de la multa, orden\u00f3 confiscar la escopeta.<\/p>\n","protected":false},"excerpt":{"rendered":"Un tribunal ruso ha multado con 40.000 rublos (unos 470 d\u00f3lares) a un pensionista por disparar con una&hellip;\n","protected":false},"author":2,"featured_media":717207,"comment_status":"","ping_status":"","sticky":false,"template":"","format":"standard","meta":{"footnotes":""},"categories":[42],"tags":[17,18,13,14,11,61,62,63,64,19,20,36988,9,10,15,16,81366,5043,18435,12,21,22,16743,65,66,67],"class_list":["post-717206","post","type-post","status-publish","format-standard","has-post-thumbnail","category-internacional","tag-breaking-news","tag-breakingnews","tag-featured-news","tag-featurednews","tag-headlines","tag-internacional","tag-international","tag-international-news","tag-internationalnews","tag-latest-news","tag-latestnews","tag-multan","tag-news","tag-noticias","tag-noticias-destacadas","tag-noticiasdestacadas","tag-pensionista","tag-por","tag-ruso","tag-titulares","tag-ultimas-noticias","tag-ultimasnoticias","tag-un","tag-world","tag-world-news","tag-worldnews"],"share_on_mastodon":{"url":"https:\/\/pubeurope.com\/@es\/117114006907571492","error":""},"_links":{"self":[{"href":"https:\/\/www.europesays.com\/es\/wp-json\/wp\/v2\/posts\/717206","targetHints":{"allow":["GET"]}}],"collection":[{"href":"https:\/\/www.europesays.com\/es\/wp-json\/wp\/v2\/posts"}],"about":[{"href":"https:\/\/www.europesays.com\/es\/wp-json\/wp\/v2\/types\/post"}],"author":[{"embeddable":true,"href":"https:\/\/www.europesays.com\/es\/wp-json\/wp\/v2\/users\/2"}],"replies":[{"embeddable":true,"href":"https:\/\/www.europesays.com\/es\/wp-json\/wp\/v2\/comments?post=717206"}],"version-history":[{"count":0,"href":"https:\/\/www.europesays.com\/es\/wp-json\/wp\/v2\/posts\/717206\/revisions"}],"wp:featuredmedia":[{"embeddable":true,"href":"https:\/\/www.europesays.com\/es\/wp-json\/wp\/v2\/media\/717207"}],"wp:attachment":[{"href":"https:\/\/www.europesays.com\/es\/wp-json\/wp\/v2\/media?parent=717206"}],"wp:term":[{"taxonomy":"category","embeddable":true,"href":"https:\/\/www.europesays.com\/es\/wp-json\/wp\/v2\/categories?post=717206"},{"taxonomy":"post_tag","embeddable":true,"href":"https:\/\/www.europesays.com\/es\/wp-json\/wp\/v2\/tags?post=717206"}],"curies":[{"name":"wp","href":"https:\/\/api.w.org\/{rel}","templated":true}]}}