{"id":71726,"date":"2025-08-25T18:30:31","date_gmt":"2025-08-25T18:30:31","guid":{"rendered":"https:\/\/www.europesays.com\/es\/71726\/"},"modified":"2025-08-25T18:30:31","modified_gmt":"2025-08-25T18:30:31","slug":"servicio-especial-bus-urbano-por-corte-del-tranvia","status":"publish","type":"post","link":"https:\/\/www.europesays.com\/es\/71726\/","title":{"rendered":"Servicio especial bus urbano por corte del tranv\u00eda"},"content":{"rendered":"<p>Con motivo de las obras de reparaci\u00f3n en el carril del tranv\u00eda en el barrio del Actur, desde el<strong> 26 de agosto a las 22:00 horas hasta el 27 de agosto a las 7:00 horas<\/strong> aproximadamente el <strong>tranv\u00eda de Zaragoza no circular\u00e1 entre las paradas La Chimenea y Legaz Lacambra\/Adolfo Aznar en ambos sentidos.<\/strong> <\/p>\n<p>Se habilitar\u00e1n las siguientes paradas especiales de autob\u00fas urbano en el horario de<strong> 22:00 a 00:30horas y de 5:00 a 7:00 horas:<\/strong><\/p>\n<p><strong>Sentido Valdespartera. <\/strong>Parada habilitada en<strong>\u00a0Gertrudis G\u00f3mez Avellaneda 73<\/strong> \u2013 poste 489.<br \/><strong>Sentido Parque Goya<\/strong>. Parada habilitada en <strong>Avda. Jos\u00e9 Atar\u00e9s (TV Arag\u00f3n)<\/strong> \u2013 poste 3003.<\/p>\n","protected":false},"excerpt":{"rendered":"Con motivo de las obras de reparaci\u00f3n en el carril del tranv\u00eda en el barrio del Actur, desde&hellip;\n","protected":false},"author":2,"featured_media":3247,"comment_status":"","ping_status":"","sticky":false,"template":"","format":"standard","meta":{"footnotes":""},"categories":[5],"tags":[17,18,25,24,13,14,11,19,20,9,10,3188,15,16,23,12,21,22],"class_list":{"0":"post-71726","1":"post","2":"type-post","3":"status-publish","4":"format-standard","5":"has-post-thumbnail","7":"category-titulares","8":"tag-breaking-news","9":"tag-breakingnews","10":"tag-es","11":"tag-espana","12":"tag-featured-news","13":"tag-featurednews","14":"tag-headlines","15":"tag-latest-news","16":"tag-latestnews","17":"tag-news","18":"tag-noticias","19":"tag-noticias-avanza","20":"tag-noticias-destacadas","21":"tag-noticiasdestacadas","22":"tag-spain","23":"tag-titulares","24":"tag-ultimas-noticias","25":"tag-ultimasnoticias"},"share_on_mastodon":{"url":"","error":""},"_links":{"self":[{"href":"https:\/\/www.europesays.com\/es\/wp-json\/wp\/v2\/posts\/71726","targetHints":{"allow":["GET"]}}],"collection":[{"href":"https:\/\/www.europesays.com\/es\/wp-json\/wp\/v2\/posts"}],"about":[{"href":"https:\/\/www.europesays.com\/es\/wp-json\/wp\/v2\/types\/post"}],"author":[{"embeddable":true,"href":"https:\/\/www.europesays.com\/es\/wp-json\/wp\/v2\/users\/2"}],"replies":[{"embeddable":true,"href":"https:\/\/www.europesays.com\/es\/wp-json\/wp\/v2\/comments?post=71726"}],"version-history":[{"count":0,"href":"https:\/\/www.europesays.com\/es\/wp-json\/wp\/v2\/posts\/71726\/revisions"}],"wp:featuredmedia":[{"embeddable":true,"href":"https:\/\/www.europesays.com\/es\/wp-json\/wp\/v2\/media\/3247"}],"wp:attachment":[{"href":"https:\/\/www.europesays.com\/es\/wp-json\/wp\/v2\/media?parent=71726"}],"wp:term":[{"taxonomy":"category","embeddable":true,"href":"https:\/\/www.europesays.com\/es\/wp-json\/wp\/v2\/categories?post=71726"},{"taxonomy":"post_tag","embeddable":true,"href":"https:\/\/www.europesays.com\/es\/wp-json\/wp\/v2\/tags?post=71726"}],"curies":[{"name":"wp","href":"https:\/\/api.w.org\/{rel}","templated":true}]}}