{"id":71727,"date":"2025-08-25T18:31:08","date_gmt":"2025-08-25T18:31:08","guid":{"rendered":"https:\/\/www.europesays.com\/es\/71727\/"},"modified":"2025-08-25T18:31:08","modified_gmt":"2025-08-25T18:31:08","slug":"el-cisne-pasa-a-la-final-al-vencer-al-oar-coruna","status":"publish","type":"post","link":"https:\/\/www.europesays.com\/es\/71727\/","title":{"rendered":"El Cisne pasa a la final al vencer al OAR Coru\u00f1a"},"content":{"rendered":"<p class=\"ft-text\">El Cisne jugar\u00e1 el pr\u00f3ximo 7 de septiembre la final de la Supercopa Galicia de balonmano, tras superar el s\u00e1bado al OAR Coru\u00f1a en el pabell\u00f3n municipal Novo Mesoiro de la ciudad herculina por 29-34. Los pontevedreses disparar\u00e1n el t\u00edtulo con el Frigor\u00edficos del Morrazo de Cangas una semana antes del inicio oficial de la liga en Divisi\u00f3n de Honor Plata. Curiosamente, el estreno del 14 de septiembre ser\u00e1 ante el OAR coru\u00f1\u00e9s. El Cisne, donde destac\u00f3 Costa con 11 goles, disputar\u00e1 otro amistoso el jueves d\u00eda 28 frente al Atl\u00e9tico Nov\u00e1s en O Rosal.<\/p>\n<p><a id=\"comments\" name=\"comments\" title=\"\" class=\"ft-anchor ft-anchor--absolute ft-helper-spacer-voffset-xlg\" rel=\"\"><\/a><\/p>\n","protected":false},"excerpt":{"rendered":"El Cisne jugar\u00e1 el pr\u00f3ximo 7 de septiembre la final de la Supercopa Galicia de balonmano, tras superar&hellip;\n","protected":false},"author":2,"featured_media":71728,"comment_status":"","ping_status":"","sticky":false,"template":"","format":"standard","meta":{"footnotes":""},"categories":[278],"tags":[376,12123,168,25,24,1058,816,375,5967,5972,3954,23,167,28388],"class_list":{"0":"post-71727","1":"post","2":"type-post","3":"status-publish","4":"format-standard","5":"has-post-thumbnail","7":"category-balonmano","8":"tag-balonmano","9":"tag-cisne","10":"tag-deportes","11":"tag-es","12":"tag-espana","13":"tag-final","14":"tag-galicia","15":"tag-handball","16":"tag-oar","17":"tag-oar-coruna","18":"tag-pasa","19":"tag-spain","20":"tag-sports","21":"tag-vencer"},"share_on_mastodon":{"url":"","error":""},"_links":{"self":[{"href":"https:\/\/www.europesays.com\/es\/wp-json\/wp\/v2\/posts\/71727","targetHints":{"allow":["GET"]}}],"collection":[{"href":"https:\/\/www.europesays.com\/es\/wp-json\/wp\/v2\/posts"}],"about":[{"href":"https:\/\/www.europesays.com\/es\/wp-json\/wp\/v2\/types\/post"}],"author":[{"embeddable":true,"href":"https:\/\/www.europesays.com\/es\/wp-json\/wp\/v2\/users\/2"}],"replies":[{"embeddable":true,"href":"https:\/\/www.europesays.com\/es\/wp-json\/wp\/v2\/comments?post=71727"}],"version-history":[{"count":0,"href":"https:\/\/www.europesays.com\/es\/wp-json\/wp\/v2\/posts\/71727\/revisions"}],"wp:featuredmedia":[{"embeddable":true,"href":"https:\/\/www.europesays.com\/es\/wp-json\/wp\/v2\/media\/71728"}],"wp:attachment":[{"href":"https:\/\/www.europesays.com\/es\/wp-json\/wp\/v2\/media?parent=71727"}],"wp:term":[{"taxonomy":"category","embeddable":true,"href":"https:\/\/www.europesays.com\/es\/wp-json\/wp\/v2\/categories?post=71727"},{"taxonomy":"post_tag","embeddable":true,"href":"https:\/\/www.europesays.com\/es\/wp-json\/wp\/v2\/tags?post=71727"}],"curies":[{"name":"wp","href":"https:\/\/api.w.org\/{rel}","templated":true}]}}