{"id":717330,"date":"2026-08-18T04:08:23","date_gmt":"2026-08-18T04:08:23","guid":{"rendered":"https:\/\/www.europesays.com\/es\/717330\/"},"modified":"2026-08-18T04:08:23","modified_gmt":"2026-08-18T04:08:23","slug":"miles-de-fans-despiden-a-la-cantante-bonnie-tyler-en-su-funeral-en-swansea-gales-ocio-y-cultura","status":"publish","type":"post","link":"https:\/\/www.europesays.com\/es\/717330\/","title":{"rendered":"Miles de fans despiden a la cantante Bonnie Tyler en su funeral en Swansea (Gales) | Ocio y cultura"},"content":{"rendered":"<p>Miles de personas despiden este lunes a la cantante galesa <a href=\"https:\/\/cadenaser.com\/nacional\/2026\/07\/09\/muere-bonnie-tyler-la-cantante-de-total-eclipse-of-the-heart-a-los-75-anos-cadena-ser\/\" target=\"_blank\" rel=\"nofollow noopener\" title=\"https:\/\/cadenaser.com\/nacional\/2026\/07\/09\/muere-bonnie-tyler-la-cantante-de-total-eclipse-of-the-heart-a-los-75-anos-cadena-ser\/\">Bonnie Tyler<\/a>. La artista de Total eclipse of my heart muri\u00f3 \u00abinesperadamente\u00bb en la noche del 8 de julio en un hospital de Portugal como consecuencia de la enfermedad que padec\u00eda. <\/p>\n<p>M\u00e1s informaci\u00f3n<\/p>\n<p>El cuerpo de la artista, oculto en el interior de un ataud blanco, ha paseado por las calles de la ciudad montado en un coche f\u00fanebre que han seguido muchos de sus seguidores, que han dedicado muestras de cari\u00f1os al f\u00e9retro de la artista internacional. <\/p>\n<p>La cantante, cuyo nombre real es Gaynor Hopkins, naci\u00f3 en el sur de Gales en 1951 y fue la cuarta de seis hijos. Creci\u00f3 en un ambiente precario, en una casa de protecci\u00f3n oficial de cuatro habitaciones con un gran jard\u00edn en el pueblo de Skewen, a las afueras de Swansea. \u00abCreo que mis padres lo pasaron muy mal, criando a una familia numerosa con muy poco\u00bb, dijo en una entrevista al diario brit\u00e1nico The Guardian en 2012.<\/p>\n<p>    <img decoding=\"async\" src=\"https:\/\/www.europesays.com\/es\/wp-content\/uploads\/2026\/08\/1787026103_577_app-ser-4.png\" alt=\"Nueva APP de Cadena SER\" loading=\"lazy\" width=\"109\" height=\"82\"\/><\/p>\n<p>Descubre la nueva app de Cadena\u00a0SER<br \/>\n        Te ofrecemos una mejor experiencia de audio y video\n    <\/p>\n<p>    <a href=\"https:\/\/trackingcodes.prisamedia.com\/ser.html?utm_campaign=app-include-articulo&amp;utm_source=web\" class=\"p-a-fa-b\" rel=\"nofollow noopener\" target=\"_blank\">Descargar<\/a><\/p>\n<p>A Tyler nunca le gust\u00f3 mucho su nombre de nacimiento. Al preguntarle c\u00f3mo surgi\u00f3 su seud\u00f3nimo, le dijo a BBC Radio Wales: \u00abCompr\u00e9 un peri\u00f3dico de gran formato y me esforc\u00e9 por anotar todos los nombres de pila que encontr\u00e9 en una lista y todos los apellidos en otra. Revis\u00e9 ambas y se me ocurri\u00f3 Bonnie Tyler. Y ha sido un nombre genial.\u00bb<\/p>\n<p>El tono ronco que hizo que la voz de Bonnie Tyler fuera inconfundible fue el resultado de un accidente. Tras una operaci\u00f3n para extirparle n\u00f3dulos en las cuerdas vocales en 1977, le ordenaron guardar reposo vocal. Pero un d\u00eda grit\u00f3 de rabia, alterando su voz para siempre.<\/p>\n<blockquote class=\"twitter-tweet\">\n<p lang=\"en\" dir=\"ltr\">Thousands of fans gathered Saturday in the streets of a coastal town in Wales to say goodbye to the late singer Bonnie Tyler as her casket was carried home \ud83e\udd79\ud83d\udc94 <a href=\"https:\/\/t.co\/5gnUIzylxd\" rel=\"nofollow\">pic.twitter.com\/5gnUIzylxd<\/a><\/p>\n<p>\u2014 \ud83c\udfb8 Rock History \ud83c\udfb8 (@historyrock_) <a href=\"https:\/\/x.com\/historyrock_\/status\/2088922370731909420?ref_src=twsrc%5Etfw\" rel=\"nofollow\">August 16, 2026<\/a><\/p><\/blockquote>\n<p><script async src=\"https:\/\/platform.twitter.com\/widgets.js\" charset=\"utf-8\"><\/script><\/p>\n","protected":false},"excerpt":{"rendered":"Miles de personas despiden este lunes a la cantante galesa Bonnie Tyler. La artista de Total eclipse of&hellip;\n","protected":false},"author":2,"featured_media":717331,"comment_status":"","ping_status":"","sticky":false,"template":"","format":"standard","meta":{"footnotes":""},"categories":[91],"tags":[146,147,25,24,9589,128409,23],"class_list":["post-717330","post","type-post","status-publish","format-standard","has-post-thumbnail","category-entretenimiento","tag-entertainment","tag-entretenimiento","tag-es","tag-espana","tag-funeral","tag-hearse","tag-spain"],"share_on_mastodon":{"url":"https:\/\/pubeurope.com\/@es\/117114550501829948","error":""},"_links":{"self":[{"href":"https:\/\/www.europesays.com\/es\/wp-json\/wp\/v2\/posts\/717330","targetHints":{"allow":["GET"]}}],"collection":[{"href":"https:\/\/www.europesays.com\/es\/wp-json\/wp\/v2\/posts"}],"about":[{"href":"https:\/\/www.europesays.com\/es\/wp-json\/wp\/v2\/types\/post"}],"author":[{"embeddable":true,"href":"https:\/\/www.europesays.com\/es\/wp-json\/wp\/v2\/users\/2"}],"replies":[{"embeddable":true,"href":"https:\/\/www.europesays.com\/es\/wp-json\/wp\/v2\/comments?post=717330"}],"version-history":[{"count":0,"href":"https:\/\/www.europesays.com\/es\/wp-json\/wp\/v2\/posts\/717330\/revisions"}],"wp:featuredmedia":[{"embeddable":true,"href":"https:\/\/www.europesays.com\/es\/wp-json\/wp\/v2\/media\/717331"}],"wp:attachment":[{"href":"https:\/\/www.europesays.com\/es\/wp-json\/wp\/v2\/media?parent=717330"}],"wp:term":[{"taxonomy":"category","embeddable":true,"href":"https:\/\/www.europesays.com\/es\/wp-json\/wp\/v2\/categories?post=717330"},{"taxonomy":"post_tag","embeddable":true,"href":"https:\/\/www.europesays.com\/es\/wp-json\/wp\/v2\/tags?post=717330"}],"curies":[{"name":"wp","href":"https:\/\/api.w.org\/{rel}","templated":true}]}}