{"id":717384,"date":"2026-08-18T05:00:16","date_gmt":"2026-08-18T05:00:16","guid":{"rendered":"https:\/\/www.europesays.com\/es\/717384\/"},"modified":"2026-08-18T05:00:16","modified_gmt":"2026-08-18T05:00:16","slug":"las-horas-mas-bajas-de-salvini-acorralado-en-su-partido-y-presionado-por-el-auge-del-ultra-vannacci-internacional","status":"publish","type":"post","link":"https:\/\/www.europesays.com\/es\/717384\/","title":{"rendered":"Las horas m\u00e1s bajas de Salvini, acorralado en su partido y presionado por el auge del ultra Vannacci | Internacional"},"content":{"rendered":"<p class=\"\">Matteo Salvini ha pasado de ser omnipresente en la pol\u00edtica italiana a ocupar un papel cada vez m\u00e1s secundario. Durante a\u00f1os marc\u00f3 buena parte de la agenda pol\u00edtica del pa\u00eds alpino, llev\u00f3 a <a href=\"https:\/\/elpais.com\/internacional\/2026-03-19\/muere-umberto-bossi-fundador-y-lider-historico-de-la-liga-norte-italiana.html\" target=\"_self\" rel=\"nofollow noopener\" title=\"https:\/\/elpais.com\/internacional\/2026-03-19\/muere-umberto-bossi-fundador-y-lider-historico-de-la-liga-norte-italiana.html\">la antigua Liga Norte<\/a> m\u00e1s all\u00e1 de sus feudos tradicionales y la convirti\u00f3 en una fuerza a escala nacional, que por el camino dej\u00f3 atr\u00e1s incluso el apelativo Norte de su nombre. Desde 2022 es <a href=\"https:\/\/elpais.com\/internacional\/2024-12-20\/salvini-absuelto-en-italia-en-el-juicio-por-impedir-el-desembarco-de-migrantes-del-barco-espanol-open-arms.html\" target=\"_self\" rel=\"nofollow noopener\" title=\"https:\/\/elpais.com\/internacional\/2024-12-20\/salvini-absuelto-en-italia-en-el-juicio-por-impedir-el-desembarco-de-migrantes-del-barco-espanol-open-arms.html\">vicepresidente<\/a> y ministro de Transportes del Ejecutivo en el Ejecutivo de Giorgia Meloni. Es su segunda experiencia en el poder: entre 2018 y 2019 fue vicepresidente y ministro del Interior en el Gobierno de coalici\u00f3n que form\u00f3 la Liga con el Movimiento 5 Estrellas.<\/p>\n<p class=\"\">Al Gabinete de Meloni lleg\u00f3 ya debilitado considerablemente y desde entonces siempre ha estado a la sombra de la l\u00edder ultraderechista. Apenas unos a\u00f1os antes ocurr\u00eda justo lo contrario: era \u00e9l quien dominaba la ultraderecha italiana y su partido aventajaba ampliamente a <a href=\"https:\/\/elpais.com\/internacional\/2026-05-25\/las-elecciones-municipales-en-italia-dan-un-respiro-al-gobierno-de-meloni.html\" target=\"_self\" rel=\"nofollow noopener\" title=\"https:\/\/elpais.com\/internacional\/2026-05-25\/las-elecciones-municipales-en-italia-dan-un-respiro-al-gobierno-de-meloni.html\">Hermanos de Italia<\/a>.<\/p>\n<p class=\"\">Bajo su liderazgo, la Liga fue la primera fuerza pol\u00edtica del pa\u00eds en las elecciones europeas de 2019, con el 34% de los votos, muy por delante del partido de Meloni, que alcanz\u00f3 el 6%. Desde entonces, las tornas han cambiado por completo. Hoy, Salvini est\u00e1 muy lejos de aquellos resultados: las encuestas de intenci\u00f3n de voto lo sit\u00faan en torno al 5%. El l\u00edder de la Liga vive uno de sus momentos pol\u00edticos m\u00e1s delicados.<\/p>\n<p class=\"\">En el Gobierno, la mayor\u00eda de sus propuestas estrella \u2014como la reforma fiscal, la jubilaci\u00f3n anticipada o una amplia regularizaci\u00f3n de las deudas fiscales\u2014, se han quedado por el camino o han salido adelante muy rebajadas respecto al planteamiento inicial.<\/p>\n<p><img alt=\"\" decoding=\"auto\" class=\"_re lazyload a_m-h\" height=\"276\"  width=\"414\"  src=\"https:\/\/www.europesays.com\/es\/wp-content\/uploads\/2026\/08\/JYTSQORYDFBHFLFIGUXMKYKI7Q.jpg\" loading=\"lazy\" fetchpriority=\"low\"\/>La primera ministra Meloni y el ministro Salvini durante una rueda de prensa en la C\u00e1mara de Diputados de Roma, el 11 de junio.SOPA Images (SOPA Images\/LightRocket via Getty Images)<\/p>\n<p class=\"\">El dirigente pol\u00edtico afronta adem\u00e1s ahora un creciente malestar dentro de sus propias filas \u2014donde empieza a tomar forma una rebeli\u00f3n interna contra su liderazgo\u2014 y una fuerte p\u00e9rdida de apoyos mientras <a href=\"https:\/\/elpais.com\/internacional\/2026-06-22\/un-polemico-general-retirado-aspira-a-adelantar-a-meloni-por-la-derecha-en-italia.html\" target=\"_self\" rel=\"nofollow noopener\" title=\"https:\/\/elpais.com\/internacional\/2026-06-22\/un-polemico-general-retirado-aspira-a-adelantar-a-meloni-por-la-derecha-en-italia.html\">el general retirado Roberto Vannacci<\/a> le disputa desde fuera el electorado m\u00e1s radical. El antiguo militar fue, de hecho, uno de los grandes fichajes pol\u00edticos de Salvini, que lo incorpor\u00f3 a la Liga despu\u00e9s de irrumpir en el panorama medi\u00e1tico italiano con <a href=\"https:\/\/elpais.com\/internacional\/2023-09-01\/un-bestseller-homofobo-y-racista-de-un-general-italiano-abre-una-brecha-entre-meloni-y-salvini.html\" target=\"_self\" rel=\"nofollow noopener\" title=\"https:\/\/elpais.com\/internacional\/2023-09-01\/un-bestseller-homofobo-y-racista-de-un-general-italiano-abre-una-brecha-entre-meloni-y-salvini.html\">un pol\u00e9mico libro<\/a>, un \u00e9xito de ventas duramente criticado por sus afirmaciones sobre inmigrantes, homosexuales y minor\u00edas, y acusado de contener planteamientos racistas, xen\u00f3fobos y hom\u00f3fobos.<\/p>\n<p class=\"\">Salvini convirti\u00f3 al controvertido general, entonces amonestado por el Ej\u00e9rcito italiano por sus salidas de tono, en uno de sus principales candidatos para las elecciones europeas de 2024, en las que fue elegido eurodiputado con m\u00e1s de medio mill\u00f3n de votos directos.<\/p>\n<p class=\"\">La alianza, sin embargo, dur\u00f3 poco. Vannacci termin\u00f3 abandonando la Liga para fundar Futuro Nazionale y se llev\u00f3 consigo a varios parlamentarios, muchos procedentes de las filas de Salvini. Ahora amenaza tambi\u00e9n con arrebatarle votantes: algunos sondeos han llegado a situar a su nueva formaci\u00f3n por encima de la Liga. En junio, un sondeo de YouTrend para Sky TG24 otorg\u00f3 a Futuro Nazionale un 5,9% frente al 5,8% de la Liga. A finales de julio, SWG situaba al partido de Vannacci en el 6,9%, mientras la Liga se quedaba en el 5,7%.<\/p>\n<p class=\"\">El general, conocido por sus posiciones radicales sobre inmigraci\u00f3n, identidad nacional, derechos de las minor\u00edas y otros asuntos sociales, y que el a\u00f1o pasado se acogi\u00f3 a la jubilaci\u00f3n anticipada a los 56 a\u00f1os, acusa abiertamente a Salvini \u2014y tambi\u00e9n a Meloni\u2014 de haber moderado en exceso sus posiciones desde su llegada al poder.<\/p>\n<p class=\"\">Con su nueva formaci\u00f3n, situada a la derecha de la Liga, trata precisamente de atraer a una parte del electorado m\u00e1s radical que Salvini hab\u00eda conquistado durante los a\u00f1os de mayor crecimiento de su partido. Para el l\u00edder de la Liga se ha convertido en un doble problema: no solo ha perdido a una de las figuras a las que \u00e9l mismo dio mayor protagonismo, sino que ahora tiene enfrente a un rival con tir\u00f3n electoral propio que compite directamente con \u00e9l.<\/p>\n<p class=\"\">Numerosos observadores, como Giovanni Orsina, director del departamento de Ciencias Pol\u00edticas de la <a href=\"https:\/\/www.luiss.it\/en\" target=\"_self\" rel=\"nofollow noopener\" title=\"https:\/\/www.luiss.it\/en\">Universidad Luiss de Roma<\/a>, sostienen que el ascenso de Vannacci est\u00e1 estrechamente vinculado a la <a href=\"https:\/\/elpais.com\/internacional\/2021-09-24\/las-horas-mas-bajas-de-matteo-salvini.html\" target=\"_self\" rel=\"nofollow noopener\" title=\"https:\/\/elpais.com\/internacional\/2021-09-24\/las-horas-mas-bajas-de-matteo-salvini.html\">crisis de la Liga<\/a> y que buena parte de sus apoyos procede del electorado del partido de Salvini. El experto considera, adem\u00e1s, que Vannacci reproduce el mismo mecanismo que antes emplearon Salvini y Meloni: lanzar provocaciones, suscitar indignaci\u00f3n y beneficiarse de la atenci\u00f3n medi\u00e1tica que generan sus pol\u00e9micas.<\/p>\n<p class=\"\">A comienzos de a\u00f1o, cuando las tensiones con Vannacci ya eran evidentes, Salvini se jactaba de que la fortaleza de la Liga estaba en sus \u201ctropas\u201d, m\u00e1s que en sus generales, y aseguraba que quienes abandonaban el partido terminaban pol\u00edticamente \u201cen la nada\u201d. Por ahora, ninguna de las dos afirmaciones parece haber envejecido demasiado bien. Vannacci va camino de hacerse un espacio pol\u00edtico propio. Y precisamente entre las \u201ctropas\u201d que Salvini reivindicaba se ha abierto una brecha de dif\u00edcil soluci\u00f3n. El creciente malestar de las bases y los dirigentes territoriales de su partido, especialmente en los feudos hist\u00f3ricos del norte, ha derivado en algunos sectores en una rebeli\u00f3n creciente contra \u00e9l.<\/p>\n<p class=\"\">El liderazgo de Salvini lleva tiempo en cuesti\u00f3n y los \u00faltimos acontecimientos, en especial la ruptura con Vannacci, han aumentado las dudas internas sobre su estrategia y su capacidad para seguir marcando el rumbo del partido. El descontento alcanza ya a algunos de los principales barones de la Formaci\u00f3n. Massimiliano Romeo, secretario en Lombard\u00eda y portavoz en el Senado, ha reconocido que el partido ha \u201cperdido credibilidad\u201d y que Salvini tiene una \u201cimagen empa\u00f1ada\u201d.<\/p>\n<p class=\"\">Hace unos d\u00edas, en una reuni\u00f3n celebrada en la hist\u00f3rica sede de la Liga en Mil\u00e1n, una parte significativa de los dirigentes lombardos pidi\u00f3 abiertamente a Salvini que diera un paso atr\u00e1s y abandonara la direcci\u00f3n del partido. Le responsabilizan de la p\u00e9rdida de apoyos de los \u00faltimos a\u00f1os y del creciente desapego hacia la formaci\u00f3n incluso en provincias que han sido tradicionalmente bastiones de la Liga, como B\u00e9rgamo, Brescia y Varese. <\/p>\n<p class=\"\">Sus cr\u00edticos le reprochan que se haya olvidado del norte, el coraz\u00f3n hist\u00f3rico de la formaci\u00f3n, en su intento de extender la Liga por todo el pa\u00eds. Tambi\u00e9n no haber logrado regresar al Ministerio del Interior, desde donde podr\u00eda recuperar mayor protagonismo en inmigraci\u00f3n. Sobre este terreno construy\u00f3 buena parte de su popularidad durante su primera etapa en el Gobierno gracias a una pol\u00edtica de l\u00ednea dura contra las llegadas irregulares.<\/p>\n<p><img alt=\"\" decoding=\"auto\" class=\"_re lazyload a_m-h\" height=\"277\"  width=\"414\"  src=\"https:\/\/www.europesays.com\/es\/wp-content\/uploads\/2026\/08\/RXNC37DMVVA7LADZ6WCKE6ZADU.jpg\" loading=\"lazy\" fetchpriority=\"low\"\/>El l\u00edder de Futuro Nazionale, Roberto Vannacci, en la sala de prensa de la C\u00e1mara de Diputados, Roma, el 5 de agosto.Roberto Monaldo (LAPRESSE)<\/p>\n<p class=\"\">Como posible salida a la crisis, tanto Romeo como otros pesos pesados de la Liga \u2014como los presidentes de Lombard\u00eda, Attilio Fontana, y de Friuli-Venecia Julia, Massimiliano Fedriga\u2014 llevan tiempo presionando para que Salvini abandone la cartera de Transportes y regrese a Interior. Seg\u00fan apuntan los medios locales, algunos dirigentes del partido han llegado a negociar con Meloni el regreso de Salvini a su antiguo ministerio a cambio del apoyo de la Liga en otras cuestiones, como <a href=\"https:\/\/elpais.com\/internacional\/2026-07-16\/la-polemica-reforma-electoral-de-meloni-supera-el-primer-examen-entre-tensiones-con-sus-socios.html\" target=\"_self\" rel=\"nofollow noopener\" title=\"https:\/\/elpais.com\/internacional\/2026-07-16\/la-polemica-reforma-electoral-de-meloni-supera-el-primer-examen-entre-tensiones-con-sus-socios.html\">la reforma electoral<\/a>.<\/p>\n<p class=\"\">El desaf\u00edo interno resulta especialmente significativo en un partido hist\u00f3ricamente muy jerarquizado y con una fuerte cultura de lealtad al l\u00edder. Desde los tiempos de su fundador, Umberto Bossi, en la d\u00e9cada de los noventa, raramente ha sido cuestionada la autoridad del secretario, que goza de amplios poderes. Desde que se hizo con el mando del partido, en 2013, Salvini ha mantenido e incluso reforzado este sistema.<\/p>\n<p class=\"\">El l\u00edder de la Liga no parece, con todo, dispuesto a dar un paso atr\u00e1s. Su objetivo, dice, sigue siendo conducir al partido hasta las elecciones generales del a\u00f1o que viene.<\/p>\n","protected":false},"excerpt":{"rendered":"Matteo Salvini ha pasado de ser omnipresente en la pol\u00edtica italiana a ocupar un papel cada vez m\u00e1s&hellip;\n","protected":false},"author":2,"featured_media":717385,"comment_status":"","ping_status":"","sticky":false,"template":"","format":"standard","meta":{"footnotes":""},"categories":[42],"tags":[17,18,767,13,14,14655,11,590,895,61,62,63,64,628,109250,19,20,85159,9,10,15,16,12,21,22,65,66,67],"class_list":["post-717384","post","type-post","status-publish","format-standard","has-post-thumbnail","category-internacional","tag-breaking-news","tag-breakingnews","tag-corrupcion","tag-featured-news","tag-featurednews","tag-giorgia-meloni","tag-headlines","tag-inmigracion","tag-inmigracion-irregular","tag-internacional","tag-international","tag-international-news","tag-internationalnews","tag-italia","tag-la-liga-partido-politico","tag-latest-news","tag-latestnews","tag-matteo-salvini","tag-news","tag-noticias","tag-noticias-destacadas","tag-noticiasdestacadas","tag-titulares","tag-ultimas-noticias","tag-ultimasnoticias","tag-world","tag-world-news","tag-worldnews"],"share_on_mastodon":{"url":"","error":"Validation failed: Text character limit of 500 exceeded"},"_links":{"self":[{"href":"https:\/\/www.europesays.com\/es\/wp-json\/wp\/v2\/posts\/717384","targetHints":{"allow":["GET"]}}],"collection":[{"href":"https:\/\/www.europesays.com\/es\/wp-json\/wp\/v2\/posts"}],"about":[{"href":"https:\/\/www.europesays.com\/es\/wp-json\/wp\/v2\/types\/post"}],"author":[{"embeddable":true,"href":"https:\/\/www.europesays.com\/es\/wp-json\/wp\/v2\/users\/2"}],"replies":[{"embeddable":true,"href":"https:\/\/www.europesays.com\/es\/wp-json\/wp\/v2\/comments?post=717384"}],"version-history":[{"count":0,"href":"https:\/\/www.europesays.com\/es\/wp-json\/wp\/v2\/posts\/717384\/revisions"}],"wp:featuredmedia":[{"embeddable":true,"href":"https:\/\/www.europesays.com\/es\/wp-json\/wp\/v2\/media\/717385"}],"wp:attachment":[{"href":"https:\/\/www.europesays.com\/es\/wp-json\/wp\/v2\/media?parent=717384"}],"wp:term":[{"taxonomy":"category","embeddable":true,"href":"https:\/\/www.europesays.com\/es\/wp-json\/wp\/v2\/categories?post=717384"},{"taxonomy":"post_tag","embeddable":true,"href":"https:\/\/www.europesays.com\/es\/wp-json\/wp\/v2\/tags?post=717384"}],"curies":[{"name":"wp","href":"https:\/\/api.w.org\/{rel}","templated":true}]}}