{"id":717406,"date":"2026-08-18T05:24:13","date_gmt":"2026-08-18T05:24:13","guid":{"rendered":"https:\/\/www.europesays.com\/es\/717406\/"},"modified":"2026-08-18T05:24:13","modified_gmt":"2026-08-18T05:24:13","slug":"mueren-un-estudiante-y-el-atacante-en-un-inusual-tiroteo-en-una-escuela-de-filipinas-informaron-las-autoridades","status":"publish","type":"post","link":"https:\/\/www.europesays.com\/es\/717406\/","title":{"rendered":"Mueren un estudiante y el atacante en un inusual tiroteo en una escuela de Filipinas, informaron las autoridades"},"content":{"rendered":"<p>      Reuters\u00a0\u2014\u00a0\n    <\/p>\n<p class=\"paragraph inline-placeholder vossi-paragraph\" data-uri=\"es.cms.cnn.com\/_components\/paragraph\/instances\/cmsy5h39f004a28qh4wqj50gw@published\" data-editable=\"text\" data-component-name=\"paragraph\" data-article-gutter=\"true\">\n            Un estudiante muri\u00f3 el martes en un tiroteo en una escuela secundaria en el sur de Filipinas, en el que tambi\u00e9n falleci\u00f3 el atacante, y la situaci\u00f3n ya est\u00e1 bajo control, informaron las autoridades. Este es el segundo incidente de este tipo en el pa\u00eds en menos de dos meses.\n    <\/p>\n<p class=\"paragraph inline-placeholder vossi-paragraph\" data-uri=\"es.cms.cnn.com\/_components\/paragraph\/instances\/cmsy5ltz20005356r7fzuoeyr@published\" data-editable=\"text\" data-component-name=\"paragraph\" data-article-gutter=\"true\">\n            El tiroteo tuvo lugar en una escuela anexa a la Universidad Ateneo de Zamboanga, de gesti\u00f3n privada, en la ciudad de Zamboanga, donde el atacante introdujo una pistola y un rifle en el recinto escolar y dispar\u00f3 contra los estudiantes dentro del aula, seg\u00fan un informe policial preliminar.\n    <\/p>\n<p class=\"paragraph inline-placeholder vossi-paragraph\" data-uri=\"es.cms.cnn.com\/_components\/paragraph\/instances\/cmsy5ltz30006356r68nfjna6@published\" data-editable=\"text\" data-component-name=\"paragraph\" data-article-gutter=\"true\">\n            El agresor, un alumno de noveno grado, se quit\u00f3 la vida. La v\u00edctima era un estudiante var\u00f3n de un curso superior, inform\u00f3 la polic\u00eda.\n    <\/p>\n<p class=\"paragraph inline-placeholder vossi-paragraph\" data-uri=\"es.cms.cnn.com\/_components\/paragraph\/instances\/cmsy5ltz30007356rkuj8iu4z@published\" data-editable=\"text\" data-component-name=\"paragraph\" data-article-gutter=\"true\">\n            El rector de la universidad, Ernald Andal, confirm\u00f3 que ya no hab\u00eda ning\u00fan tiroteo activo y que no se hab\u00edan registrado m\u00e1s v\u00edctimas mortales ni heridos.\n    <\/p>\n<p class=\"paragraph inline-placeholder vossi-paragraph\" data-uri=\"es.cms.cnn.com\/_components\/paragraph\/instances\/cmsy5ltz30008356rhua22jnh@published\" data-editable=\"text\" data-component-name=\"paragraph\" data-article-gutter=\"true\">\n            \u201cNo queremos que ocurra nada de esto. Queremos dar prioridad a la seguridad de todos nuestros estudiantes\u201d, declar\u00f3 Andal.\n    <\/p>\n<p class=\"paragraph inline-placeholder vossi-paragraph\" data-uri=\"es.cms.cnn.com\/_components\/paragraph\/instances\/cmsy5ltz30009356rcrp2ahuf@published\" data-editable=\"text\" data-component-name=\"paragraph\" data-article-gutter=\"true\">\n            El tiroteo se produjo tras un ataque perpetrado en junio en una escuela secundaria p\u00fablica de la ciudad de Tacloban, en el que al menos tres estudiantes murieron y otros veinte resultaron heridos cuando dos de sus compa\u00f1eros abrieron fuego en el campus.\n    <\/p>\n<p class=\"paragraph inline-placeholder vossi-paragraph\" data-uri=\"es.cms.cnn.com\/_components\/paragraph\/instances\/cmsy5ltz3000a356rn83g0bwv@published\" data-editable=\"text\" data-component-name=\"paragraph\" data-article-gutter=\"true\">\n            Los tiroteos escolares son poco frecuentes en Filipinas, que cuenta con regulaciones relativamente estrictas sobre la posesi\u00f3n de armas, incluyendo verificaciones de antecedentes y requisitos de evaluaci\u00f3n psicol\u00f3gica, aunque las armas de fuego ilegales siguen en circulaci\u00f3n.\n    <\/p>\n<p class=\"paragraph inline-placeholder vossi-paragraph\" data-uri=\"es.cms.cnn.com\/_components\/paragraph\/instances\/cmsy5ltz3000b356retfroguk@published\" data-editable=\"text\" data-component-name=\"paragraph\" data-article-gutter=\"true\">\n            El canal de noticias ANC mostr\u00f3 im\u00e1genes de estudiantes y padres reunidos a las afueras de la escuela, con presencia de polic\u00edas y soldados armados. Se pudo ver a investigadores forenses llegando al centro educativo.\n    <\/p>\n<p class=\"paragraph inline-placeholder vossi-paragraph\" data-uri=\"es.cms.cnn.com\/_components\/paragraph\/instances\/cmsy5ltz3000c356r1zuaxn3j@published\" data-editable=\"text\" data-component-name=\"paragraph\" data-article-gutter=\"true\">\n            Seg\u00fan su sitio web, la escuela es un edificio de cinco pisos ubicado en un terreno de 8 hect\u00e1reas que alberga a los estudiantes de primaria y secundaria de la universidad.\n    <\/p>\n<p class=\"paragraph inline-placeholder vossi-paragraph\" data-uri=\"es.cms.cnn.com\/_components\/paragraph\/instances\/cmsy5ltz3000d356rbfwzkq8i@published\" data-editable=\"text\" data-component-name=\"paragraph\" data-article-gutter=\"true\">\n            El incidente se produjo menos de 10 d\u00edas despu\u00e9s de otro de gran repercusi\u00f3n en Tailandia, donde un <a href=\"https:\/\/www.cnn.com\/2026\/08\/07\/asia\/thailand-school-shooting-intl-hnk\" rel=\"nofollow noopener\" target=\"_blank\">alumno protagoniz\u00f3 un tiroteo<\/a> en una escuela en las afueras de la capital, Bangkok.\n    <\/p>\n","protected":false},"excerpt":{"rendered":"Reuters\u00a0\u2014\u00a0 Un estudiante muri\u00f3 el martes en un tiroteo en una escuela secundaria en el sur de Filipinas,&hellip;\n","protected":false},"author":2,"featured_media":717407,"comment_status":"","ping_status":"","sticky":false,"template":"","format":"standard","meta":{"footnotes":""},"categories":[42],"tags":[17,18,9486,13,14,20155,11,61,62,63,64,19,20,9,10,15,16,586,6773,12,21,22,65,66,67],"class_list":["post-717406","post","type-post","status-publish","format-standard","has-post-thumbnail","category-internacional","tag-breaking-news","tag-breakingnews","tag-estudiantes","tag-featured-news","tag-featurednews","tag-filipinas","tag-headlines","tag-internacional","tag-international","tag-international-news","tag-internationalnews","tag-latest-news","tag-latestnews","tag-news","tag-noticias","tag-noticias-destacadas","tag-noticiasdestacadas","tag-policia","tag-tiroteo","tag-titulares","tag-ultimas-noticias","tag-ultimasnoticias","tag-world","tag-world-news","tag-worldnews"],"share_on_mastodon":{"url":"https:\/\/pubeurope.com\/@es\/117114849178683558","error":""},"_links":{"self":[{"href":"https:\/\/www.europesays.com\/es\/wp-json\/wp\/v2\/posts\/717406","targetHints":{"allow":["GET"]}}],"collection":[{"href":"https:\/\/www.europesays.com\/es\/wp-json\/wp\/v2\/posts"}],"about":[{"href":"https:\/\/www.europesays.com\/es\/wp-json\/wp\/v2\/types\/post"}],"author":[{"embeddable":true,"href":"https:\/\/www.europesays.com\/es\/wp-json\/wp\/v2\/users\/2"}],"replies":[{"embeddable":true,"href":"https:\/\/www.europesays.com\/es\/wp-json\/wp\/v2\/comments?post=717406"}],"version-history":[{"count":0,"href":"https:\/\/www.europesays.com\/es\/wp-json\/wp\/v2\/posts\/717406\/revisions"}],"wp:featuredmedia":[{"embeddable":true,"href":"https:\/\/www.europesays.com\/es\/wp-json\/wp\/v2\/media\/717407"}],"wp:attachment":[{"href":"https:\/\/www.europesays.com\/es\/wp-json\/wp\/v2\/media?parent=717406"}],"wp:term":[{"taxonomy":"category","embeddable":true,"href":"https:\/\/www.europesays.com\/es\/wp-json\/wp\/v2\/categories?post=717406"},{"taxonomy":"post_tag","embeddable":true,"href":"https:\/\/www.europesays.com\/es\/wp-json\/wp\/v2\/tags?post=717406"}],"curies":[{"name":"wp","href":"https:\/\/api.w.org\/{rel}","templated":true}]}}