{"id":717520,"date":"2026-08-18T06:55:13","date_gmt":"2026-08-18T06:55:13","guid":{"rendered":"https:\/\/www.europesays.com\/es\/717520\/"},"modified":"2026-08-18T06:55:13","modified_gmt":"2026-08-18T06:55:13","slug":"los-esperados-airpods-con-camara-se-han-filtrado-en-un-video-oficial-de-apple-que-muestra-su-funcionamiento","status":"publish","type":"post","link":"https:\/\/www.europesays.com\/es\/717520\/","title":{"rendered":"Los esperados AirPods con c\u00e1mara se han filtrado en un v\u00eddeo oficial de Apple que muestra su funcionamiento"},"content":{"rendered":"<p class=\"paragraph\" id=\"paragraph_1\">Apple ha dejado ver, sin quererlo, uno de sus productos m\u00e1s esperados. <a data-forcefollow=\"false\" data-sponsored=\"false\" href=\"https:\/\/www.elespanol.com\/omicrono\/hardware\/20240701\/apple-lanzaria-airpods-camara-servirian-ubicarte-habitaciones-uses-vision-pro\/867163387_0.html?utm_cmp_rs=linksinline\" rel=\"nofollow noopener\" target=\"_blank\">Llevamos m\u00e1s de dos a\u00f1os <\/a>escuchando rumores del desarrollo de unos auriculares de Apple que tienen como principal novedad la inclusi\u00f3n de c\u00e1maras.<\/p>\n<p class=\"paragraph\" id=\"paragraph_2\">Un v\u00eddeo hallado en la versi\u00f3n candidata de macOS Tahoe 26.7 muestra el funcionamiento real de estos AirPods equipados con un sistema de visi\u00f3n.<\/p>\n<p class=\"paragraph\" id=\"paragraph_3\">En la <a data-forcefollow=\"false\" data-sponsored=\"false\" href=\"https:\/\/www.macrumors.com\/2026\/08\/17\/camera-equipped-airpods-macos-26-7\/\" rel=\"nofollow noopener noreferrer\" target=\"_blank\">demostraci\u00f3n<\/a>, un hombre sostiene un libro frente a \u00e9l para que el sensor lo reconozca.<\/p>\n<p><img loading=\"lazy\" decoding=\"async\" alt=\"EMBARGO AirPods Pro\" height=\"240\" src=\"https:\/\/www.europesays.com\/es\/wp-content\/uploads\/2026\/08\/h:240&#038;h=KNU9Ocg1.jpeg\" width=\"320\" data-lazy-status=\"processed\" data-lazy-info=\"remove loading item 1\"\/><\/p>\n<p class=\"paragraph\" id=\"paragraph_4\">Una voz en off explica la funci\u00f3n mientras ocurre la escena. As\u00ed pues, el entorno del usuario se convierte en algo que se puede guardar para consultarlo despu\u00e9s.<\/p>\n<p class=\"paragraph\" id=\"paragraph_5\">La tecnolog\u00eda est\u00e1 pensada para trabajar junto a <a data-forcefollow=\"false\" data-sponsored=\"false\" href=\"https:\/\/www.elespanol.com\/omicrono\/software\/20260608\/ultimo-wwdc-tim-cook-apple-anuncia-nuevo-siri-ai-version-ios-importante-ultimos-anos\/1003744278485_0.html?utm_cmp_rs=linksinline\" rel=\"nofollow noopener\" target=\"_blank\">Visual Intelligence<\/a>. Este sistema de Apple permite identificar objetos, textos y lugares a trav\u00e9s de la c\u00e1mara integrada.<\/p>\n<p class=\"paragraph\" id=\"paragraph_6\">Siri tambi\u00e9n tendr\u00e1 un papel central en la experiencia. El asistente podr\u00e1 responder preguntas sobre lo que rodea al usuario y anotar esa informaci\u00f3n cuando se le pida.<\/p>\n<p class=\"paragraph\" id=\"paragraph_7\">El v\u00eddeo filtrado incluye adem\u00e1s un detalle pr\u00e1ctico. Si el pelo cubre los auriculares, aparecer\u00e1 un aviso pidiendo despejar la zona para que la c\u00e1mara capte bien las im\u00e1genes.<\/p>\n<p class=\"paragraph\" id=\"paragraph_8\">Ese mensaje advierte de que, sin una visi\u00f3n clara, la informaci\u00f3n recogida perder\u00e1 precisi\u00f3n. Apple parece haber cuidado ese tipo de detalles pensando en el uso diario del accesorio.<\/p>\n<p class=\"paragraph\" id=\"paragraph_9\">El producto ya tiene nombre en clave dentro de la compa\u00f1\u00eda. Se le conoce como B790, una referencia que ya hab\u00eda circulado antes gracias al periodista Mark Gurman.<\/p>\n<p class=\"paragraph\" id=\"paragraph_10\">Gurman hab\u00eda adelantado que estos auriculares podr\u00edan llegar antes de lo previsto. Su previsi\u00f3n apuntaba a un lanzamiento tan pr\u00f3ximo como el<strong> mes de septiembre.<\/strong><\/p>\n<p class=\"paragraph\" id=\"paragraph_11\">Esa fecha<strong> coincidir\u00eda con la presentaci\u00f3n del iPhone 18 Pro<\/strong>. En el mismo evento se esperan tambi\u00e9n el iPhone 18 Pro Max y el primer iPhone plegable de la marca.<\/p>\n<p class=\"paragraph\" id=\"paragraph_12\">El hallazgo no es un caso aislado dentro del sistema operativo. macOS Tahoe 26.7 contiene referencias a otros varios productos de Apple que todav\u00eda no han visto la luz.<\/p>\n<p class=\"paragraph\" id=\"paragraph_13\">Estos AirPods se enmarcan en una apuesta m\u00e1s amplia de la compa\u00f1\u00eda por los dispositivos con inteligencia artificial. Junto a ellos, Apple trabaja tambi\u00e9n en <strong>unas gafas inteligentes y en un colgante con funciones parecidas<\/strong>.<\/p>\n<p class=\"paragraph\" id=\"paragraph_14\">El accesorio se relaciona directamente con las gamas AirPods 4 y AirPods Pro 3. Ambas familias ya cuentan con gu\u00edas de compra propias que ahora tendr\u00e1n que actualizarse con esta novedad.<\/p>\n<p class=\"paragraph\" id=\"paragraph_15\">El propio dise\u00f1o f\u00edsico se mantendr\u00eda muy cercano al de los modelos actuales. Se espera que los nuevos auriculares conserven una silueta similar a la de los AirPods Pro 3, con las c\u00e1maras integradas de forma discreta.<\/p>\n<p class=\"paragraph\" id=\"paragraph_16\">Ese planteamiento busca que el usuario no note apenas diferencias al llevarlos puestos. La novedad estar\u00eda, sobre todo, en lo que el accesorio es capaz de percibir y procesar mientras permanece en las orejas.<\/p>\n<p class=\"paragraph\" id=\"paragraph_17\">Si las previsiones se cumplen, faltan pocas semanas para conocer los detalles finales. El calendario de oto\u00f1o de Apple suele despejar este tipo de inc\u00f3gnitas en cuesti\u00f3n de d\u00edas.<\/p>\n","protected":false},"excerpt":{"rendered":"Apple ha dejado ver, sin quererlo, uno de sus productos m\u00e1s esperados. Llevamos m\u00e1s de dos a\u00f1os escuchando&hellip;\n","protected":false},"author":2,"featured_media":717521,"comment_status":"","ping_status":"","sticky":false,"template":"","format":"standard","meta":{"footnotes":""},"categories":[81],"tags":[119,123,124,25,24,16093,117,121,122,23,118,120],"class_list":["post-717520","post","type-post","status-publish","format-standard","has-post-thumbnail","category-ciencia-y-tecnologia","tag-ciencia","tag-ciencia-y-tecnologia","tag-cienciaytecnologia","tag-es","tag-espana","tag-hardware","tag-science","tag-science-and-technology","tag-scienceandtechnology","tag-spain","tag-technology","tag-tecnologia"],"share_on_mastodon":{"url":"https:\/\/pubeurope.com\/@es\/117115207089953764","error":""},"_links":{"self":[{"href":"https:\/\/www.europesays.com\/es\/wp-json\/wp\/v2\/posts\/717520","targetHints":{"allow":["GET"]}}],"collection":[{"href":"https:\/\/www.europesays.com\/es\/wp-json\/wp\/v2\/posts"}],"about":[{"href":"https:\/\/www.europesays.com\/es\/wp-json\/wp\/v2\/types\/post"}],"author":[{"embeddable":true,"href":"https:\/\/www.europesays.com\/es\/wp-json\/wp\/v2\/users\/2"}],"replies":[{"embeddable":true,"href":"https:\/\/www.europesays.com\/es\/wp-json\/wp\/v2\/comments?post=717520"}],"version-history":[{"count":0,"href":"https:\/\/www.europesays.com\/es\/wp-json\/wp\/v2\/posts\/717520\/revisions"}],"wp:featuredmedia":[{"embeddable":true,"href":"https:\/\/www.europesays.com\/es\/wp-json\/wp\/v2\/media\/717521"}],"wp:attachment":[{"href":"https:\/\/www.europesays.com\/es\/wp-json\/wp\/v2\/media?parent=717520"}],"wp:term":[{"taxonomy":"category","embeddable":true,"href":"https:\/\/www.europesays.com\/es\/wp-json\/wp\/v2\/categories?post=717520"},{"taxonomy":"post_tag","embeddable":true,"href":"https:\/\/www.europesays.com\/es\/wp-json\/wp\/v2\/tags?post=717520"}],"curies":[{"name":"wp","href":"https:\/\/api.w.org\/{rel}","templated":true}]}}