{"id":71755,"date":"2025-08-25T18:52:08","date_gmt":"2025-08-25T18:52:08","guid":{"rendered":"https:\/\/www.europesays.com\/es\/71755\/"},"modified":"2025-08-25T18:52:08","modified_gmt":"2025-08-25T18:52:08","slug":"la-presencia-de-dragones-azules-pone-en-alerta-a-las-playas-de-guardamar-del-segura-y-torrevieja","status":"publish","type":"post","link":"https:\/\/www.europesays.com\/es\/71755\/","title":{"rendered":"La presencia de dragones azules pone en alerta a las playas de Guardamar del Segura y Torrevieja"},"content":{"rendered":"<p>25\/08\/2025<br \/>\n<br \/><strong><br \/>\nActualizado a las 16:53h.<br \/>\n<\/strong><\/p>\n<p class=\"voc-p\" style=\"\">El municipio alicantino de <a href=\"https:\/\/www.abc.es\/noticias\/guardamar-del-segura\/\" target=\"_blank\" data-voc-vtm-id=\"in-text-traffic\" title=\"Guardamar del Segura\" data-mrf-link=\"www.abc.es\" rel=\"nofollow noopener\">Guardamar del Segura<\/a> mantiene prohibido el ba\u00f1o en todas sus playas y <a href=\"https:\/\/www.abc.es\/noticias\/torrevieja\/\" target=\"_blank\" data-voc-vtm-id=\"in-text-traffic\" title=\"Torrevieja\" data-mrf-link=\"www.abc.es\" rel=\"nofollow noopener\">Torrevieja<\/a> vigila las suyas despu\u00e9s de que en los \u00faltimos d\u00edas se hayan detectado all\u00ed varios ejemplares de<strong> drag\u00f3n azul<\/strong> (&#8216;Glaucus atlanticus&#8217;).<\/p>\n<p class=\"voc-p\" style=\"\">En el primer caso, el Ayuntamiento, por tercera vez desde el pasado mi\u00e9rcoles, ha<strong> prohibido de nuevo el ba\u00f1o<\/strong> este domingo tras la aparici\u00f3n de estos animales y ha insistido en que se extremen las precauciones. Ya se han avistado en playas como la de Vivers, Ortigues y Centro.<\/p>\n<p class=\"voc-p\" style=\"\">\u00abLes pedimos m\u00e1xima <strong>prudencia y colaboraci\u00f3n<\/strong>. Nuestros equipos y socorristas mantienen una vigilancia activa para garantizar la seguridad en todo el litoral\u00ab, ha apuntado la Polic\u00eda Local del municipio a trav\u00e9s de redes sociales.<\/p>\n<p class=\"voc-p\" style=\"\">Por su parte, fuentes del Ayuntamiento de Torrevieja consultadas por Europa Press han indicado que a lo largo del fin de semana han aparecido \u00abtres o cuatro\u00bb ejemplares de drag\u00f3n azul moribundos en la playa de La Mata, donde este lunes hay bandera roja, no por estos animales, sino por el estado del mar. \u00abNo ha habido picaduras\u00bb, han subrayado.<\/p>\n<p class=\"voc-p\" style=\"\">El drag\u00f3n azul es un peque\u00f1o molusco marino cuya picadura puede provocar <strong>dolor intenso, v\u00f3mitos y reacciones adversas<\/strong>. Se aconseja a los ba\u00f1istas que, si ven un ejemplar, no lo toquen ni con guantes y que avisen a socorristas y autoridades. En caso de picadura, se recomienda enjuagar la zona afectada con agua salada, aplicar pa\u00f1os fr\u00edos y acudir al puesto de socorro o centro de salud m\u00e1s cercano.<\/p>\n<p>Reportar un error<\/p>\n","protected":false},"excerpt":{"rendered":"25\/08\/2025 Actualizado a las 16:53h. El municipio alicantino de Guardamar del Segura mantiene prohibido el ba\u00f1o en todas&hellip;\n","protected":false},"author":2,"featured_media":71756,"comment_status":"","ping_status":"","sticky":false,"template":"","format":"standard","meta":{"footnotes":""},"categories":[8],"tags":[3830,7474,17,18,4550,25,24,13,14,27072,11,19,20,9,10,15,16,9550,1150,2682,11689,23,12,5248,21,22],"class_list":{"0":"post-71755","1":"post","2":"type-post","3":"status-publish","4":"format-standard","5":"has-post-thumbnail","7":"category-espana","8":"tag-alerta","9":"tag-azules","10":"tag-breaking-news","11":"tag-breakingnews","12":"tag-dragones","13":"tag-es","14":"tag-espana","15":"tag-featured-news","16":"tag-featurednews","17":"tag-guardamar","18":"tag-headlines","19":"tag-latest-news","20":"tag-latestnews","21":"tag-news","22":"tag-noticias","23":"tag-noticias-destacadas","24":"tag-noticiasdestacadas","25":"tag-playas","26":"tag-pone","27":"tag-presencia","28":"tag-segura","29":"tag-spain","30":"tag-titulares","31":"tag-torrevieja","32":"tag-ultimas-noticias","33":"tag-ultimasnoticias"},"share_on_mastodon":{"url":"","error":""},"_links":{"self":[{"href":"https:\/\/www.europesays.com\/es\/wp-json\/wp\/v2\/posts\/71755","targetHints":{"allow":["GET"]}}],"collection":[{"href":"https:\/\/www.europesays.com\/es\/wp-json\/wp\/v2\/posts"}],"about":[{"href":"https:\/\/www.europesays.com\/es\/wp-json\/wp\/v2\/types\/post"}],"author":[{"embeddable":true,"href":"https:\/\/www.europesays.com\/es\/wp-json\/wp\/v2\/users\/2"}],"replies":[{"embeddable":true,"href":"https:\/\/www.europesays.com\/es\/wp-json\/wp\/v2\/comments?post=71755"}],"version-history":[{"count":0,"href":"https:\/\/www.europesays.com\/es\/wp-json\/wp\/v2\/posts\/71755\/revisions"}],"wp:featuredmedia":[{"embeddable":true,"href":"https:\/\/www.europesays.com\/es\/wp-json\/wp\/v2\/media\/71756"}],"wp:attachment":[{"href":"https:\/\/www.europesays.com\/es\/wp-json\/wp\/v2\/media?parent=71755"}],"wp:term":[{"taxonomy":"category","embeddable":true,"href":"https:\/\/www.europesays.com\/es\/wp-json\/wp\/v2\/categories?post=71755"},{"taxonomy":"post_tag","embeddable":true,"href":"https:\/\/www.europesays.com\/es\/wp-json\/wp\/v2\/tags?post=71755"}],"curies":[{"name":"wp","href":"https:\/\/api.w.org\/{rel}","templated":true}]}}