{"id":717632,"date":"2026-08-18T08:31:07","date_gmt":"2026-08-18T08:31:07","guid":{"rendered":"https:\/\/www.europesays.com\/es\/717632\/"},"modified":"2026-08-18T08:31:07","modified_gmt":"2026-08-18T08:31:07","slug":"ultima-hora-de-la-entrada-de-inmigrantes-a-ceuta-en-directo-el-gobierno-apela-a-la-colaboracion-entre-administraciones-y-acusa-al-pp-de-acudir-a-ceuta-para-tensionar","status":"publish","type":"post","link":"https:\/\/www.europesays.com\/es\/717632\/","title":{"rendered":"\u00daltima hora de la entrada de inmigrantes a Ceuta, en directo | El Gobierno apela a la \u201ccolaboraci\u00f3n entre administraciones\u201d y acusa al PP de acudir a Ceuta para \u201ctensionar\u201d | Espa\u00f1a"},"content":{"rendered":"<p class=\"ev-title\">El Gobierno no descarta ampliar las 1.500 plazas de acogida temporal en Ceuta\u00a0<\/p>\n<p>La ministra de Inclusi\u00f3n, Seguridad Social y Migraciones, Elma Saiz, no descarta que las 1.500 nuevas plazas que se habilitar\u00e1n con la instalaci\u00f3n de cuatro nuevos dispositivos de atenci\u00f3n humanitaria en Ceuta, cuyos trabajos ya han comenzado, se puedan ampliar a 4.000. As\u00ed lo ha asegurado Saiz en declaraciones a la Cadena Ser al ser preguntada directamente si la nueva infraestructura podr\u00eda llegar a albergar hasta 4.000 plazas.<\/p>\n<p>\u201cEfectivamente\u201d, ha respondido la ministra y, aunque inmediatamente ha matizado que no quer\u00eda \u201cponer un techo\u201d, ha asegurado que \u201cen total pueden dar cabida a m\u00e1s plazas\u201d.<\/p>\n<p>Saiz ha asegurado no manejar los datos de cu\u00e1ntos migrantes, tanto adultos como menores, permanecen en Ceuta, <a href=\"https:\/\/elpais.com\/espana\/2026-08-13\/hasta-4000-menores-migrantes-siguen-en-las-calles-de-ceuta-tras-la-llegada-masiva-de-julio-segun-save-the-children.html\" target=\"_blank\" rel=\"nofollow noopener\">aunque ha dado la cifra de que se est\u00e1n repartiendo en torno a 4.000 kits alimentarios cada d\u00eda<\/a>.<\/p>\n<p>La ministra ha confirmado que ya ha comenzado el montaje de las instalaciones, que va a supervisar personalmente este martes, y ha confiado en que los trabajos van a avanzar r\u00e1pido. (Efe)<\/p>\n","protected":false},"excerpt":{"rendered":"El Gobierno no descarta ampliar las 1.500 plazas de acogida temporal en Ceuta\u00a0 La ministra de Inclusi\u00f3n, Seguridad&hellip;\n","protected":false},"author":2,"featured_media":717633,"comment_status":"","ping_status":"","sticky":false,"template":"","format":"standard","meta":{"footnotes":""},"categories":[8],"tags":[1161,6069,17,18,4486,25,24,13,14,14341,2069,14655,11,590,895,15398,628,19,20,4485,892,9,10,15,16,2959,956,23,12,21,22],"class_list":["post-717632","post","type-post","status-publish","format-standard","has-post-thumbnail","category-espana","tag-aeropuertos","tag-alberto-nunez-feijoo","tag-breaking-news","tag-breakingnews","tag-ceuta","tag-es","tag-espana","tag-featured-news","tag-featurednews","tag-fernando-grande-marlaska","tag-fronteras","tag-giorgia-meloni","tag-headlines","tag-inmigracion","tag-inmigracion-irregular","tag-inmigracion-irregular-espana","tag-italia","tag-latest-news","tag-latestnews","tag-marruecos","tag-migracion","tag-news","tag-noticias","tag-noticias-destacadas","tag-noticiasdestacadas","tag-pedro-sanchez","tag-pp","tag-spain","tag-titulares","tag-ultimas-noticias","tag-ultimasnoticias"],"share_on_mastodon":{"url":"","error":"Validation failed: Text character limit of 500 exceeded"},"_links":{"self":[{"href":"https:\/\/www.europesays.com\/es\/wp-json\/wp\/v2\/posts\/717632","targetHints":{"allow":["GET"]}}],"collection":[{"href":"https:\/\/www.europesays.com\/es\/wp-json\/wp\/v2\/posts"}],"about":[{"href":"https:\/\/www.europesays.com\/es\/wp-json\/wp\/v2\/types\/post"}],"author":[{"embeddable":true,"href":"https:\/\/www.europesays.com\/es\/wp-json\/wp\/v2\/users\/2"}],"replies":[{"embeddable":true,"href":"https:\/\/www.europesays.com\/es\/wp-json\/wp\/v2\/comments?post=717632"}],"version-history":[{"count":0,"href":"https:\/\/www.europesays.com\/es\/wp-json\/wp\/v2\/posts\/717632\/revisions"}],"wp:featuredmedia":[{"embeddable":true,"href":"https:\/\/www.europesays.com\/es\/wp-json\/wp\/v2\/media\/717633"}],"wp:attachment":[{"href":"https:\/\/www.europesays.com\/es\/wp-json\/wp\/v2\/media?parent=717632"}],"wp:term":[{"taxonomy":"category","embeddable":true,"href":"https:\/\/www.europesays.com\/es\/wp-json\/wp\/v2\/categories?post=717632"},{"taxonomy":"post_tag","embeddable":true,"href":"https:\/\/www.europesays.com\/es\/wp-json\/wp\/v2\/tags?post=717632"}],"curies":[{"name":"wp","href":"https:\/\/api.w.org\/{rel}","templated":true}]}}