{"id":717690,"date":"2026-08-18T09:17:15","date_gmt":"2026-08-18T09:17:15","guid":{"rendered":"https:\/\/www.europesays.com\/es\/717690\/"},"modified":"2026-08-18T09:17:15","modified_gmt":"2026-08-18T09:17:15","slug":"dos-detenidos-en-pamplona-por-agresion-sexual-a-otra-pasajera-en-un-autobus-de-linea","status":"publish","type":"post","link":"https:\/\/www.europesays.com\/es\/717690\/","title":{"rendered":"Dos detenidos en Pamplona por agresi\u00f3n sexual a otra pasajera en un autob\u00fas de l\u00ednea"},"content":{"rendered":"<p>\n        Agentes de la <strong>Polic\u00eda Foral<\/strong> han detenido en <a href=\"https:\/\/www.noticiasdenavarra.com\/tags\/pamplona\/\" title=\"Pamplona\" target=\"_blank\" class=\"link copy\" rel=\"nofollow noopener\">Pamplona <\/a>a <strong>dos varones<\/strong> como autores de una <strong>agresi\u00f3n sexual<\/strong> cometida contra una viajera durante un trayecto nocturno de <strong>autob\u00fas<\/strong> en una l\u00ednea regular. Ambos arrestados ya han ingresado en <strong>prisi\u00f3n provisional, comunicada y sin fianza<\/strong>.\n<\/p>\n<p class=\"article-body__text \">\n        Los hechos investigados por el Cuerpo auton\u00f3mico se produjeron en la madrugada del pasado <strong>viernes, d\u00eda 14 de agosto<\/strong>, en un trayecto cubierto por un autocar entre dos comunidades aut\u00f3nomas que tambi\u00e9n pasaba por <strong>Navarra<\/strong>.\n<\/p>\n<p>  En estado de shock<\/p>\n<p class=\"article-body__text \">\n        Seg\u00fan fuentes cercanas al caso, los dos varones, <strong>de origen argelino<\/strong>, comenzaron a molestar a una pasajera durante el viaje, a la que acabaron agrediendo sexualmente, con <strong>tocamientos y otras conductas constitutivas de il\u00edcito penal<\/strong>. La v\u00edctima, seg\u00fan estas mismas fuentes, qued\u00f3 <strong>paralizada y en estado de shock<\/strong>, sin poder reaccionar a lo que le estaba pasando.\n<\/p>\n<p class=\"article-body__text \">\n        Tras tener conocimiento de lo ocurrido, agentes de la <strong>Polic\u00eda Foral<\/strong> procedieron a la detenci\u00f3n de los dos varones sobre las <strong>6.00 horas del viernes<\/strong> en la <strong>estaci\u00f3n de autobuses de Pamplona<\/strong> y se hicieron cargo de la instrucci\u00f3n de las diligencias correspondientes, entre las que se incluy\u00f3 la <strong>recogida de muestras de ADN<\/strong> para su cotejo.\n<\/p>\n<p class=\"article-body__text \">\n        Los dos varones detenidos por la <a href=\"https:\/\/www.noticiasdenavarra.com\/tags\/policia-foral\/\" title=\"Polic\u00eda Foral\" target=\"_blank\" class=\"link copy\" rel=\"nofollow noopener\">Polic\u00eda Foral <\/a>fueron trasladados a dependencias de la <strong>comisar\u00eda central en Beloso Alto<\/strong>, donde permanecieron hasta su puesta a disposici\u00f3n judicial este pasado <strong>domingo<\/strong>. El <strong>juzgado de guardia<\/strong> decret\u00f3 su ingreso en <strong>prisi\u00f3n provisional, comunicada y sin fianza<\/strong> como supuestos autores de un delito de <strong>agresi\u00f3n sexual<\/strong>, una causa que ser\u00e1 instruida por un <strong>Juzgado de Violencia sobre la Mujer<\/strong>, competente para la investigaci\u00f3n de este tipo de delitos.<\/p>\n","protected":false},"excerpt":{"rendered":"Agentes de la Polic\u00eda Foral han detenido en Pamplona a dos varones como autores de una agresi\u00f3n sexual&hellip;\n","protected":false},"author":2,"featured_media":717691,"comment_status":"","ping_status":"","sticky":false,"template":"","format":"standard","meta":{"footnotes":""},"categories":[8],"tags":[11971,17,18,1562,25,24,13,14,11,19,20,9,10,15,16,1358,17341,9129,23,12,21,22],"class_list":["post-717690","post","type-post","status-publish","format-standard","has-post-thumbnail","category-espana","tag-agresion","tag-breaking-news","tag-breakingnews","tag-detenidos","tag-es","tag-espana","tag-featured-news","tag-featurednews","tag-headlines","tag-latest-news","tag-latestnews","tag-news","tag-noticias","tag-noticias-destacadas","tag-noticiasdestacadas","tag-pamplona","tag-pasajera","tag-sexual","tag-spain","tag-titulares","tag-ultimas-noticias","tag-ultimasnoticias"],"share_on_mastodon":{"url":"","error":""},"_links":{"self":[{"href":"https:\/\/www.europesays.com\/es\/wp-json\/wp\/v2\/posts\/717690","targetHints":{"allow":["GET"]}}],"collection":[{"href":"https:\/\/www.europesays.com\/es\/wp-json\/wp\/v2\/posts"}],"about":[{"href":"https:\/\/www.europesays.com\/es\/wp-json\/wp\/v2\/types\/post"}],"author":[{"embeddable":true,"href":"https:\/\/www.europesays.com\/es\/wp-json\/wp\/v2\/users\/2"}],"replies":[{"embeddable":true,"href":"https:\/\/www.europesays.com\/es\/wp-json\/wp\/v2\/comments?post=717690"}],"version-history":[{"count":0,"href":"https:\/\/www.europesays.com\/es\/wp-json\/wp\/v2\/posts\/717690\/revisions"}],"wp:featuredmedia":[{"embeddable":true,"href":"https:\/\/www.europesays.com\/es\/wp-json\/wp\/v2\/media\/717691"}],"wp:attachment":[{"href":"https:\/\/www.europesays.com\/es\/wp-json\/wp\/v2\/media?parent=717690"}],"wp:term":[{"taxonomy":"category","embeddable":true,"href":"https:\/\/www.europesays.com\/es\/wp-json\/wp\/v2\/categories?post=717690"},{"taxonomy":"post_tag","embeddable":true,"href":"https:\/\/www.europesays.com\/es\/wp-json\/wp\/v2\/tags?post=717690"}],"curies":[{"name":"wp","href":"https:\/\/api.w.org\/{rel}","templated":true}]}}