{"id":717738,"date":"2026-08-18T09:59:12","date_gmt":"2026-08-18T09:59:12","guid":{"rendered":"https:\/\/www.europesays.com\/es\/717738\/"},"modified":"2026-08-18T09:59:12","modified_gmt":"2026-08-18T09:59:12","slug":"pastora-soler-los-anos-dificiles-fueron-el-mayor-aprendizaje-de-mi-vida","status":"publish","type":"post","link":"https:\/\/www.europesays.com\/es\/717738\/","title":{"rendered":"Pastora Soler: \u00abLos a\u00f1os dif\u00edciles fueron el mayor aprendizaje de mi vida\u00bb"},"content":{"rendered":"<p>              <strong>TP<\/strong><\/p>\n<p>Los miedos forman parte de la vida. Algunos nos protegen. Otros nos paralizan. Y a veces aparecen cuando menos lo esperamos, justo cuando cre\u00edamos tenerlo todo bajo control. En este \u00faltimo programa de <strong>La hora inesperada<\/strong> cerramos nuestro recorrido por esos momentos que llegan sin avisar para hablar de una de las emociones m\u00e1s universales que existen: el miedo. Nuestra invitada es <strong>Pastora Soler<\/strong>, una artista acostumbrada a los grandes escenarios que tuvo que enfrentarse de repente a una realidad que nunca hab\u00eda imaginado: <strong>la ansiedad y el miedo esc\u00e9nico<\/strong>. Una conversaci\u00f3n sincera sobre la vulnerabilidad, la presi\u00f3n, la recuperaci\u00f3n y el regreso a los escenarios despu\u00e9s de atravesar uno de los momentos m\u00e1s dif\u00edciles de su carrera.<\/p>\n","protected":false},"excerpt":{"rendered":"TP Los miedos forman parte de la vida. Algunos nos protegen. Otros nos paralizan. Y a veces aparecen&hellip;\n","protected":false},"author":2,"featured_media":717739,"comment_status":"","ping_status":"","sticky":false,"template":"","format":"standard","meta":{"footnotes":""},"categories":[91],"tags":[146,147,25,24,125323,133,128467,1448,1986,1987,23],"class_list":["post-717738","post","type-post","status-publish","format-standard","has-post-thumbnail","category-entretenimiento","tag-entertainment","tag-entretenimiento","tag-es","tag-espana","tag-la-hora-inesperada","tag-online","tag-pastora-soler-los-anos-dificiles-fueron-el-mayor-aprendizaje-de-mi-vida","tag-radio","tag-rne","tag-rtve-play","tag-spain"],"share_on_mastodon":{"url":"https:\/\/pubeurope.com\/@es\/117115929581599232","error":""},"_links":{"self":[{"href":"https:\/\/www.europesays.com\/es\/wp-json\/wp\/v2\/posts\/717738","targetHints":{"allow":["GET"]}}],"collection":[{"href":"https:\/\/www.europesays.com\/es\/wp-json\/wp\/v2\/posts"}],"about":[{"href":"https:\/\/www.europesays.com\/es\/wp-json\/wp\/v2\/types\/post"}],"author":[{"embeddable":true,"href":"https:\/\/www.europesays.com\/es\/wp-json\/wp\/v2\/users\/2"}],"replies":[{"embeddable":true,"href":"https:\/\/www.europesays.com\/es\/wp-json\/wp\/v2\/comments?post=717738"}],"version-history":[{"count":0,"href":"https:\/\/www.europesays.com\/es\/wp-json\/wp\/v2\/posts\/717738\/revisions"}],"wp:featuredmedia":[{"embeddable":true,"href":"https:\/\/www.europesays.com\/es\/wp-json\/wp\/v2\/media\/717739"}],"wp:attachment":[{"href":"https:\/\/www.europesays.com\/es\/wp-json\/wp\/v2\/media?parent=717738"}],"wp:term":[{"taxonomy":"category","embeddable":true,"href":"https:\/\/www.europesays.com\/es\/wp-json\/wp\/v2\/categories?post=717738"},{"taxonomy":"post_tag","embeddable":true,"href":"https:\/\/www.europesays.com\/es\/wp-json\/wp\/v2\/tags?post=717738"}],"curies":[{"name":"wp","href":"https:\/\/api.w.org\/{rel}","templated":true}]}}