{"id":717832,"date":"2026-08-18T11:09:11","date_gmt":"2026-08-18T11:09:11","guid":{"rendered":"https:\/\/www.europesays.com\/es\/717832\/"},"modified":"2026-08-18T11:09:11","modified_gmt":"2026-08-18T11:09:11","slug":"amaia-salamanca-y-rosauro-varo-mas-complices-y-carinosos-que-nunca-durante-sus-vacaciones","status":"publish","type":"post","link":"https:\/\/www.europesays.com\/es\/717832\/","title":{"rendered":"Amaia Salamanca y Rosauro Varo, m\u00e1s c\u00f3mplices y cari\u00f1osos que nunca durante sus vacaciones"},"content":{"rendered":"<p><img decoding=\"async\" class=\"v-ath__i\" loading=\"lazy\" src=\"https:\/\/www.europesays.com\/es\/wp-content\/uploads\/2026\/08\/1787051351_357_autor-5497-foto-3.jpeg\" alt=\"Agencia Europa Press\"\/><\/p>\n<p>18\/08\/2026 a las 12:15h.<\/p>\n<p class=\"v-d-p\" style=\"\">Nueva cita para los amantes de la m\u00fasica en el Festival Starlite Occident de Marbella, que este lunes ha estado protagonizado por Taburete, uno de  &#8230; los grupos fieles al plan del verano por excelencia en la costa malague\u00f1a. Numerosos rostros conocidos no se han querido perder la cita, entre ellos Amaia Salamanca y Rosauro Varo, que dejando a un lado la discreci\u00f3n que siempre ha marcado su relaci\u00f3n se han mostrado mas cari\u00f1osos y c\u00f3mplices que nunca en su reaparici\u00f3n.(Fuente: Starlite Occident)<\/p>\n","protected":false},"excerpt":{"rendered":"18\/08\/2026 a las 12:15h. Nueva cita para los amantes de la m\u00fasica en el Festival Starlite Occident de&hellip;\n","protected":false},"author":2,"featured_media":717833,"comment_status":"","ping_status":"","sticky":false,"template":"","format":"standard","meta":{"footnotes":""},"categories":[91],"tags":[19674,128479,128478,4169,146,147,25,24,1050,128476,3614,23,2110,128477],"class_list":["post-717832","post","type-post","status-publish","format-standard","has-post-thumbnail","category-entretenimiento","tag-amaia","tag-cariosos","tag-cmplices","tag-durante","tag-entertainment","tag-entretenimiento","tag-es","tag-espana","tag-nunca","tag-rosauro","tag-salamanca","tag-spain","tag-vacaciones","tag-varo"],"share_on_mastodon":{"url":"","error":""},"_links":{"self":[{"href":"https:\/\/www.europesays.com\/es\/wp-json\/wp\/v2\/posts\/717832","targetHints":{"allow":["GET"]}}],"collection":[{"href":"https:\/\/www.europesays.com\/es\/wp-json\/wp\/v2\/posts"}],"about":[{"href":"https:\/\/www.europesays.com\/es\/wp-json\/wp\/v2\/types\/post"}],"author":[{"embeddable":true,"href":"https:\/\/www.europesays.com\/es\/wp-json\/wp\/v2\/users\/2"}],"replies":[{"embeddable":true,"href":"https:\/\/www.europesays.com\/es\/wp-json\/wp\/v2\/comments?post=717832"}],"version-history":[{"count":0,"href":"https:\/\/www.europesays.com\/es\/wp-json\/wp\/v2\/posts\/717832\/revisions"}],"wp:featuredmedia":[{"embeddable":true,"href":"https:\/\/www.europesays.com\/es\/wp-json\/wp\/v2\/media\/717833"}],"wp:attachment":[{"href":"https:\/\/www.europesays.com\/es\/wp-json\/wp\/v2\/media?parent=717832"}],"wp:term":[{"taxonomy":"category","embeddable":true,"href":"https:\/\/www.europesays.com\/es\/wp-json\/wp\/v2\/categories?post=717832"},{"taxonomy":"post_tag","embeddable":true,"href":"https:\/\/www.europesays.com\/es\/wp-json\/wp\/v2\/tags?post=717832"}],"curies":[{"name":"wp","href":"https:\/\/api.w.org\/{rel}","templated":true}]}}