{"id":717884,"date":"2026-08-18T11:50:12","date_gmt":"2026-08-18T11:50:12","guid":{"rendered":"https:\/\/www.europesays.com\/es\/717884\/"},"modified":"2026-08-18T11:50:12","modified_gmt":"2026-08-18T11:50:12","slug":"bullying-segundas-oportunidades-y-emociones-a-flor-de-piel-asi-sera-la-nueva-entrega-de-dog-house","status":"publish","type":"post","link":"https:\/\/www.europesays.com\/es\/717884\/","title":{"rendered":"Bullying, segundas oportunidades y emociones a flor de piel: as\u00ed ser\u00e1 la nueva entrega de \u00abDog House\u00bb"},"content":{"rendered":"<p><b>La noche de este martes 18 de agosto vuelve a vestirse de emotividad en <a title=\"La 1\" href=\"https:\/\/www.larazon.es\/tags\/rtve\/\" target=\"_blank\" rel=\"nofollow noopener\">La 1<\/a>. <\/b>El centro de adopci\u00f3n de <a title=\"&quot;Dog House&quot;\" href=\"https:\/\/www.larazon.es\/television\/1-estrena-esta-noche-segunda-temporada-dog-house-chenoa-frente_202607216a5f306ef172396e89eb6b41.html\" target=\"_blank\" rel=\"nofollow noopener\">\u00abDog House\u00bb<\/a> reabre sus puertas bajo la conducci\u00f3n de <a title=\"Chenoa\" href=\"https:\/\/www.larazon.es\/tags\/chenoa\/\" target=\"_blank\" rel=\"nofollow noopener\">Chenoa<\/a> para mostrar una nueva tanda de encuentros donde las historias personales de los visitantes terminan encontrando un reflejo sanador en la mirada de los animales. El formato de <a title=\"RTVE\" href=\"https:\/\/www.larazon.es\/tags\/rtve\/\" target=\"_blank\" rel=\"nofollow noopener\">RTVE<\/a> se adentra as\u00ed en un abanico de testimonios que van desde la superaci\u00f3n de traumas infantiles hasta el choque cultural de quienes empiezan de cero lejos de su tierra.<\/p>\n<p>Entre los momentos m\u00e1s impactantes de la noche destaca el testimonio de dos hermanas marcadas por el dolor. Una de ellas, v\u00edctima de acoso escolar en su infancia, establecer\u00e1 un v\u00ednculo de empat\u00eda inmediata con una perrita rescatada tras haber sufrido a\u00f1os de explotaci\u00f3n. En paralelo<b>, el programa mostrar\u00e1 la llegada de una madre y su hija emigradas desde Colombia, dispuestas a abrir de par en par las puertas de su nuevo hogar a un can con problemas de salud que necesita cuidados espec\u00edficos.<\/b><\/p>\n<p><b>El programa tambi\u00e9n reserva espacio para casos con cierto contrapunto c\u00f3mico y retos de convivencia.<\/b> Es el caso de una pareja que acude al centro con la dif\u00edcil misi\u00f3n de reanimar a su propio perro, de car\u00e1cter hura\u00f1o y ap\u00e1tico, buscando un compa\u00f1ero de cuatro patas que le devuelva la vitalidad. A este desaf\u00edo se sumar\u00e1 el dilema de otra pareja con preferencias completamente antag\u00f3nicas a la hora de elegir raza y tama\u00f1o, obligada a ponerse de acuerdo para no volver a casa con las manos vac\u00edas.<\/p>\n<p>La jornada no estar\u00e1 exenta de momentos delicados en el proceso de adaptaci\u00f3n. <b>Bajo un fuerte temporal que complicar\u00e1 la log\u00edstica del centro, los espectadores ser\u00e1n testigos del tenso encuentro de una familia con una perra con p\u00e1nico a cualquier est\u00edmulo exterior.<\/b> La n\u00f3mina de historias de la semana se completa con el ilusionante debut de una mujer madura que, tras toda una vida dese\u00e1ndolo, cumplir\u00e1 por fin el sue\u00f1o de integrar a su primer compa\u00f1ero canino en la rutina diaria.<\/p>\n","protected":false},"excerpt":{"rendered":"La noche de este martes 18 de agosto vuelve a vestirse de emotividad en La 1. El centro&hellip;\n","protected":false},"author":2,"featured_media":717885,"comment_status":"","ping_status":"","sticky":false,"template":"","format":"standard","meta":{"footnotes":""},"categories":[171],"tags":[17945,146,147,25,24,518,23,807,6056,214],"class_list":["post-717884","post","type-post","status-publish","format-standard","has-post-thumbnail","category-tv","tag-chenoa","tag-entertainment","tag-entretenimiento","tag-es","tag-espana","tag-rtve","tag-spain","tag-television","tag-television-espanola","tag-tv"],"share_on_mastodon":{"url":"https:\/\/pubeurope.com\/@es\/117116366322682512","error":""},"_links":{"self":[{"href":"https:\/\/www.europesays.com\/es\/wp-json\/wp\/v2\/posts\/717884","targetHints":{"allow":["GET"]}}],"collection":[{"href":"https:\/\/www.europesays.com\/es\/wp-json\/wp\/v2\/posts"}],"about":[{"href":"https:\/\/www.europesays.com\/es\/wp-json\/wp\/v2\/types\/post"}],"author":[{"embeddable":true,"href":"https:\/\/www.europesays.com\/es\/wp-json\/wp\/v2\/users\/2"}],"replies":[{"embeddable":true,"href":"https:\/\/www.europesays.com\/es\/wp-json\/wp\/v2\/comments?post=717884"}],"version-history":[{"count":0,"href":"https:\/\/www.europesays.com\/es\/wp-json\/wp\/v2\/posts\/717884\/revisions"}],"wp:featuredmedia":[{"embeddable":true,"href":"https:\/\/www.europesays.com\/es\/wp-json\/wp\/v2\/media\/717885"}],"wp:attachment":[{"href":"https:\/\/www.europesays.com\/es\/wp-json\/wp\/v2\/media?parent=717884"}],"wp:term":[{"taxonomy":"category","embeddable":true,"href":"https:\/\/www.europesays.com\/es\/wp-json\/wp\/v2\/categories?post=717884"},{"taxonomy":"post_tag","embeddable":true,"href":"https:\/\/www.europesays.com\/es\/wp-json\/wp\/v2\/tags?post=717884"}],"curies":[{"name":"wp","href":"https:\/\/api.w.org\/{rel}","templated":true}]}}