{"id":717996,"date":"2026-08-18T13:16:12","date_gmt":"2026-08-18T13:16:12","guid":{"rendered":"https:\/\/www.europesays.com\/es\/717996\/"},"modified":"2026-08-18T13:16:12","modified_gmt":"2026-08-18T13:16:12","slug":"el-calendario-de-comparecencias-de-los-ministros-sobre-ceuta","status":"publish","type":"post","link":"https:\/\/www.europesays.com\/es\/717996\/","title":{"rendered":"El calendario de comparecencias de los ministros sobre Ceuta"},"content":{"rendered":"<p>Siete ministros acudir\u00e1n al Congreso a petici\u00f3n propia para rendir cuentas con sendas comparecencias sobre su gesti\u00f3n ante la crisis migratoria en Ceuta. Lo har\u00e1n a finales de agosto, despu\u00e9s del par\u00f3n estival y casi un mes despu\u00e9s de la entrada masiva de inmigrantes que tuvo lugar el 30 de julio.<\/p>\n<p>Mientras, en el Senado, siguen a la espera pese a que el Partido Popular, con su mayor\u00eda absoluta, hab\u00eda solicitado que acudiesen tres ministros para explicar su gesti\u00f3n durante el mes de agosto. Ninguno de ellos ha acudido a la cita de la C\u00e1mara Alta porque el Gobierno considera que esto supondr\u00eda <a href=\"https:\/\/www.newtral.es\/conlicto-senado-gobierno-comparecencia-ministros-crisis-ceuta\/20260811\/\" rel=\"nofollow noopener\" target=\"_blank\">una \u201cduplicidad\u201d<\/a> y que el Congreso deber\u00eda primar como c\u00e1mara constitucionalmente prevalente.<\/p>\n<ul class=\"wp-block-list\">\n<li><strong>Nuevo choque.<\/strong> El presidente del Senado, Pedro Roll\u00e1n, remiti\u00f3 una carta a los ministros Albares, Grande-Marlaska y Robles advirti\u00e9ndoles de que, si no comparec\u00edan, \u201cpodr\u00e1 dar lugar a la adopci\u00f3n de las medidas que procedan por parte de los \u00f3rganos de la C\u00e1mara\u201d.<\/li>\n<\/ul>\n<p><strong>Calendario de comparecencias en el Congreso<\/strong><\/p>\n<p><strong>25 de agosto.<\/strong> La ministra de Defensa, Margarita Robles, abrir\u00e1 la semana de comparecencias ante la crisis migratoria en Ceuta en su respectiva comisi\u00f3n, seg\u00fan <a href=\"https:\/\/efe.com\/espana\/2026-08-07\/cuatro-ministros-comparecen-agosto-congreso-ceuta\/\" rel=\"nofollow noopener\" target=\"_blank\">informa<\/a> EFE.<\/p>\n<p><strong>27 de agosto.<\/strong> El titular de la Presidencia, Justicia y Relaciones con las Cortes, F\u00e9lix Bola\u00f1os, informar\u00e1 en la comisi\u00f3n mixta de Seguridad Nacional. Tambi\u00e9n har\u00e1 lo propio la ministra de Sanidad, M\u00f3nica Garc\u00eda, en la comisi\u00f3n de su ramo para dar explicaciones acerca de la actividad llevada a cabo por su departamento.<\/p>\n<p><strong>28 de agosto.<\/strong> El ministro de Asuntos Exteriores, Jos\u00e9 Manuel Albares; el ministro del Interior, Fernando Grande-Marlaska; y la ministra Inclusi\u00f3n, Seguridad Social y Migraciones, Elma Saiz, desfilar\u00e1n el pr\u00f3ximo viernes en sus respectivas comisiones.<\/p>\n<ul class=\"wp-block-list\">\n<li>La ministra de Juventud e Infancia, Sira Rego, tambi\u00e9n ha pedido comparecer en esos d\u00edas, pero a\u00fan se desconoce cu\u00e1ndo lo har\u00e1, seg\u00fan <a href=\"https:\/\/elpais.com\/espana\/2026-08-17\/tres-nuevas-ministras-piden-comparecer-en-el-congreso-por-ceuta-y-se-suman-a-los-cuatro-ya-previstos.html\" rel=\"nofollow noopener\" target=\"_blank\">publica<\/a> El Pa\u00eds. Rego informar\u00eda sobre el trabajo desarrollado por su departamento en relaci\u00f3n con la protecci\u00f3n de los derechos de los ni\u00f1os, de las ni\u00f1as y de los adolescentes no acompa\u00f1ados en Ceuta.<\/li>\n<\/ul>\n<p><strong>El Senado pidi\u00f3 las comparecencias de tres ministros para que explicasen su gesti\u00f3n en Ceuta<\/strong><\/p>\n<p><strong>12 de agosto.<\/strong> El ministro del Interior fue convocado para rendir cuentas sobre \u201clas competencias que le corresponden en materia de seguridad ciudadana, el mando superior y la direcci\u00f3n y la coordinaci\u00f3n de las Fuerzas y Cuerpos de Seguridad del Estado\u201d, pero eludi\u00f3 la llamada.<\/p>\n<ul class=\"wp-block-list\">\n<li>Grande-Marlaska <a href=\"https:\/\/www.senado.es\/web\/actividadparlamentaria\/sesionescomision\/detallecomisiones\/sesionescomision\/proximasesion\/index.html?id=S011010&amp;legis=15&amp;idConv=1&amp;idSes=37&amp;author=S\" rel=\"nofollow noopener\" target=\"_blank\">est\u00e1 llamado<\/a> de nuevo ante la comisi\u00f3n de Interior del Senado para <strong>el 20 de agosto<\/strong>.<\/li>\n<\/ul>\n<p><strong>13 de agosto \/ 18 de agosto.<\/strong> La C\u00e1mara Alta solicit\u00f3 la comparecencia de la ministra de Defensa para el 13 de agosto, pero la retras\u00f3 despu\u00e9s hasta el 18, con el objetivo de explicar \u201cla misi\u00f3n encomendada a las Fuerzas Armadas en el marco de la crisis ocasionada por la invasi\u00f3n de inmigrantes ocurrida en Ceuta\u201d. Robles tampoco acudi\u00f3 a la cita con la comisi\u00f3n de Defensa.<\/p>\n<p><strong>17 de agosto.<\/strong> El ministro Albares no asisti\u00f3 a esta sesi\u00f3n extraordinaria de la comisi\u00f3n de Asuntos Exteriores del Senado para informar de \u201cla Acci\u00f3n Exterior del Estado en el marco de la crisis ocasionada por la invasi\u00f3n de inmigrantes ocurrida en Ceuta\u201d.<\/p>\n","protected":false},"excerpt":{"rendered":"Siete ministros acudir\u00e1n al Congreso a petici\u00f3n propia para rendir cuentas con sendas comparecencias sobre su gesti\u00f3n ante&hellip;\n","protected":false},"author":2,"featured_media":717997,"comment_status":"","ping_status":"","sticky":false,"template":"","format":"standard","meta":{"footnotes":""},"categories":[8],"tags":[17,18,4486,14892,25,24,13,14,11,895,19,20,9,10,15,16,6912,23,12,21,22],"class_list":["post-717996","post","type-post","status-publish","format-standard","has-post-thumbnail","category-espana","tag-breaking-news","tag-breakingnews","tag-ceuta","tag-congreso-de-los-diputados","tag-es","tag-espana","tag-featured-news","tag-featurednews","tag-headlines","tag-inmigracion-irregular","tag-latest-news","tag-latestnews","tag-news","tag-noticias","tag-noticias-destacadas","tag-noticiasdestacadas","tag-senado","tag-spain","tag-titulares","tag-ultimas-noticias","tag-ultimasnoticias"],"share_on_mastodon":{"url":"https:\/\/pubeurope.com\/@es\/117116704440368560","error":""},"_links":{"self":[{"href":"https:\/\/www.europesays.com\/es\/wp-json\/wp\/v2\/posts\/717996","targetHints":{"allow":["GET"]}}],"collection":[{"href":"https:\/\/www.europesays.com\/es\/wp-json\/wp\/v2\/posts"}],"about":[{"href":"https:\/\/www.europesays.com\/es\/wp-json\/wp\/v2\/types\/post"}],"author":[{"embeddable":true,"href":"https:\/\/www.europesays.com\/es\/wp-json\/wp\/v2\/users\/2"}],"replies":[{"embeddable":true,"href":"https:\/\/www.europesays.com\/es\/wp-json\/wp\/v2\/comments?post=717996"}],"version-history":[{"count":0,"href":"https:\/\/www.europesays.com\/es\/wp-json\/wp\/v2\/posts\/717996\/revisions"}],"wp:featuredmedia":[{"embeddable":true,"href":"https:\/\/www.europesays.com\/es\/wp-json\/wp\/v2\/media\/717997"}],"wp:attachment":[{"href":"https:\/\/www.europesays.com\/es\/wp-json\/wp\/v2\/media?parent=717996"}],"wp:term":[{"taxonomy":"category","embeddable":true,"href":"https:\/\/www.europesays.com\/es\/wp-json\/wp\/v2\/categories?post=717996"},{"taxonomy":"post_tag","embeddable":true,"href":"https:\/\/www.europesays.com\/es\/wp-json\/wp\/v2\/tags?post=717996"}],"curies":[{"name":"wp","href":"https:\/\/api.w.org\/{rel}","templated":true}]}}